{"id":27997,"date":"2023-08-02T11:42:35","date_gmt":"2023-08-02T14:42:35","guid":{"rendered":"https:\/\/wpa.wscom.com.br\/?p=915404"},"modified":"2023-08-02T11:42:35","modified_gmt":"2023-08-02T14:42:35","slug":"goleiro-buffon-anuncia-aposentadoria-aos-45-anos","status":"publish","type":"post","link":"https:\/\/sindaopcpb.org.br\/index.php\/2023\/08\/02\/goleiro-buffon-anuncia-aposentadoria-aos-45-anos\/","title":{"rendered":"Goleiro Buffon anuncia aposentadoria aos 45 anos"},"content":{"rendered":"<p>Campe\u00e3o do mundo em 2006 com a It\u00e1lia e \u00eddolo da Juventus, o goleiro Gianluigi <strong>Buffon<\/strong> anunciou nesta quarta-feira sua aposentadoria do futebol aos 45 anos de idade. Ele atuou pelo Parma, clube que o revelou, nas \u00faltimas duas temporadas.<\/p>\n<p>Al\u00e9m da Copa conquistada, Buffon defendeu a sele\u00e7\u00e3o italiana em 1998, 2002, 2010 e 2014. Ele poderia se tornar o \u00fanico jogador a atuar em seis edi\u00e7\u00f5es, mas a Azzurra n\u00e3o se classificou para as duas \u00faltimas, na R\u00fassia e no Catar.<\/p>\n<p>O goleiro encerra a carreira com 1151 partidas disputadas. Foram 685 pela Juventus, clube onde ficou durante 19 temporadas, 265 pelo Parma, 25 pelo Paris Saint-Germain, onde teve breve passagem em 2018\/19, e 176 pela It\u00e1lia.<\/p>\n<p>O post <a rel=\"nofollow noopener\" href=\"https:\/\/wscom.com.br\/goleiro-buffon-anuncia-aposentadoria-aos-45-anos\/\" target=\"_blank\">Goleiro Buffon anuncia aposentadoria aos 45 anos<\/a> apareceu primeiro em <a rel=\"nofollow noopener\" href=\"https:\/\/wscom.com.br\/\" target=\"_blank\">WSCOM<\/a>.<\/p>\n","protected":false},"excerpt":{"rendered":"<p>Campe\u00e3o do mundo em 2006 com a It\u00e1lia e \u00eddolo da Juventus, o goleiro Gianluigi Buffon anunciou nesta quarta-feira sua aposentadoria do futebol aos 45 anos de idade. Ele atuou pelo Parma, clube que o revelou, nas \u00faltimas duas temporadas. Al\u00e9m da Copa conquistada, Buffon defendeu a sele\u00e7\u00e3o italiana em 1998, 2002, 2010 e 2014. [\u2026]<\/p>\n<p>O post <a rel=\"nofollow\" href=\"https:\/\/wscom.com.br\/goleiro-buffon-anuncia-aposentadoria-aos-45-anos\/\">Goleiro Buffon anuncia aposentadoria aos 45 anos<\/a> apareceu primeiro em <a rel=\"nofollow\" href=\"https:\/\/wscom.com.br\/\">WSCOM<\/a>.<\/p>\n","protected":false},"author":50,"featured_media":0,"comment_status":"closed","ping_status":"closed","sticky":false,"template":"","format":"standard","meta":{"advgb_blocks_editor_width":"","advgb_blocks_columns_visual_guide":"","footnotes":""},"categories":[7250,79,34,7251],"tags":[35],"class_list":["post-27997","post","type-post","status-publish","format-standard","hentry","category-buffon","category-futebol","category-g1","category-goleiro","tag-g1"],"author_meta":{"display_name":"Wallyson","author_link":"https:\/\/sindaopcpb.org.br\/author\/wallyson\/"},"featured_img":null,"coauthors":[],"tax_additional":{"categories":{"linked":["<a href=\"https:\/\/sindaopcpb.org.br\/buffon\/\" class=\"advgb-post-tax-term\">buffon<\/a>","<a href=\"https:\/\/sindaopcpb.org.br\/futebol\/\" class=\"advgb-post-tax-term\">Futebol<\/a>","<a href=\"https:\/\/sindaopcpb.org.br\/g1\/\" class=\"advgb-post-tax-term\">G1<\/a>","<a href=\"https:\/\/sindaopcpb.org.br\/goleiro\/\" class=\"advgb-post-tax-term\">Goleiro<\/a>"],"unlinked":["<span class=\"advgb-post-tax-term\">buffon<\/span>","<span class=\"advgb-post-tax-term\">Futebol<\/span>","<span class=\"advgb-post-tax-term\">G1<\/span>","<span class=\"advgb-post-tax-term\">Goleiro<\/span>"]},"tags":{"linked":["<a href=\"https:\/\/sindaopcpb.org.br\/goleiro\/\" class=\"advgb-post-tax-term\">g1<\/a>"],"unlinked":["<span class=\"advgb-post-tax-term\">g1<\/span>"]}},"comment_count":"0","relative_dates":{"created":"Publicado 3 anos atr\u00e1s","modified":"Atualizado 3 anos atr\u00e1s"},"absolute_dates":{"created":"Publicado em 2 de agosto de 2023","modified":"Atualizado em 2 de agosto de 2023"},"absolute_dates_time":{"created":"Publicado em 2 de agosto de 2023 11:42","modified":"Atualizado em 2 de agosto de 2023 11:42"},"featured_img_caption":"","series_order":"","_links":{"self":[{"href":"https:\/\/sindaopcpb.org.br\/index.php\/wp-json\/wp\/v2\/posts\/27997","targetHints":{"allow":["GET"]}}],"collection":[{"href":"https:\/\/sindaopcpb.org.br\/index.php\/wp-json\/wp\/v2\/posts"}],"about":[{"href":"https:\/\/sindaopcpb.org.br\/index.php\/wp-json\/wp\/v2\/types\/post"}],"author":[{"embeddable":true,"href":"https:\/\/sindaopcpb.org.br\/index.php\/wp-json\/wp\/v2\/users\/50"}],"replies":[{"embeddable":true,"href":"https:\/\/sindaopcpb.org.br\/index.php\/wp-json\/wp\/v2\/comments?post=27997"}],"version-history":[{"count":1,"href":"https:\/\/sindaopcpb.org.br\/index.php\/wp-json\/wp\/v2\/posts\/27997\/revisions"}],"predecessor-version":[{"id":27998,"href":"https:\/\/sindaopcpb.org.br\/index.php\/wp-json\/wp\/v2\/posts\/27997\/revisions\/27998"}],"wp:attachment":[{"href":"https:\/\/sindaopcpb.org.br\/index.php\/wp-json\/wp\/v2\/media?parent=27997"}],"wp:term":[{"taxonomy":"category","embeddable":true,"href":"https:\/\/sindaopcpb.org.br\/index.php\/wp-json\/wp\/v2\/categories?post=27997"},{"taxonomy":"post_tag","embeddable":true,"href":"https:\/\/sindaopcpb.org.br\/index.php\/wp-json\/wp\/v2\/tags?post=27997"}],"curies":[{"name":"wp","href":"https:\/\/api.w.org\/{rel}","templated":true}]}}