{"id":27987,"date":"2023-08-02T11:42:11","date_gmt":"2023-08-02T14:42:11","guid":{"rendered":"https:\/\/www.infomoney.com.br\/?p=2203594"},"modified":"2023-08-02T11:42:11","modified_gmt":"2023-08-02T14:42:11","slug":"tse-publica-decisao-que-tornou-bolsonaro-inelegivel-por-oito-anos-2","status":"publish","type":"post","link":"https:\/\/sindaopcpb.org.br\/index.php\/2023\/08\/02\/tse-publica-decisao-que-tornou-bolsonaro-inelegivel-por-oito-anos-2\/","title":{"rendered":"TSE publica decis\u00e3o que tornou Bolsonaro ineleg\u00edvel por oito anos"},"content":{"rendered":"<p><img loading=\"lazy\" width=\"300\" height=\"179\" src=\"https:\/\/www.infomoney.com.br\/wp-content\/uploads\/2022\/08\/08-10-2020_tse.jpg?fit=300%2C179&amp;quality=70&amp;strip=all\" class=\"attachment-medium size-medium wp-post-image\" alt=\"\" decoding=\"async\" style=\"float:right; margin:0 0 10px 10px;\" srcset=\"https:\/\/www.infomoney.com.br\/wp-content\/uploads\/2022\/08\/08-10-2020_tse.jpg?w=1170&amp;quality=70&amp;strip=all 1170w, https:\/\/www.infomoney.com.br\/wp-content\/uploads\/2022\/08\/08-10-2020_tse.jpg?w=300&amp;quality=70&amp;strip=all 300w, https:\/\/www.infomoney.com.br\/wp-content\/uploads\/2022\/08\/08-10-2020_tse.jpg?w=768&amp;quality=70&amp;strip=all 768w, https:\/\/www.infomoney.com.br\/wp-content\/uploads\/2022\/08\/08-10-2020_tse.jpg?w=150&amp;quality=70&amp;strip=all 150w\" sizes=\"auto, (max-width: 300px) 100vw, 300px\" data-attachment-id=\"1918553\" data-permalink=\"https:\/\/www.infomoney.com.br\/politica\/tse-volta-atras-e-decide-divulgar-informacoes-detalhadas-sobre-bens-de-candidatos\/attachment\/edificio-sede-do-tribunal-superior-eleitoral-tse\/\" data-orig-file=\"https:\/\/www.infomoney.com.br\/wp-content\/uploads\/2022\/08\/08-10-2020_tse.jpg?fit=1170%2C700&amp;quality=70&amp;strip=all\" data-orig-size=\"1170,700\" data-comments-opened=\"0\" data-image-meta=\"{&quot;aperture&quot;:&quot;2.8&quot;,&quot;credit&quot;:&quot;Marcelo Camargo\\\/Ag\\u00eancia Brasil&quot;,&quot;camera&quot;:&quot;Canon EOS-1D X&quot;,&quot;caption&quot;:&quot;Edif\\u00edcio sede do Tribunal Superior Eleitoral (TSE).&quot;,&quot;created_timestamp&quot;:&quot;1602170978&quot;,&quot;copyright&quot;:&quot;Agencia Brasil&quot;,&quot;focal_length&quot;:&quot;23&quot;,&quot;iso&quot;:&quot;320&quot;,&quot;shutter_speed&quot;:&quot;0.000125&quot;,&quot;title&quot;:&quot;Edif\\u00edcio sede do Tribunal Superior Eleitoral (TSE).&quot;,&quot;orientation&quot;:&quot;0&quot;}\" data-image-title=\"Sede do TSE em Bras\u00edlia\" data-image-description=\"\" data-image-caption=\"&lt;p&gt;Edif\u00edcio sede do Tribunal Superior Eleitoral (TSE) em Bras\u00edlia (Foto: Marcelo Camargo\/Ag\u00eancia Brasil)&lt;\/p&gt;\n\" data-medium-file=\"https:\/\/www.infomoney.com.br\/wp-content\/uploads\/2022\/08\/08-10-2020_tse.jpg?fit=300%2C179&amp;quality=70&amp;strip=all\" data-large-file=\"https:\/\/www.infomoney.com.br\/wp-content\/uploads\/2022\/08\/08-10-2020_tse.jpg?fit=1170%2C700&amp;quality=70&amp;strip=all\" title=\"\"><\/p>\n<p>O Tribunal Superior Eleitoral (TSE) publicou, nesta ter\u00e7a-feira (1\u00b0), o ac\u00f3rd\u00e3o da decis\u00e3o que condenou o ex-presidente Jair Bolsonaro \u00e0 <a href=\"https:\/\/www.infomoney.com.br\/politica\/tse-forma-maioria-e-torna-bolsonaro-inelegivel-ate-2030-por-abuso-de-poder-politico-em-reuniao-com-embaixadores\/\" rel=\"nofollow noopener\" target=\"_blank\">inelegibilidade pelo per\u00edodo de oito anos<\/a>. A decis\u00e3o foi proferida em sess\u00e3o no dia 30 de junho.<\/p>\n<p>O documento tem 433 p\u00e1ginas e re\u00fane a \u00edntegra do julgamento, incluindo os votos dos ministros e as fundamenta\u00e7\u00f5es que levaram ao resultado do julgamento.<\/p>\n<h2><strong>Recursos<\/strong><\/h2>\n<p>Com a publica\u00e7\u00e3o do ac\u00f3rd\u00e3o, a defesa de Bolsonaro poder\u00e1 entrar com recursos para tentar questionar trechos da decis\u00e3o.<\/p>\n<p>Os advogados podem recorrer ao pr\u00f3prio TSE e ao Supremo Tribunal Federal (STF). Tr\u00eas dos sete ministros do TSE tamb\u00e9m fazem parte do STF e podem participar do julgamento de eventual recurso.<\/p>\n<p>Pelas regras internas da Corte, os ministros que atuam no tribunal eleitoral n\u00e3o ficam impedidos automaticamente de julgar quest\u00f5es constitucionais em processos oriundos do TSE.<\/p>\n<p>The post <a rel=\"nofollow noopener\" href=\"https:\/\/www.infomoney.com.br\/politica\/tse-publica-decisao-que-tornou-bolsonaro-inelegivel-por-oito-anos\/\" target=\"_blank\">TSE publica decis\u00e3o que tornou Bolsonaro ineleg\u00edvel por oito anos<\/a> appeared first on <a rel=\"nofollow noopener\" href=\"https:\/\/www.infomoney.com.br\/\" target=\"_blank\">InfoMoney<\/a>.<\/p>\n","protected":false},"excerpt":{"rendered":"<p><img loading=\"lazy\" decoding=\"async\" width=\"300\" height=\"179\" src=\"https:\/\/www.infomoney.com.br\/wp-content\/uploads\/2022\/08\/08-10-2020_tse.jpg?fit=300%2C179&amp;quality=70&amp;strip=all\" class=\"attachment-medium size-medium wp-post-image\" alt=\"\" data-attachment-id=\"1918553\" data-permalink=\"https:\/\/www.infomoney.com.br\/politica\/tse-volta-atras-e-decide-divulgar-informacoes-detalhadas-sobre-bens-de-candidatos\/attachment\/edificio-sede-do-tribunal-superior-eleitoral-tse\/\" data-orig-file=\"https:\/\/www.infomoney.com.br\/wp-content\/uploads\/2022\/08\/08-10-2020_tse.jpg?fit=1170%2C700&amp;quality=70&amp;strip=all\" data-orig-size=\"1170,700\" data-comments-opened=\"0\" data-image-meta='{\"aperture\":\"2.8\",\"credit\":\"Marcelo Camargo\\\/Ag\\u00eancia Brasil\",\"camera\":\"Canon EOS-1D X\",\"caption\":\"Edif\\u00edcio sede do Tribunal Superior Eleitoral (TSE).\",\"created_timestamp\":\"1602170978\",\"copyright\":\"Agencia Brasil\",\"focal_length\":\"23\",\"iso\":\"320\",\"shutter_speed\":\"0.000125\",\"title\":\"Edif\\u00edcio sede do Tribunal Superior Eleitoral (TSE).\",\"orientation\":\"0\"}' data-image-title=\"Sede do TSE em Bras\u00edlia\" data-image-description=\"\" data-image-caption=\"&lt;p&gt;Edif\u00edcio sede do Tribunal Superior Eleitoral (TSE) em Bras\u00edlia (Foto: Marcelo Camargo\/Ag\u00eancia Brasil)&lt;\/p&gt;\n\" data-medium-file=\"https:\/\/www.infomoney.com.br\/wp-content\/uploads\/2022\/08\/08-10-2020_tse.jpg?fit=300%2C179&amp;quality=70&amp;strip=all\" data-large-file=\"https:\/\/www.infomoney.com.br\/wp-content\/uploads\/2022\/08\/08-10-2020_tse.jpg?fit=1170%2C700&amp;quality=70&amp;strip=all\">A partir de agora, defesa do ex-presidente poder\u00e1 entrar com recurso<\/p>\n<p>The post <a rel=\"nofollow\" href=\"https:\/\/www.infomoney.com.br\/politica\/tse-publica-decisao-que-tornou-bolsonaro-inelegivel-por-oito-anos\/\">TSE publica decis\u00e3o que tornou Bolsonaro ineleg\u00edvel por oito anos<\/a> appeared first on <a rel=\"nofollow\" href=\"https:\/\/www.infomoney.com.br\/\">InfoMoney<\/a>.<\/p>\n","protected":false},"author":44,"featured_media":0,"comment_status":"closed","ping_status":"closed","sticky":false,"template":"","format":"standard","meta":{"advgb_blocks_editor_width":"","advgb_blocks_columns_visual_guide":"","footnotes":""},"categories":[34,135,2841,47,464],"tags":[35],"class_list":["post-27987","post","type-post","status-publish","format-standard","hentry","category-g1","category-jair-bolsonaro","category-justica-eleitoral","category-politica","category-tse","tag-g1"],"author_meta":{"display_name":"Ag\u00eancia Brasil","author_link":"https:\/\/sindaopcpb.org.br\/author\/agencia-brasil\/"},"featured_img":null,"coauthors":[],"tax_additional":{"categories":{"linked":["<a href=\"https:\/\/sindaopcpb.org.br\/g1\/\" class=\"advgb-post-tax-term\">G1<\/a>","<a href=\"https:\/\/sindaopcpb.org.br\/jair-bolsonaro\/\" class=\"advgb-post-tax-term\">Jair Bolsonaro<\/a>","<a href=\"https:\/\/sindaopcpb.org.br\/justica-eleitoral\/\" class=\"advgb-post-tax-term\">Justi\u00e7a Eleitoral<\/a>","<a href=\"https:\/\/sindaopcpb.org.br\/politica\/\" class=\"advgb-post-tax-term\">POLITICA<\/a>","<a href=\"https:\/\/sindaopcpb.org.br\/tse\/\" class=\"advgb-post-tax-term\">TSE<\/a>"],"unlinked":["<span class=\"advgb-post-tax-term\">G1<\/span>","<span class=\"advgb-post-tax-term\">Jair Bolsonaro<\/span>","<span class=\"advgb-post-tax-term\">Justi\u00e7a Eleitoral<\/span>","<span class=\"advgb-post-tax-term\">POLITICA<\/span>","<span class=\"advgb-post-tax-term\">TSE<\/span>"]},"tags":{"linked":["<a href=\"https:\/\/sindaopcpb.org.br\/tse\/\" class=\"advgb-post-tax-term\">g1<\/a>"],"unlinked":["<span class=\"advgb-post-tax-term\">g1<\/span>"]}},"comment_count":"0","relative_dates":{"created":"Publicado 3 anos atr\u00e1s","modified":"Atualizado 3 anos atr\u00e1s"},"absolute_dates":{"created":"Publicado em 2 de agosto de 2023","modified":"Atualizado em 2 de agosto de 2023"},"absolute_dates_time":{"created":"Publicado em 2 de agosto de 2023 11:42","modified":"Atualizado em 2 de agosto de 2023 11:42"},"featured_img_caption":"","series_order":"","_links":{"self":[{"href":"https:\/\/sindaopcpb.org.br\/index.php\/wp-json\/wp\/v2\/posts\/27987","targetHints":{"allow":["GET"]}}],"collection":[{"href":"https:\/\/sindaopcpb.org.br\/index.php\/wp-json\/wp\/v2\/posts"}],"about":[{"href":"https:\/\/sindaopcpb.org.br\/index.php\/wp-json\/wp\/v2\/types\/post"}],"author":[{"embeddable":true,"href":"https:\/\/sindaopcpb.org.br\/index.php\/wp-json\/wp\/v2\/users\/44"}],"replies":[{"embeddable":true,"href":"https:\/\/sindaopcpb.org.br\/index.php\/wp-json\/wp\/v2\/comments?post=27987"}],"version-history":[{"count":2,"href":"https:\/\/sindaopcpb.org.br\/index.php\/wp-json\/wp\/v2\/posts\/27987\/revisions"}],"predecessor-version":[{"id":28033,"href":"https:\/\/sindaopcpb.org.br\/index.php\/wp-json\/wp\/v2\/posts\/27987\/revisions\/28033"}],"wp:attachment":[{"href":"https:\/\/sindaopcpb.org.br\/index.php\/wp-json\/wp\/v2\/media?parent=27987"}],"wp:term":[{"taxonomy":"category","embeddable":true,"href":"https:\/\/sindaopcpb.org.br\/index.php\/wp-json\/wp\/v2\/categories?post=27987"},{"taxonomy":"post_tag","embeddable":true,"href":"https:\/\/sindaopcpb.org.br\/index.php\/wp-json\/wp\/v2\/tags?post=27987"}],"curies":[{"name":"wp","href":"https:\/\/api.w.org\/{rel}","templated":true}]}}