{"id":27985,"date":"2023-08-02T11:49:51","date_gmt":"2023-08-02T14:49:51","guid":{"rendered":"https:\/\/www.infomoney.com.br\/?p=2203569"},"modified":"2023-08-02T11:49:51","modified_gmt":"2023-08-02T14:49:51","slug":"haddad-diz-que-selic-certamente-comeca-a-cair-hoje-ninguem-espera-manutencao-da-taxa","status":"publish","type":"post","link":"https:\/\/sindaopcpb.org.br\/index.php\/2023\/08\/02\/haddad-diz-que-selic-certamente-comeca-a-cair-hoje-ninguem-espera-manutencao-da-taxa\/","title":{"rendered":"Haddad diz que Selic \u201ccertamente\u201d come\u00e7a a cair hoje: \u201cNingu\u00e9m espera manuten\u00e7\u00e3o da taxa\u201d"},"content":{"rendered":"<p><img loading=\"lazy\" width=\"300\" height=\"200\" src=\"https:\/\/www.infomoney.com.br\/wp-content\/uploads\/2023\/07\/52953252127_0a3cbd6275_c.jpg?fit=300%2C200&amp;quality=70&amp;strip=all\" class=\"attachment-medium size-medium wp-post-image\" alt=\"\" decoding=\"async\" style=\"float:right; margin:0 0 10px 10px;\" srcset=\"https:\/\/www.infomoney.com.br\/wp-content\/uploads\/2023\/07\/52953252127_0a3cbd6275_c.jpg?w=799&amp;quality=70&amp;strip=all 799w, https:\/\/www.infomoney.com.br\/wp-content\/uploads\/2023\/07\/52953252127_0a3cbd6275_c.jpg?w=300&amp;quality=70&amp;strip=all 300w, https:\/\/www.infomoney.com.br\/wp-content\/uploads\/2023\/07\/52953252127_0a3cbd6275_c.jpg?w=768&amp;quality=70&amp;strip=all 768w, https:\/\/www.infomoney.com.br\/wp-content\/uploads\/2023\/07\/52953252127_0a3cbd6275_c.jpg?w=150&amp;quality=70&amp;strip=all 150w\" sizes=\"auto, (max-width: 300px) 100vw, 300px\" data-attachment-id=\"2192902\" data-permalink=\"https:\/\/www.infomoney.com.br\/politica\/haddad-prega-cautela-com-mudancas-no-ir-e-diz-que-etapas-da-reforma-tributaria-devem-ser-neutras\/attachment\/52953252127_0a3cbd6275_c\/\" data-orig-file=\"https:\/\/www.infomoney.com.br\/wp-content\/uploads\/2023\/07\/52953252127_0a3cbd6275_c.jpg?fit=799%2C533&amp;quality=70&amp;strip=all\" data-orig-size=\"799,533\" data-comments-opened=\"0\" data-image-meta=\"{&quot;aperture&quot;:&quot;0&quot;,&quot;credit&quot;:&quot;&quot;,&quot;camera&quot;:&quot;&quot;,&quot;caption&quot;:&quot;&quot;,&quot;created_timestamp&quot;:&quot;0&quot;,&quot;copyright&quot;:&quot;&quot;,&quot;focal_length&quot;:&quot;0&quot;,&quot;iso&quot;:&quot;0&quot;,&quot;shutter_speed&quot;:&quot;0&quot;,&quot;title&quot;:&quot;&quot;,&quot;orientation&quot;:&quot;0&quot;}\" data-image-title=\"Fernando Haddad\" data-image-description=\"\" data-image-caption=\"&lt;p&gt;O ministro da Fazenda, Fernando Haddad (PT) em entrevista coletiva (Foto: Fotos: Diogo Zacarias)&lt;\/p&gt;\n\" data-medium-file=\"https:\/\/www.infomoney.com.br\/wp-content\/uploads\/2023\/07\/52953252127_0a3cbd6275_c.jpg?fit=300%2C200&amp;quality=70&amp;strip=all\" data-large-file=\"https:\/\/www.infomoney.com.br\/wp-content\/uploads\/2023\/07\/52953252127_0a3cbd6275_c.jpg?fit=799%2C533&amp;quality=70&amp;strip=all\" title=\"\"><\/p>\n<p><iframe loading=\"lazy\" class=\"youtube-player\" width=\"640\" height=\"360\" src=\"https:\/\/www.youtube.com\/embed\/Z6doZTApUQw?version=3&#038;rel=1&#038;%23038;showsearch=0&#038;%23038;showinfo=1&#038;%23038;iv_load_policy=1&#038;%23038;fs=1&#038;%23038;hl=pt-BR&#038;%23038;autohide=2&#038;%23038;wmode=transparent\" allowfullscreen=\"true\" style=\"border:0;\" sandbox=\"allow-scripts allow-same-origin allow-popups allow-presentation\"><\/iframe><\/p>\n<p>Algumas horas antes de o Comit\u00ea de Pol\u00edtica Monet\u00e1ria (Copom) do Banco Central iniciar a reuni\u00e3o em que ser\u00e1 definido o novo patamar da taxa b\u00e1sica de juros brasileira (a Selic, atualmente em 13,75%), o ministro da Fazenda, <strong>Fernando Haddad (PT)<\/strong>, afirmou que o ciclo de afrouxamento monet\u00e1rio no pa\u00eds &#8220;certamente come\u00e7a hoje&#8221;.<\/p>\n<p>Em entrevista ao programa &#8220;Bom Dia, Ministro&#8221;, da rede estatal EBC, Haddad disse que h\u00e1 um &#8220;espa\u00e7o importante&#8221; para a queda da Selic \u2012 que, segundo ele, ter\u00e1 impacto sobre as taxas de juros futuras e, consequentemente, para empresas e para o consumidor final.<\/p>\n<p>&#8220;A Selic hoje, a 13,75%, \u00e9 a maior do mundo em termos reais. Projetada para o ano que vem, est\u00e1 em mais de 10%. Temos um espa\u00e7o importante para a queda da taxa b\u00e1sica, e quando cai a taxa b\u00e1sica de juros \u2012 o que certamente vai come\u00e7ar a acontecer hoje -, voc\u00ea vai ter uma perspectiva de diminui\u00e7\u00e3o do juro futuro, o que implica que as empresas v\u00e3o come\u00e7ar a captar mais barato, e, ao final, isso vai acabar chegando ao consumidor&#8221;, afirmou.<\/p>\n<p>Durante a conversa, o ministro disse que h\u00e1 pouco tempo o pa\u00eds viveu um &#8220;surto inflacion\u00e1rio&#8221;, com o \u00edndice de pre\u00e7os acumulando alta de dois d\u00edgitos durante o final do governo de Jair Bolsonaro (PL). Ele argumenta, contudo, que a gest\u00e3o do presidente Luiz In\u00e1cio Lula da Silva (PT) deu um &#8220;freio de arruma\u00e7\u00e3o&#8221; que trouxe credibilidade ao pa\u00eds e ajudou a conter a evolu\u00e7\u00e3o dos pre\u00e7os.<\/p>\n<p>&#8220;Houve um esfor\u00e7o monumental do governo em dar um freio de arruma\u00e7\u00e3o nisso, para que os pre\u00e7os parassem de subir e, em alguns casos, come\u00e7assem a cair. N\u00e3o \u00e9 uma coisa simples de ser feita, mas o fato \u00e9 que a infla\u00e7\u00e3o, que estava em mais de 10% h\u00e1 pouco tempo, hoje est\u00e1 na casa de 3,2%. O esfor\u00e7o que foi feito no sentido de trazer a infla\u00e7\u00e3o para baixo surtiu efeito&#8221;, disse.<\/p>\n<p>&#8220;N\u00f3s demos um choque de credibilidade no pa\u00eds, porque a coisa estava completamente desgovernada. O governo anterior, sobretudo em 2022, come\u00e7ou a gastar um dinheiro a rodo para ver se revertia o desfavoritismo eleitoral. Foram mais de R$ 300 bilh\u00f5es de dinheiro p\u00fablico investidos na elei\u00e7\u00e3o de 2022 para garantir a vit\u00f3ria do governo, e nem isso foi capaz. Mas isso deixou um rombo or\u00e7ament\u00e1rio que est\u00e1 sendo administrado. Tivemos que tomar medidas duras, do ponto de vista fiscal, para trazer o d\u00e9ficit p\u00fablico para um patamar cada vez menor, mirando o equil\u00edbrio das contas p\u00fablicas&#8221;, prosseguiu.<\/p>\n<p>Haddad citou a queda recente do d\u00f3lar, que saiu de patamar pr\u00f3ximo a R$ 6,00 no ano passado para um n\u00edvel abaixo de R$ 4,80. E mais uma vez mencionou a postura adotada pelo Supremo Tribunal Federal (STF), do Superior Tribunal de Justi\u00e7a (STJ) e do Congresso Nacional como fundamental para a retomada da confian\u00e7a e a conquista de indicadores mais favor\u00e1veis na economia.<\/p>\n<p>&#8220;Tudo isso aponta para uma dire\u00e7\u00e3o t\u00e9cnica de um corte mais consistente <em>[nos juros]<\/em>. Hoje o mercado est\u00e1 pendendo mais para 0,5 p.p. do que para qualquer outro n\u00famero&#8221;, disse.<\/p>\n<p>&#8220;As perspectivas s\u00e3o muito boas n\u00e3o por outra raz\u00e3o que n\u00e3o seja o retorno para a sociedade do esfor\u00e7o que a sociedade, por meio dos seus representantes, j\u00e1 fez nos primeiros seis meses deste ano&#8221;, continuou.<\/p>\n<p>Na entrevista, Haddad chamou esta quarta-feira (2) de &#8220;decisiva&#8221; e salientou que todo o mercado aposta em uma queda da Selic nesta reuni\u00e3o do Copom. &#8220;N\u00e3o existe um economista, pelo menos com reputa\u00e7\u00e3o, que possa defender a manuten\u00e7\u00e3o da taxa&#8221;, pontuou.<\/p>\n<p>Embora a maior parte dos analistas do mercado esteja dividida entre um corte de 0,25 ou 0,5 ponto percentual, o ministro disse que h\u00e1 quem aposte em queda de 0,75.<\/p>\n<p>&#8220;N\u00f3s estamos num dia meio decisivo porque tem gente do mercado \u2012 n\u00e3o estou falando de pol\u00edtica, os pol\u00edticos provavelmente gostariam de uma redu\u00e7\u00e3o como aconteceu no Chile, que cortou 1 ponto percentual \u2012 apostando em uma queda de 0,75. Ningu\u00e9m espera a manuten\u00e7\u00e3o da taxa&#8221;, afirmou.<\/p>\n<p>Durante a conversa, Haddad tamb\u00e9m falou sobre um horizonte favor\u00e1vel para a continuidade da agenda de reformas econ\u00f4micas no segundo semestre, com a expectativa de aprova\u00e7\u00e3o do novo arcabou\u00e7o fiscal pela C\u00e2mara dos Deputados, al\u00e9m da elabora\u00e7\u00e3o da pe\u00e7a or\u00e7ament\u00e1ria de 2024 e da revis\u00e3o de benef\u00edcios fiscais com baixo retorno social.<\/p>\n<p>Al\u00e9m disso, o ministro refor\u00e7ou o compromisso do governo em colocar em pr\u00e1tica iniciativas para alavancar um cr\u00e9dito mais barato no futuro, citando como exemplo a redu\u00e7\u00e3o dos juros do cr\u00e9dito consignado, no in\u00edcio do ano, ou o marco das garantias, j\u00e1 aprovado no Senado Federal e que retorna para a C\u00e2mara dos Deputados, que ter\u00e1 a palavra final sobre o texto.<\/p>\n<p>Nesse sentido, Haddad disse que o governo, em conjunto com os bancos e o varejo, ir\u00e1, em torno de 90 dias, dar uma &#8220;solu\u00e7\u00e3o final para a quest\u00e3o do cr\u00e9dito rotativo&#8221;.<\/p>\n<p>&#8220;H\u00e1 um compromisso do governo, de at\u00e9 o final do ano, em torno de 90 dias, darmos uma solu\u00e7\u00e3o final para a quest\u00e3o do cr\u00e9dito rotativo, que \u00e9 o maior problema de juro do pa\u00eds hoje. Hoje, o varejo, o governo e os bancos est\u00e3o sentados \u00e0 mesa com o compromisso de resolver esse problema&#8221;, afirmou.<\/p>\n<p>The post <a rel=\"nofollow noopener\" href=\"https:\/\/www.infomoney.com.br\/politica\/haddad-certamente-a-taxa-basica-de-juros-comeca-a-cair-hoje\/\" target=\"_blank\">Haddad diz que Selic &#8220;certamente&#8221; come\u00e7a a cair hoje: &#8220;Ningu\u00e9m espera manuten\u00e7\u00e3o da taxa&#8221;<\/a> appeared first on <a rel=\"nofollow noopener\" href=\"https:\/\/www.infomoney.com.br\/\" target=\"_blank\">InfoMoney<\/a>.<\/p>\n","protected":false},"excerpt":{"rendered":"<p><img loading=\"lazy\" decoding=\"async\" width=\"300\" height=\"200\" src=\"https:\/\/www.infomoney.com.br\/wp-content\/uploads\/2023\/07\/52953252127_0a3cbd6275_c.jpg?fit=300%2C200&amp;quality=70&amp;strip=all\" class=\"attachment-medium size-medium wp-post-image\" alt=\"\" data-attachment-id=\"2192902\" data-permalink=\"https:\/\/www.infomoney.com.br\/politica\/haddad-prega-cautela-com-mudancas-no-ir-e-diz-que-etapas-da-reforma-tributaria-devem-ser-neutras\/attachment\/52953252127_0a3cbd6275_c\/\" data-orig-file=\"https:\/\/www.infomoney.com.br\/wp-content\/uploads\/2023\/07\/52953252127_0a3cbd6275_c.jpg?fit=799%2C533&amp;quality=70&amp;strip=all\" data-orig-size=\"799,533\" data-comments-opened=\"0\" data-image-meta='{\"aperture\":\"0\",\"credit\":\"\",\"camera\":\"\",\"caption\":\"\",\"created_timestamp\":\"0\",\"copyright\":\"\",\"focal_length\":\"0\",\"iso\":\"0\",\"shutter_speed\":\"0\",\"title\":\"\",\"orientation\":\"0\"}' data-image-title=\"Fernando Haddad\" data-image-description=\"\" data-image-caption=\"&lt;p&gt;O ministro da Fazenda, Fernando Haddad (PT) em entrevista coletiva (Foto: Fotos: Diogo Zacarias)&lt;\/p&gt;\n\" data-medium-file=\"https:\/\/www.infomoney.com.br\/wp-content\/uploads\/2023\/07\/52953252127_0a3cbd6275_c.jpg?fit=300%2C200&amp;quality=70&amp;strip=all\" data-large-file=\"https:\/\/www.infomoney.com.br\/wp-content\/uploads\/2023\/07\/52953252127_0a3cbd6275_c.jpg?fit=799%2C533&amp;quality=70&amp;strip=all\">Em entrevista, ministro diz que h\u00e1 \u201cespa\u00e7o importante\u201d para queda dos juros nesta quarta-feira e v\u00ea mercado &#8220;pendendo&#8221; para corte de 0,5 p.p.<\/p>\n<p>The post <a rel=\"nofollow\" href=\"https:\/\/www.infomoney.com.br\/politica\/haddad-certamente-a-taxa-basica-de-juros-comeca-a-cair-hoje\/\">Haddad diz que Selic \u201ccertamente\u201d come\u00e7a a cair hoje: \u201cNingu\u00e9m espera manuten\u00e7\u00e3o da taxa\u201d<\/a> appeared first on <a rel=\"nofollow\" href=\"https:\/\/www.infomoney.com.br\/\">InfoMoney<\/a>.<\/p>\n","protected":false},"author":52,"featured_media":0,"comment_status":"closed","ping_status":"closed","sticky":false,"template":"","format":"standard","meta":{"advgb_blocks_editor_width":"","advgb_blocks_columns_visual_guide":"","footnotes":""},"categories":[279,1626,69,109,34,130,47,1110,282],"tags":[35],"class_list":["post-27985","post","type-post","status-publish","format-standard","hentry","category-banco-central","category-copom","category-economia","category-fernando-haddad","category-g1","category-ministerio-da-fazenda","category-politica","category-selic","category-taxa-de-juros","tag-g1"],"author_meta":{"display_name":"Marcos Mortari","author_link":"https:\/\/sindaopcpb.org.br\/author\/marcos-mortari\/"},"featured_img":null,"coauthors":[],"tax_additional":{"categories":{"linked":["<a href=\"https:\/\/sindaopcpb.org.br\/banco-central\/\" class=\"advgb-post-tax-term\">Banco Central<\/a>","<a href=\"https:\/\/sindaopcpb.org.br\/copom\/\" class=\"advgb-post-tax-term\">Copom<\/a>","<a href=\"https:\/\/sindaopcpb.org.br\/economia\/\" class=\"advgb-post-tax-term\">Economia<\/a>","<a href=\"https:\/\/sindaopcpb.org.br\/fernando-haddad\/\" class=\"advgb-post-tax-term\">FERNANDO HADDAD<\/a>","<a href=\"https:\/\/sindaopcpb.org.br\/g1\/\" class=\"advgb-post-tax-term\">G1<\/a>","<a href=\"https:\/\/sindaopcpb.org.br\/ministerio-da-fazenda\/\" class=\"advgb-post-tax-term\">Minist\u00e9rio da Fazenda<\/a>","<a href=\"https:\/\/sindaopcpb.org.br\/politica\/\" class=\"advgb-post-tax-term\">POLITICA<\/a>","<a href=\"https:\/\/sindaopcpb.org.br\/selic\/\" class=\"advgb-post-tax-term\">Selic<\/a>","<a href=\"https:\/\/sindaopcpb.org.br\/taxa-de-juros\/\" class=\"advgb-post-tax-term\">Taxa de Juros<\/a>"],"unlinked":["<span class=\"advgb-post-tax-term\">Banco Central<\/span>","<span class=\"advgb-post-tax-term\">Copom<\/span>","<span class=\"advgb-post-tax-term\">Economia<\/span>","<span class=\"advgb-post-tax-term\">FERNANDO HADDAD<\/span>","<span class=\"advgb-post-tax-term\">G1<\/span>","<span class=\"advgb-post-tax-term\">Minist\u00e9rio da Fazenda<\/span>","<span class=\"advgb-post-tax-term\">POLITICA<\/span>","<span class=\"advgb-post-tax-term\">Selic<\/span>","<span class=\"advgb-post-tax-term\">Taxa de Juros<\/span>"]},"tags":{"linked":["<a href=\"https:\/\/sindaopcpb.org.br\/taxa-de-juros\/\" class=\"advgb-post-tax-term\">g1<\/a>"],"unlinked":["<span class=\"advgb-post-tax-term\">g1<\/span>"]}},"comment_count":"0","relative_dates":{"created":"Publicado 3 anos atr\u00e1s","modified":"Atualizado 3 anos atr\u00e1s"},"absolute_dates":{"created":"Publicado em 2 de agosto de 2023","modified":"Atualizado em 2 de agosto de 2023"},"absolute_dates_time":{"created":"Publicado em 2 de agosto de 2023 11:49","modified":"Atualizado em 2 de agosto de 2023 11:49"},"featured_img_caption":"","series_order":"","_links":{"self":[{"href":"https:\/\/sindaopcpb.org.br\/index.php\/wp-json\/wp\/v2\/posts\/27985","targetHints":{"allow":["GET"]}}],"collection":[{"href":"https:\/\/sindaopcpb.org.br\/index.php\/wp-json\/wp\/v2\/posts"}],"about":[{"href":"https:\/\/sindaopcpb.org.br\/index.php\/wp-json\/wp\/v2\/types\/post"}],"author":[{"embeddable":true,"href":"https:\/\/sindaopcpb.org.br\/index.php\/wp-json\/wp\/v2\/users\/52"}],"replies":[{"embeddable":true,"href":"https:\/\/sindaopcpb.org.br\/index.php\/wp-json\/wp\/v2\/comments?post=27985"}],"version-history":[{"count":2,"href":"https:\/\/sindaopcpb.org.br\/index.php\/wp-json\/wp\/v2\/posts\/27985\/revisions"}],"predecessor-version":[{"id":28032,"href":"https:\/\/sindaopcpb.org.br\/index.php\/wp-json\/wp\/v2\/posts\/27985\/revisions\/28032"}],"wp:attachment":[{"href":"https:\/\/sindaopcpb.org.br\/index.php\/wp-json\/wp\/v2\/media?parent=27985"}],"wp:term":[{"taxonomy":"category","embeddable":true,"href":"https:\/\/sindaopcpb.org.br\/index.php\/wp-json\/wp\/v2\/categories?post=27985"},{"taxonomy":"post_tag","embeddable":true,"href":"https:\/\/sindaopcpb.org.br\/index.php\/wp-json\/wp\/v2\/tags?post=27985"}],"curies":[{"name":"wp","href":"https:\/\/api.w.org\/{rel}","templated":true}]}}