{"id":27981,"date":"2023-08-02T09:52:35","date_gmt":"2023-08-02T12:52:35","guid":{"rendered":"https:\/\/www.infomoney.com.br\/?p=2203225"},"modified":"2023-08-02T09:52:35","modified_gmt":"2023-08-02T12:52:35","slug":"numero-de-mortos-em-operacao-policial-no-litoral-paulista-chega-a-14-diz-tarcisio","status":"publish","type":"post","link":"https:\/\/sindaopcpb.org.br\/index.php\/2023\/08\/02\/numero-de-mortos-em-operacao-policial-no-litoral-paulista-chega-a-14-diz-tarcisio\/","title":{"rendered":"N\u00famero de mortos em opera\u00e7\u00e3o policial no litoral paulista chega a 14, diz Tarc\u00edsio"},"content":{"rendered":"<p><img loading=\"lazy\" width=\"300\" height=\"197\" src=\"https:\/\/www.infomoney.com.br\/wp-content\/uploads\/2019\/06\/tarcisio-gomes-de-freitas-.jpg?fit=300%2C197&amp;quality=70&amp;strip=all\" class=\"attachment-medium size-medium wp-post-image\" alt=\"\" decoding=\"async\" style=\"float:right; margin:0 0 10px 10px;\" srcset=\"https:\/\/www.infomoney.com.br\/wp-content\/uploads\/2019\/06\/tarcisio-gomes-de-freitas-.jpg?w=900&amp;quality=70&amp;strip=all 900w, https:\/\/www.infomoney.com.br\/wp-content\/uploads\/2019\/06\/tarcisio-gomes-de-freitas-.jpg?w=300&amp;quality=70&amp;strip=all 300w, https:\/\/www.infomoney.com.br\/wp-content\/uploads\/2019\/06\/tarcisio-gomes-de-freitas-.jpg?w=768&amp;quality=70&amp;strip=all 768w, https:\/\/www.infomoney.com.br\/wp-content\/uploads\/2019\/06\/tarcisio-gomes-de-freitas-.jpg?w=150&amp;quality=70&amp;strip=all 150w\" sizes=\"auto, (max-width: 300px) 100vw, 300px\" data-attachment-id=\"54745\" data-permalink=\"https:\/\/www.infomoney.com.br\/?attachment_id=54745\" data-orig-file=\"https:\/\/www.infomoney.com.br\/wp-content\/uploads\/2019\/06\/tarcisio-gomes-de-freitas-.jpg?fit=900%2C590&amp;quality=70&amp;strip=all\" data-orig-size=\"900,590\" data-comments-opened=\"1\" data-image-meta=\"{&quot;aperture&quot;:&quot;0&quot;,&quot;credit&quot;:&quot;&quot;,&quot;camera&quot;:&quot;&quot;,&quot;caption&quot;:&quot;&quot;,&quot;created_timestamp&quot;:&quot;0&quot;,&quot;copyright&quot;:&quot;&quot;,&quot;focal_length&quot;:&quot;0&quot;,&quot;iso&quot;:&quot;0&quot;,&quot;shutter_speed&quot;:&quot;0&quot;,&quot;title&quot;:&quot;&quot;,&quot;orientation&quot;:&quot;0&quot;}\" data-image-title=\"tarcisio-gomes-de-freitas-\" data-image-description=\"\" data-image-caption=\"\" data-medium-file=\"https:\/\/www.infomoney.com.br\/wp-content\/uploads\/2019\/06\/tarcisio-gomes-de-freitas-.jpg?fit=300%2C197&amp;quality=70&amp;strip=all\" data-large-file=\"https:\/\/www.infomoney.com.br\/wp-content\/uploads\/2019\/06\/tarcisio-gomes-de-freitas-.jpg?fit=900%2C590&amp;quality=70&amp;strip=all\" title=\"\"><\/p>\n<p>O n\u00famero de mortos em opera\u00e7\u00e3o policial na Baixada Santista (SP) em resposta \u00e0 morte de um soldado da Pol\u00edcia Militar subiu para 14 nesta ter\u00e7a-feira (1\u00ba), informou o governador de S\u00e3o Paulo, Tarc\u00edsio de Freitas.<\/p>\n<p>A pol\u00edcia lan\u00e7ou a chamada &#8220;Opera\u00e7\u00e3o Escudo&#8221; na \u00faltima sexta-feira ap\u00f3s o assassinato do soldado da PM Patrick Bastos Reis quando fazia um patrulhamento. Desde ent\u00e3o, iniciou-se uma s\u00e9rie de conflitos violentos na regi\u00e3o.<\/p>\n<p>&#8220;S\u00e3o 14 mortos. N\u00f3s tivemos dois \u00f3bitos hoje em confrontos, fruto at\u00e9 do enfrentamento que houve&#8221;, disse o governador a jornalistas, acrescentando que as duas mortes ocorreram quando a pol\u00edcia reagiu ao ser atacada a tiros na manh\u00e3 desta ter\u00e7a.<\/p>\n<p>O governador defendeu a a\u00e7\u00e3o da pol\u00edcia contra criminosos com &#8220;armas longas&#8221; e citou dois policiais feridos a bala nesta ter\u00e7a &#8212; incluindo uma policial atingida pelas costas. Ele afirmou que a Baixada Santista foi &#8220;tomada pelo crime organizado&#8221;.<\/p>\n<p>&#8220;Agora, fica sempre essa narrativa de que h\u00e1 excesso, h\u00e1 excesso, h\u00e1 excesso &#8230; se houver excesso, n\u00f3s vamos investigar&#8221;, declarou o governador.<\/p>\n<p>O procurador-geral de Justi\u00e7a, Mario Sarrubbo, promete um trabalho &#8220;meticuloso&#8221; do Minist\u00e9rio P\u00fablico sobre as mortes em decorr\u00eancia da opera\u00e7\u00e3o. Em entrevista \u00e0 r\u00e1dio CBN, o procurador considerou o desfecho da opera\u00e7\u00e3o &#8220;um fato grave&#8221;.<\/p>\n<p>Ao comentar o total de mortos na opera\u00e7\u00e3o, Sarrubbo avaliou que &#8220;isso n\u00e3o \u00e9 normal&#8221;.<\/p>\n<p>&#8220;A melhor ocorr\u00eancia policial \u00e9 aquela em que o criminoso \u00e9 preso&#8221;, disse, na entrevista, acrescentando que o MP tamb\u00e9m est\u00e1 &#8220;empenhado&#8221; em esclarecer as circunst\u00e2ncias da morte do policial Reis.<\/p>\n<p>Segundo a Secretaria de Seguran\u00e7a P\u00fablica do Estado (SSP-SP), a opera\u00e7\u00e3o deve levar pelo menos 30 dias. At\u00e9 esta ter\u00e7a-feira foram contabilizadas 35 pris\u00f5es &#8212; incluindo o suspeito de matar o soldado Reis &#8211;, a apreens\u00e3o de mais de 20 kg de drogas e 13 armas, de longo e curto alcance, acrescentou.<\/p>\n<p>The post <a rel=\"nofollow noopener\" href=\"https:\/\/www.infomoney.com.br\/politica\/numero-de-mortos-em-operacao-policial-no-litoral-paulista-chega-a-14-diz-tarcisio\/\" target=\"_blank\">N\u00famero de mortos em opera\u00e7\u00e3o policial no litoral paulista chega a 14, diz Tarc\u00edsio<\/a> appeared first on <a rel=\"nofollow noopener\" href=\"https:\/\/www.infomoney.com.br\/\" target=\"_blank\">InfoMoney<\/a>.<\/p>\n","protected":false},"excerpt":{"rendered":"<p><img loading=\"lazy\" decoding=\"async\" width=\"300\" height=\"197\" src=\"https:\/\/www.infomoney.com.br\/wp-content\/uploads\/2019\/06\/tarcisio-gomes-de-freitas-.jpg?fit=300%2C197&amp;quality=70&amp;strip=all\" class=\"attachment-medium size-medium wp-post-image\" alt=\"\" data-attachment-id=\"54745\" data-permalink=\"https:\/\/www.infomoney.com.br\/?attachment_id=54745\" data-orig-file=\"https:\/\/www.infomoney.com.br\/wp-content\/uploads\/2019\/06\/tarcisio-gomes-de-freitas-.jpg?fit=900%2C590&amp;quality=70&amp;strip=all\" data-orig-size=\"900,590\" data-comments-opened=\"1\" data-image-meta='{\"aperture\":\"0\",\"credit\":\"\",\"camera\":\"\",\"caption\":\"\",\"created_timestamp\":\"0\",\"copyright\":\"\",\"focal_length\":\"0\",\"iso\":\"0\",\"shutter_speed\":\"0\",\"title\":\"\",\"orientation\":\"0\"}' data-image-title=\"tarcisio-gomes-de-freitas-\" data-image-description=\"\" data-image-caption=\"\" data-medium-file=\"https:\/\/www.infomoney.com.br\/wp-content\/uploads\/2019\/06\/tarcisio-gomes-de-freitas-.jpg?fit=300%2C197&amp;quality=70&amp;strip=all\" data-large-file=\"https:\/\/www.infomoney.com.br\/wp-content\/uploads\/2019\/06\/tarcisio-gomes-de-freitas-.jpg?fit=900%2C590&amp;quality=70&amp;strip=all\">Pol\u00edcia lan\u00e7ou a chamada &#8220;Opera\u00e7\u00e3o Escudo&#8221; na \u00faltima sexta-feira ap\u00f3s o assassinato do soldado Patrick Bastos Reis quando fazia um patrulhamento<\/p>\n<p>The post <a rel=\"nofollow\" href=\"https:\/\/www.infomoney.com.br\/politica\/numero-de-mortos-em-operacao-policial-no-litoral-paulista-chega-a-14-diz-tarcisio\/\">N\u00famero de mortos em opera\u00e7\u00e3o policial no litoral paulista chega a 14, diz Tarc\u00edsio<\/a> appeared first on <a rel=\"nofollow\" href=\"https:\/\/www.infomoney.com.br\/\">InfoMoney<\/a>.<\/p>\n","protected":false},"author":46,"featured_media":0,"comment_status":"closed","ping_status":"closed","sticky":false,"template":"","format":"standard","meta":{"advgb_blocks_editor_width":"","advgb_blocks_columns_visual_guide":"","footnotes":""},"categories":[34,411,47,7247,424,367],"tags":[35],"class_list":["post-27981","post","type-post","status-publish","format-standard","hentry","category-g1","category-policia-militar","category-politica","category-rota","category-sao-paulo","category-tarcisio-de-freitas","tag-g1"],"author_meta":{"display_name":"Reuters","author_link":"https:\/\/sindaopcpb.org.br\/author\/reuters\/"},"featured_img":null,"coauthors":[],"tax_additional":{"categories":{"linked":["<a href=\"https:\/\/sindaopcpb.org.br\/g1\/\" class=\"advgb-post-tax-term\">G1<\/a>","<a href=\"https:\/\/sindaopcpb.org.br\/policia-militar\/\" class=\"advgb-post-tax-term\">Pol\u00edcia Militar<\/a>","<a href=\"https:\/\/sindaopcpb.org.br\/politica\/\" class=\"advgb-post-tax-term\">POLITICA<\/a>","<a href=\"https:\/\/sindaopcpb.org.br\/rota\/\" class=\"advgb-post-tax-term\">Rota<\/a>","<a href=\"https:\/\/sindaopcpb.org.br\/sao-paulo\/\" class=\"advgb-post-tax-term\">S\u00e3o Paulo<\/a>","<a href=\"https:\/\/sindaopcpb.org.br\/tarcisio-de-freitas\/\" class=\"advgb-post-tax-term\">Tarc\u00edsio de Freitas<\/a>"],"unlinked":["<span class=\"advgb-post-tax-term\">G1<\/span>","<span class=\"advgb-post-tax-term\">Pol\u00edcia Militar<\/span>","<span class=\"advgb-post-tax-term\">POLITICA<\/span>","<span class=\"advgb-post-tax-term\">Rota<\/span>","<span class=\"advgb-post-tax-term\">S\u00e3o Paulo<\/span>","<span class=\"advgb-post-tax-term\">Tarc\u00edsio de Freitas<\/span>"]},"tags":{"linked":["<a href=\"https:\/\/sindaopcpb.org.br\/tarcisio-de-freitas\/\" class=\"advgb-post-tax-term\">g1<\/a>"],"unlinked":["<span class=\"advgb-post-tax-term\">g1<\/span>"]}},"comment_count":"0","relative_dates":{"created":"Publicado 3 anos atr\u00e1s","modified":"Atualizado 3 anos atr\u00e1s"},"absolute_dates":{"created":"Publicado em 2 de agosto de 2023","modified":"Atualizado em 2 de agosto de 2023"},"absolute_dates_time":{"created":"Publicado em 2 de agosto de 2023 09:52","modified":"Atualizado em 2 de agosto de 2023 09:52"},"featured_img_caption":"","series_order":"","_links":{"self":[{"href":"https:\/\/sindaopcpb.org.br\/index.php\/wp-json\/wp\/v2\/posts\/27981","targetHints":{"allow":["GET"]}}],"collection":[{"href":"https:\/\/sindaopcpb.org.br\/index.php\/wp-json\/wp\/v2\/posts"}],"about":[{"href":"https:\/\/sindaopcpb.org.br\/index.php\/wp-json\/wp\/v2\/types\/post"}],"author":[{"embeddable":true,"href":"https:\/\/sindaopcpb.org.br\/index.php\/wp-json\/wp\/v2\/users\/46"}],"replies":[{"embeddable":true,"href":"https:\/\/sindaopcpb.org.br\/index.php\/wp-json\/wp\/v2\/comments?post=27981"}],"version-history":[{"count":1,"href":"https:\/\/sindaopcpb.org.br\/index.php\/wp-json\/wp\/v2\/posts\/27981\/revisions"}],"predecessor-version":[{"id":27982,"href":"https:\/\/sindaopcpb.org.br\/index.php\/wp-json\/wp\/v2\/posts\/27981\/revisions\/27982"}],"wp:attachment":[{"href":"https:\/\/sindaopcpb.org.br\/index.php\/wp-json\/wp\/v2\/media?parent=27981"}],"wp:term":[{"taxonomy":"category","embeddable":true,"href":"https:\/\/sindaopcpb.org.br\/index.php\/wp-json\/wp\/v2\/categories?post=27981"},{"taxonomy":"post_tag","embeddable":true,"href":"https:\/\/sindaopcpb.org.br\/index.php\/wp-json\/wp\/v2\/tags?post=27981"}],"curies":[{"name":"wp","href":"https:\/\/api.w.org\/{rel}","templated":true}]}}