{"id":27977,"date":"2023-08-02T10:09:32","date_gmt":"2023-08-02T13:09:32","guid":{"rendered":"https:\/\/www.infomoney.com.br\/?p=2203408"},"modified":"2023-08-02T10:09:32","modified_gmt":"2023-08-02T13:09:32","slug":"stf-retoma-julgamento-sobre-descriminalizacao-do-porte-de-drogas-2","status":"publish","type":"post","link":"https:\/\/sindaopcpb.org.br\/index.php\/2023\/08\/02\/stf-retoma-julgamento-sobre-descriminalizacao-do-porte-de-drogas-2\/","title":{"rendered":"STF retoma julgamento sobre descriminaliza\u00e7\u00e3o do porte de drogas"},"content":{"rendered":"<p><img loading=\"lazy\" width=\"300\" height=\"179\" src=\"https:\/\/www.infomoney.com.br\/wp-content\/uploads\/2023\/06\/stf-justica.jpg?fit=300%2C179&amp;quality=70&amp;strip=all\" class=\"attachment-medium size-medium wp-post-image\" alt=\"\" decoding=\"async\" style=\"float:right; margin:0 0 10px 10px;\" srcset=\"https:\/\/www.infomoney.com.br\/wp-content\/uploads\/2023\/06\/stf-justica.jpg?w=1170&amp;quality=70&amp;strip=all 1170w, https:\/\/www.infomoney.com.br\/wp-content\/uploads\/2023\/06\/stf-justica.jpg?w=300&amp;quality=70&amp;strip=all 300w, https:\/\/www.infomoney.com.br\/wp-content\/uploads\/2023\/06\/stf-justica.jpg?w=768&amp;quality=70&amp;strip=all 768w, https:\/\/www.infomoney.com.br\/wp-content\/uploads\/2023\/06\/stf-justica.jpg?w=150&amp;quality=70&amp;strip=all 150w\" sizes=\"auto, (max-width: 300px) 100vw, 300px\" data-attachment-id=\"2173041\" data-permalink=\"https:\/\/www.infomoney.com.br\/consumo\/trabalhadores-da-gm-aprovam-layoff-em-sao-jose-dos-campos-vw-paralisa-producao-em-fabricas\/attachment\/fachada-do-edificio-sede-do-supremo-tribunal-federal-stf\/\" data-orig-file=\"https:\/\/www.infomoney.com.br\/wp-content\/uploads\/2023\/06\/stf-justica.jpg?fit=1170%2C700&amp;quality=70&amp;strip=all\" data-orig-size=\"1170,700\" data-comments-opened=\"0\" data-image-meta=\"{&quot;aperture&quot;:&quot;4&quot;,&quot;credit&quot;:&quot;Marcello Casal JrAg\\u00eancia Brasil&quot;,&quot;camera&quot;:&quot;NIKON D4&quot;,&quot;caption&quot;:&quot;Fachada do edif\\u00edcio sede do Supremo Tribunal Federal - STF&quot;,&quot;created_timestamp&quot;:&quot;1597835070&quot;,&quot;copyright&quot;:&quot;Agencia Brasil-EBC&quot;,&quot;focal_length&quot;:&quot;600&quot;,&quot;iso&quot;:&quot;250&quot;,&quot;shutter_speed&quot;:&quot;0.00015625&quot;,&quot;title&quot;:&quot;Fachada do edif\\u00edcio sede do Supremo Tribunal Federal - STF&quot;,&quot;orientation&quot;:&quot;1&quot;}\" data-image-title=\"Est\u00e1tua da Justi\u00e7a em frente ao STF\" data-image-description=\"\" data-image-caption=\"&lt;p&gt;Est\u00e1tua &#8220;A Justi\u00e7a&#8221;, escultura de Alfredo Ceschiatti em frente ao edif\u00edcio-sede do Supremo Tribunal Federal (STF) em Bras\u00edlia (Foto: Marcello Casal Jr.\/Ag\u00eancia Brasil)&lt;\/p&gt;\n\" data-medium-file=\"https:\/\/www.infomoney.com.br\/wp-content\/uploads\/2023\/06\/stf-justica.jpg?fit=300%2C179&amp;quality=70&amp;strip=all\" data-large-file=\"https:\/\/www.infomoney.com.br\/wp-content\/uploads\/2023\/06\/stf-justica.jpg?fit=1170%2C700&amp;quality=70&amp;strip=all\" title=\"\"><\/p>\n<p>O Supremo Tribunal Federal (STF) retoma hoje (2) o julgamento sobre a descriminaliza\u00e7\u00e3o do porte de pequenas quantidades de drogas para consumo pessoal.<\/p>\n<p>O processo sobre o assunto estava previsto para ser julgado em junho deste ano, mas foi adiado em fun\u00e7\u00e3o das sess\u00f5es destinadas ao julgamento do ex-presidente Fernando Collor.<\/p>\n<p>A descriminaliza\u00e7\u00e3o do porte come\u00e7ou ser analisada em 2015, mas o julgamento foi suspenso por um pedido de vista do ministro Alexandre de Moraes.<\/p>\n<p>O caso trata da posse e do porte de drogas para consumo pessoal, infra\u00e7\u00e3o penal de baixa gravidade que consta no Artigo 28 da Lei das Drogas (Lei 11.343\/2006). As penas previstas s\u00e3o advert\u00eancia sobre os efeitos das drogas, servi\u00e7os comunit\u00e1rios e medida educativa de comparecimento \u00e0 programa ou curso sobre uso de drogas.<\/p>\n<p>At\u00e9 o momento, tr\u00eas ministros &#8211; Lu\u00eds Roberto Barroso, Edson Fachin e Gilmar Mendes &#8211; votaram, todos a favor de algum tipo de descriminaliza\u00e7\u00e3o da posse de drogas.<\/p>\n<p>O recurso sobre o assunto tem repercuss\u00e3o geral reconhecida, devendo servir de par\u00e2metro para todo o Judici\u00e1rio brasileiro.<\/p>\n<p>The post <a rel=\"nofollow noopener\" href=\"https:\/\/www.infomoney.com.br\/politica\/stf-retoma-julgamento-sobre-descriminalizacao-do-porte-de-drogas\/\" target=\"_blank\">STF retoma julgamento sobre descriminaliza\u00e7\u00e3o do porte de drogas<\/a> appeared first on <a rel=\"nofollow noopener\" href=\"https:\/\/www.infomoney.com.br\/\" target=\"_blank\">InfoMoney<\/a>.<\/p>\n","protected":false},"excerpt":{"rendered":"<p><img loading=\"lazy\" decoding=\"async\" width=\"300\" height=\"179\" src=\"https:\/\/www.infomoney.com.br\/wp-content\/uploads\/2023\/06\/stf-justica.jpg?fit=300%2C179&amp;quality=70&amp;strip=all\" class=\"attachment-medium size-medium wp-post-image\" alt=\"\" data-attachment-id=\"2173041\" data-permalink=\"https:\/\/www.infomoney.com.br\/consumo\/trabalhadores-da-gm-aprovam-layoff-em-sao-jose-dos-campos-vw-paralisa-producao-em-fabricas\/attachment\/fachada-do-edificio-sede-do-supremo-tribunal-federal-stf\/\" data-orig-file=\"https:\/\/www.infomoney.com.br\/wp-content\/uploads\/2023\/06\/stf-justica.jpg?fit=1170%2C700&amp;quality=70&amp;strip=all\" data-orig-size=\"1170,700\" data-comments-opened=\"0\" data-image-meta='{\"aperture\":\"4\",\"credit\":\"Marcello Casal JrAg\\u00eancia Brasil\",\"camera\":\"NIKON D4\",\"caption\":\"Fachada do edif\\u00edcio sede do Supremo Tribunal Federal - STF\",\"created_timestamp\":\"1597835070\",\"copyright\":\"Agencia Brasil-EBC\",\"focal_length\":\"600\",\"iso\":\"250\",\"shutter_speed\":\"0.00015625\",\"title\":\"Fachada do edif\\u00edcio sede do Supremo Tribunal Federal - STF\",\"orientation\":\"1\"}' data-image-title=\"Est\u00e1tua da Justi\u00e7a em frente ao STF\" data-image-description=\"\" data-image-caption=\"&lt;p&gt;Est\u00e1tua \u201cA Justi\u00e7a\u201d, escultura de Alfredo Ceschiatti em frente ao edif\u00edcio-sede do Supremo Tribunal Federal (STF) em Bras\u00edlia (Foto: Marcello Casal Jr.\/Ag\u00eancia Brasil)&lt;\/p&gt;\n\" data-medium-file=\"https:\/\/www.infomoney.com.br\/wp-content\/uploads\/2023\/06\/stf-justica.jpg?fit=300%2C179&amp;quality=70&amp;strip=all\" data-large-file=\"https:\/\/www.infomoney.com.br\/wp-content\/uploads\/2023\/06\/stf-justica.jpg?fit=1170%2C700&amp;quality=70&amp;strip=all\">Recurso sobre o assunto tem repercuss\u00e3o geral reconhecida, devendo servir de par\u00e2metro para todo o Judici\u00e1rio brasileiro<\/p>\n<p>The post <a rel=\"nofollow\" href=\"https:\/\/www.infomoney.com.br\/politica\/stf-retoma-julgamento-sobre-descriminalizacao-do-porte-de-drogas\/\">STF retoma julgamento sobre descriminaliza\u00e7\u00e3o do porte de drogas<\/a> appeared first on <a rel=\"nofollow\" href=\"https:\/\/www.infomoney.com.br\/\">InfoMoney<\/a>.<\/p>\n","protected":false},"author":44,"featured_media":0,"comment_status":"closed","ping_status":"closed","sticky":false,"template":"","format":"standard","meta":{"advgb_blocks_editor_width":"","advgb_blocks_columns_visual_guide":"","footnotes":""},"categories":[34,1576,1605,1797,47,449],"tags":[35],"class_list":["post-27977","post","type-post","status-publish","format-standard","hentry","category-g1","category-julgamento","category-maconha","category-poder-judiciario","category-politica","category-stf","tag-g1"],"author_meta":{"display_name":"Ag\u00eancia Brasil","author_link":"https:\/\/sindaopcpb.org.br\/author\/agencia-brasil\/"},"featured_img":null,"coauthors":[],"tax_additional":{"categories":{"linked":["<a href=\"https:\/\/sindaopcpb.org.br\/g1\/\" class=\"advgb-post-tax-term\">G1<\/a>","<a href=\"https:\/\/sindaopcpb.org.br\/julgamento\/\" class=\"advgb-post-tax-term\">julgamento<\/a>","<a href=\"https:\/\/sindaopcpb.org.br\/maconha\/\" class=\"advgb-post-tax-term\">maconha<\/a>","<a href=\"https:\/\/sindaopcpb.org.br\/poder-judiciario\/\" class=\"advgb-post-tax-term\">Poder Judici\u00e1rio<\/a>","<a href=\"https:\/\/sindaopcpb.org.br\/politica\/\" class=\"advgb-post-tax-term\">POLITICA<\/a>","<a href=\"https:\/\/sindaopcpb.org.br\/stf\/\" class=\"advgb-post-tax-term\">STF<\/a>"],"unlinked":["<span class=\"advgb-post-tax-term\">G1<\/span>","<span class=\"advgb-post-tax-term\">julgamento<\/span>","<span class=\"advgb-post-tax-term\">maconha<\/span>","<span class=\"advgb-post-tax-term\">Poder Judici\u00e1rio<\/span>","<span class=\"advgb-post-tax-term\">POLITICA<\/span>","<span class=\"advgb-post-tax-term\">STF<\/span>"]},"tags":{"linked":["<a href=\"https:\/\/sindaopcpb.org.br\/stf\/\" class=\"advgb-post-tax-term\">g1<\/a>"],"unlinked":["<span class=\"advgb-post-tax-term\">g1<\/span>"]}},"comment_count":"0","relative_dates":{"created":"Publicado 3 anos atr\u00e1s","modified":"Atualizado 3 anos atr\u00e1s"},"absolute_dates":{"created":"Publicado em 2 de agosto de 2023","modified":"Atualizado em 2 de agosto de 2023"},"absolute_dates_time":{"created":"Publicado em 2 de agosto de 2023 10:09","modified":"Atualizado em 2 de agosto de 2023 10:09"},"featured_img_caption":"","series_order":"","_links":{"self":[{"href":"https:\/\/sindaopcpb.org.br\/index.php\/wp-json\/wp\/v2\/posts\/27977","targetHints":{"allow":["GET"]}}],"collection":[{"href":"https:\/\/sindaopcpb.org.br\/index.php\/wp-json\/wp\/v2\/posts"}],"about":[{"href":"https:\/\/sindaopcpb.org.br\/index.php\/wp-json\/wp\/v2\/types\/post"}],"author":[{"embeddable":true,"href":"https:\/\/sindaopcpb.org.br\/index.php\/wp-json\/wp\/v2\/users\/44"}],"replies":[{"embeddable":true,"href":"https:\/\/sindaopcpb.org.br\/index.php\/wp-json\/wp\/v2\/comments?post=27977"}],"version-history":[{"count":1,"href":"https:\/\/sindaopcpb.org.br\/index.php\/wp-json\/wp\/v2\/posts\/27977\/revisions"}],"predecessor-version":[{"id":27978,"href":"https:\/\/sindaopcpb.org.br\/index.php\/wp-json\/wp\/v2\/posts\/27977\/revisions\/27978"}],"wp:attachment":[{"href":"https:\/\/sindaopcpb.org.br\/index.php\/wp-json\/wp\/v2\/media?parent=27977"}],"wp:term":[{"taxonomy":"category","embeddable":true,"href":"https:\/\/sindaopcpb.org.br\/index.php\/wp-json\/wp\/v2\/categories?post=27977"},{"taxonomy":"post_tag","embeddable":true,"href":"https:\/\/sindaopcpb.org.br\/index.php\/wp-json\/wp\/v2\/tags?post=27977"}],"curies":[{"name":"wp","href":"https:\/\/api.w.org\/{rel}","templated":true}]}}