{"id":27975,"date":"2023-08-02T10:12:47","date_gmt":"2023-08-02T13:12:47","guid":{"rendered":"https:\/\/www.infomoney.com.br\/?p=2203419"},"modified":"2023-08-02T10:12:47","modified_gmt":"2023-08-02T13:12:47","slug":"moraes-diz-que-tse-combatera-novas-modalidades-de-abusos-nas-eleicoes","status":"publish","type":"post","link":"https:\/\/sindaopcpb.org.br\/index.php\/2023\/08\/02\/moraes-diz-que-tse-combatera-novas-modalidades-de-abusos-nas-eleicoes\/","title":{"rendered":"Moraes diz que TSE combater\u00e1 novas modalidades de abusos nas elei\u00e7\u00f5es"},"content":{"rendered":"<p><img loading=\"lazy\" width=\"300\" height=\"179\" src=\"https:\/\/www.infomoney.com.br\/wp-content\/uploads\/2022\/08\/tse_posse_moraes2.jpg?fit=300%2C179&amp;quality=70&amp;strip=all\" class=\"attachment-medium size-medium wp-post-image\" alt=\"Alexandre de Moraes\" decoding=\"async\" style=\"float:right; margin:0 0 10px 10px;\" srcset=\"https:\/\/www.infomoney.com.br\/wp-content\/uploads\/2022\/08\/tse_posse_moraes2.jpg?w=1170&amp;quality=70&amp;strip=all 1170w, https:\/\/www.infomoney.com.br\/wp-content\/uploads\/2022\/08\/tse_posse_moraes2.jpg?w=300&amp;quality=70&amp;strip=all 300w, https:\/\/www.infomoney.com.br\/wp-content\/uploads\/2022\/08\/tse_posse_moraes2.jpg?w=768&amp;quality=70&amp;strip=all 768w, https:\/\/www.infomoney.com.br\/wp-content\/uploads\/2022\/08\/tse_posse_moraes2.jpg?w=150&amp;quality=70&amp;strip=all 150w\" sizes=\"auto, (max-width: 300px) 100vw, 300px\" data-attachment-id=\"1917046\" data-permalink=\"https:\/\/www.infomoney.com.br\/tse_posse_moraes2\/\" data-orig-file=\"https:\/\/www.infomoney.com.br\/wp-content\/uploads\/2022\/08\/tse_posse_moraes2.jpg?fit=1170%2C700&amp;quality=70&amp;strip=all\" data-orig-size=\"1170,700\" data-comments-opened=\"0\" data-image-meta=\"{&quot;aperture&quot;:&quot;0&quot;,&quot;credit&quot;:&quot;TSE&quot;,&quot;camera&quot;:&quot;&quot;,&quot;caption&quot;:&quot;O ministro Alexandre de Moraes toma posse,  na presid\\u00eancia do Tribunal Superior Eleitoral (TSE)&quot;,&quot;created_timestamp&quot;:&quot;0&quot;,&quot;copyright&quot;:&quot;&quot;,&quot;focal_length&quot;:&quot;0&quot;,&quot;iso&quot;:&quot;0&quot;,&quot;shutter_speed&quot;:&quot;0&quot;,&quot;title&quot;:&quot;&quot;,&quot;orientation&quot;:&quot;1&quot;}\" data-image-title=\"tse_posse_moraes2\" data-image-description=\"\" data-image-caption=\"&lt;p&gt;O ministro Alexandre de Moraes toma posse na presid\u00eancia do Tribunal Superior Eleitoral (TSE)&lt;\/p&gt;\n\" data-medium-file=\"https:\/\/www.infomoney.com.br\/wp-content\/uploads\/2022\/08\/tse_posse_moraes2.jpg?fit=300%2C179&amp;quality=70&amp;strip=all\" data-large-file=\"https:\/\/www.infomoney.com.br\/wp-content\/uploads\/2022\/08\/tse_posse_moraes2.jpg?fit=1170%2C700&amp;quality=70&amp;strip=all\" title=\"\"><\/p>\n<p>O presidente do Tribunal Superior Eleitoral (TSE), ministro Alexandre de Moraes, disse nesta ter\u00e7a-feira (1\u00b0) que a Justi\u00e7a Eleitoral vai avan\u00e7ar no combate \u00e0s novas modalidades de abusos de poder econ\u00f4mico e pol\u00edtico nas elei\u00e7\u00f5es.<\/p>\n<p>Moraes fez breve discurso durante a abertura dos trabalhos do segundo semestre no TSE e ressaltou a prepara\u00e7\u00e3o das elei\u00e7\u00f5es municipais de 2024.<\/p>\n<p>\u201cA Justi\u00e7a Eleitoral vem se pautando por seguir os seus precedentes e avan\u00e7ar nos precedentes. Avan\u00e7ar no sentido de se modernizar para que possa coibir as novas modalidades de fraudes, as novas modalidades de abuso de poder econ\u00f4mico e as novas modalidades de abuso de poder pol\u00edtico\u201d, afirmou.<\/p>\n<h2><strong>Bolsonaro<\/strong><\/h2>\n<p>Mais cedo, o TSE publicou o ac\u00f3rd\u00e3o da decis\u00e3o que condenou o ex-presidente Jair Bolsonaro \u00e0 inelegibilidade pelo per\u00edodo de oito anos. A decis\u00e3o foi proferida no dia 30 de junho.<\/p>\n<p>Com a publica\u00e7\u00e3o do ac\u00f3rd\u00e3o, a defesa de Bolsonaro poder\u00e1 entrar com recursos para tentar questionar trechos da decis\u00e3o.<\/p>\n<p>The post <a rel=\"nofollow noopener\" href=\"https:\/\/www.infomoney.com.br\/politica\/moraes-diz-que-tse-combatera-novas-modalidades-de-abusos-nas-eleicoes\/\" target=\"_blank\">Moraes diz que TSE combater\u00e1 novas modalidades de abusos nas elei\u00e7\u00f5es<\/a> appeared first on <a rel=\"nofollow noopener\" href=\"https:\/\/www.infomoney.com.br\/\" target=\"_blank\">InfoMoney<\/a>.<\/p>\n","protected":false},"excerpt":{"rendered":"<p><img loading=\"lazy\" decoding=\"async\" width=\"300\" height=\"179\" src=\"https:\/\/www.infomoney.com.br\/wp-content\/uploads\/2022\/08\/tse_posse_moraes2.jpg?fit=300%2C179&amp;quality=70&amp;strip=all\" class=\"attachment-medium size-medium wp-post-image\" alt=\"Alexandre de Moraes\" data-attachment-id=\"1917046\" data-permalink=\"https:\/\/www.infomoney.com.br\/tse_posse_moraes2\/\" data-orig-file=\"https:\/\/www.infomoney.com.br\/wp-content\/uploads\/2022\/08\/tse_posse_moraes2.jpg?fit=1170%2C700&amp;quality=70&amp;strip=all\" data-orig-size=\"1170,700\" data-comments-opened=\"0\" data-image-meta='{\"aperture\":\"0\",\"credit\":\"TSE\",\"camera\":\"\",\"caption\":\"O ministro Alexandre de Moraes toma posse,  na presid\\u00eancia do Tribunal Superior Eleitoral (TSE)\",\"created_timestamp\":\"0\",\"copyright\":\"\",\"focal_length\":\"0\",\"iso\":\"0\",\"shutter_speed\":\"0\",\"title\":\"\",\"orientation\":\"1\"}' data-image-title=\"tse_posse_moraes2\" data-image-description=\"\" data-image-caption=\"&lt;p&gt;O ministro Alexandre de Moraes toma posse na presid\u00eancia do Tribunal Superior Eleitoral (TSE)&lt;\/p&gt;\n\" data-medium-file=\"https:\/\/www.infomoney.com.br\/wp-content\/uploads\/2022\/08\/tse_posse_moraes2.jpg?fit=300%2C179&amp;quality=70&amp;strip=all\" data-large-file=\"https:\/\/www.infomoney.com.br\/wp-content\/uploads\/2022\/08\/tse_posse_moraes2.jpg?fit=1170%2C700&amp;quality=70&amp;strip=all\">Presidente da Corte discursou na primeira sess\u00e3o do segundo semestre<\/p>\n<p>The post <a rel=\"nofollow\" href=\"https:\/\/www.infomoney.com.br\/politica\/moraes-diz-que-tse-combatera-novas-modalidades-de-abusos-nas-eleicoes\/\">Moraes diz que TSE combater\u00e1 novas modalidades de abusos nas elei\u00e7\u00f5es<\/a> appeared first on <a rel=\"nofollow\" href=\"https:\/\/www.infomoney.com.br\/\">InfoMoney<\/a>.<\/p>\n","protected":false},"author":44,"featured_media":0,"comment_status":"closed","ping_status":"closed","sticky":false,"template":"","format":"standard","meta":{"advgb_blocks_editor_width":"","advgb_blocks_columns_visual_guide":"","footnotes":""},"categories":[463,1662,34,2841,47,464],"tags":[35],"class_list":["post-27975","post","type-post","status-publish","format-standard","hentry","category-alexandre-de-moraes","category-eleicoes","category-g1","category-justica-eleitoral","category-politica","category-tse","tag-g1"],"author_meta":{"display_name":"Ag\u00eancia Brasil","author_link":"https:\/\/sindaopcpb.org.br\/author\/agencia-brasil\/"},"featured_img":null,"coauthors":[],"tax_additional":{"categories":{"linked":["<a href=\"https:\/\/sindaopcpb.org.br\/alexandre-de-moraes\/\" class=\"advgb-post-tax-term\">Alexandre de Moraes<\/a>","<a href=\"https:\/\/sindaopcpb.org.br\/eleicoes\/\" class=\"advgb-post-tax-term\">Elei\u00e7\u00f5es<\/a>","<a href=\"https:\/\/sindaopcpb.org.br\/g1\/\" class=\"advgb-post-tax-term\">G1<\/a>","<a href=\"https:\/\/sindaopcpb.org.br\/justica-eleitoral\/\" class=\"advgb-post-tax-term\">Justi\u00e7a Eleitoral<\/a>","<a href=\"https:\/\/sindaopcpb.org.br\/politica\/\" class=\"advgb-post-tax-term\">POLITICA<\/a>","<a href=\"https:\/\/sindaopcpb.org.br\/tse\/\" class=\"advgb-post-tax-term\">TSE<\/a>"],"unlinked":["<span class=\"advgb-post-tax-term\">Alexandre de Moraes<\/span>","<span class=\"advgb-post-tax-term\">Elei\u00e7\u00f5es<\/span>","<span class=\"advgb-post-tax-term\">G1<\/span>","<span class=\"advgb-post-tax-term\">Justi\u00e7a Eleitoral<\/span>","<span class=\"advgb-post-tax-term\">POLITICA<\/span>","<span class=\"advgb-post-tax-term\">TSE<\/span>"]},"tags":{"linked":["<a href=\"https:\/\/sindaopcpb.org.br\/tse\/\" class=\"advgb-post-tax-term\">g1<\/a>"],"unlinked":["<span class=\"advgb-post-tax-term\">g1<\/span>"]}},"comment_count":"0","relative_dates":{"created":"Publicado 3 anos atr\u00e1s","modified":"Atualizado 3 anos atr\u00e1s"},"absolute_dates":{"created":"Publicado em 2 de agosto de 2023","modified":"Atualizado em 2 de agosto de 2023"},"absolute_dates_time":{"created":"Publicado em 2 de agosto de 2023 10:12","modified":"Atualizado em 2 de agosto de 2023 10:12"},"featured_img_caption":"","series_order":"","_links":{"self":[{"href":"https:\/\/sindaopcpb.org.br\/index.php\/wp-json\/wp\/v2\/posts\/27975","targetHints":{"allow":["GET"]}}],"collection":[{"href":"https:\/\/sindaopcpb.org.br\/index.php\/wp-json\/wp\/v2\/posts"}],"about":[{"href":"https:\/\/sindaopcpb.org.br\/index.php\/wp-json\/wp\/v2\/types\/post"}],"author":[{"embeddable":true,"href":"https:\/\/sindaopcpb.org.br\/index.php\/wp-json\/wp\/v2\/users\/44"}],"replies":[{"embeddable":true,"href":"https:\/\/sindaopcpb.org.br\/index.php\/wp-json\/wp\/v2\/comments?post=27975"}],"version-history":[{"count":1,"href":"https:\/\/sindaopcpb.org.br\/index.php\/wp-json\/wp\/v2\/posts\/27975\/revisions"}],"predecessor-version":[{"id":27976,"href":"https:\/\/sindaopcpb.org.br\/index.php\/wp-json\/wp\/v2\/posts\/27975\/revisions\/27976"}],"wp:attachment":[{"href":"https:\/\/sindaopcpb.org.br\/index.php\/wp-json\/wp\/v2\/media?parent=27975"}],"wp:term":[{"taxonomy":"category","embeddable":true,"href":"https:\/\/sindaopcpb.org.br\/index.php\/wp-json\/wp\/v2\/categories?post=27975"},{"taxonomy":"post_tag","embeddable":true,"href":"https:\/\/sindaopcpb.org.br\/index.php\/wp-json\/wp\/v2\/tags?post=27975"}],"curies":[{"name":"wp","href":"https:\/\/api.w.org\/{rel}","templated":true}]}}