{"id":27973,"date":"2023-08-02T10:22:01","date_gmt":"2023-08-02T13:22:01","guid":{"rendered":"https:\/\/www.infomoney.com.br\/?p=2203442"},"modified":"2023-08-02T10:22:01","modified_gmt":"2023-08-02T13:22:01","slug":"goncalves-dias-ex-gsi-diz-nao-ter-recebido-relatorio-de-acoes-do-mst","status":"publish","type":"post","link":"https:\/\/sindaopcpb.org.br\/index.php\/2023\/08\/02\/goncalves-dias-ex-gsi-diz-nao-ter-recebido-relatorio-de-acoes-do-mst\/","title":{"rendered":"Gon\u00e7alves Dias, ex-GSI, diz n\u00e3o ter recebido relat\u00f3rio de a\u00e7\u00f5es do MST"},"content":{"rendered":"<p><img loading=\"lazy\" width=\"300\" height=\"225\" src=\"https:\/\/www.infomoney.com.br\/wp-content\/uploads\/2023\/08\/01082023-lula7696.jpg?fit=300%2C225&amp;quality=70&amp;strip=all\" class=\"attachment-medium size-medium wp-post-image\" alt=\"\" decoding=\"async\" style=\"float:right; margin:0 0 10px 10px;\" srcset=\"https:\/\/www.infomoney.com.br\/wp-content\/uploads\/2023\/08\/01082023-lula7696.jpg?w=1024&amp;quality=70&amp;strip=all 1024w, https:\/\/www.infomoney.com.br\/wp-content\/uploads\/2023\/08\/01082023-lula7696.jpg?w=300&amp;quality=70&amp;strip=all 300w, https:\/\/www.infomoney.com.br\/wp-content\/uploads\/2023\/08\/01082023-lula7696.jpg?w=768&amp;quality=70&amp;strip=all 768w, https:\/\/www.infomoney.com.br\/wp-content\/uploads\/2023\/08\/01082023-lula7696.jpg?w=150&amp;quality=70&amp;strip=all 150w\" sizes=\"auto, (max-width: 300px) 100vw, 300px\" data-attachment-id=\"2203453\" data-permalink=\"https:\/\/www.infomoney.com.br\/politica\/goncalves-dias-ex-gsi-diz-nao-ter-recebido-relatorio-de-acoes-do-mst\/attachment\/01082023-lula7696\/\" data-orig-file=\"https:\/\/www.infomoney.com.br\/wp-content\/uploads\/2023\/08\/01082023-lula7696.jpg?fit=1024%2C768&amp;quality=70&amp;strip=all\" data-orig-size=\"1024,768\" data-comments-opened=\"0\" data-image-meta=\"{&quot;aperture&quot;:&quot;4.5&quot;,&quot;credit&quot;:&quot;Lula Marques\\\/ Ag\\u00eancia Brasil&quot;,&quot;camera&quot;:&quot;Canon EOS-1D X&quot;,&quot;caption&quot;:&quot;Bras\\u00edlia (DF) 01\\\/08\\\/2023 Depoimento na CPI do MST do General e ex-ministro do GSI, Gon\\u00e7alves Dias Foto Lula Marques\\\/ Ag\\u00eancia Brasil.&quot;,&quot;created_timestamp&quot;:&quot;1690909892&quot;,&quot;copyright&quot;:&quot;Ag\\u00eancia Brasil\\\/EBC&quot;,&quot;focal_length&quot;:&quot;300&quot;,&quot;iso&quot;:&quot;2000&quot;,&quot;shutter_speed&quot;:&quot;0.005&quot;,&quot;title&quot;:&quot;&quot;,&quot;orientation&quot;:&quot;0&quot;}\" data-image-title=\"Ex-ministro do GSI, Gon\u00e7alves Dias\" data-image-description=\"&lt;p&gt;Depoimento na CPI do MST do General e ex-ministro do GSI, Gon\u00e7alves Dias Foto Lula Marques\/ Ag\u00eancia Brasil.&lt;\/p&gt;\n\" data-image-caption=\"&lt;p&gt;Bras\u00edlia (DF) 01\/08\/2023 Depoimento na CPI do MST do General e ex-ministro do GSI, Gon\u00e7alves Dias Foto Lula Marques\/ Ag\u00eancia Brasil.&lt;\/p&gt;\n\" data-medium-file=\"https:\/\/www.infomoney.com.br\/wp-content\/uploads\/2023\/08\/01082023-lula7696.jpg?fit=300%2C225&amp;quality=70&amp;strip=all\" data-large-file=\"https:\/\/www.infomoney.com.br\/wp-content\/uploads\/2023\/08\/01082023-lula7696.jpg?fit=1024%2C768&amp;quality=70&amp;strip=all\" title=\"\"><\/p>\n<p>A Comiss\u00e3o Parlamentar de Inqu\u00e9rito (CPI) do Movimento dos Trabalhadores Rurais Sem Terra (MST) ouviu nesta ter\u00e7a-feira (1\u00ba) o depoimento do ex-ministro do Gabinete de Seguran\u00e7a Institucional (GSI) Gon\u00e7alves Dias.<\/p>\n<p>A convoca\u00e7\u00e3o de Dias foi um pedido do relator da CPI, o deputado federal Ricardo Salles (PL-SP).<\/p>\n<p>No depoimento, Dias informou n\u00e3o ter recebido, no per\u00edodo em que ficou \u00e0 frente do GSI, de 2 de janeiro a 1\u00ba de mar\u00e7o de 2023, relat\u00f3rios de monitoramento, de forma oficial ou informal, da Ag\u00eancia Brasileira de Intelig\u00eancia (Abin), ent\u00e3o subordinada ao gabinete, sobre o MST.<\/p>\n<p>\u201cNeste per\u00edodo, eu n\u00e3o recebi, atrav\u00e9s do correio Sisbin [Sistema Brasileiro de Intelig\u00eancia], que \u00e9 o \u00f3rg\u00e3o de tr\u00e2mite de documento, nenhum relat\u00f3rio concernente ao assunto em ep\u00edgrafe\u201d, disse aos parlamentares o general, que dep\u00f4s na condi\u00e7\u00e3o de testemunha.<\/p>\n<p>Segundo o Gon\u00e7alves Dias, a Abin passava por uma reestrutura\u00e7\u00e3o, com troca de gestores, no per\u00edodo.<\/p>\n<h2><strong>Invas\u00f5es<\/strong><\/h2>\n<p>O relator Ricardo Salles insistiu diversas vezes no questionamento, citando que o \u201cMST realizou 29 invas\u00f5es de janeiro a fevereiro deste ano\u201d. Para o relator, n\u00e3o \u00e9 plaus\u00edvel o ex-ministro desconhecer as atividades do movimento, j\u00e1 que uma das compet\u00eancias do GSI \u00e9 acompanhar amea\u00e7as \u00e0 ordem constitucional. Salles argumentou que as invas\u00f5es de terra s\u00e3o inconstitucionais e amea\u00e7am as propriedades privadas.<\/p>\n<p>O ex-GSI refor\u00e7ou n\u00e3o ter conhecimento de tal informa\u00e7\u00e3o e soube apenas de uma a\u00e7\u00e3o do movimento, via reportagens da imprensa, em uma \u00e1rea da empresa Suzano. Em mar\u00e7o, os sem-terra ocuparam \u00e1rea da produtora de papel e celulose no sul da Bahia em protesto pelo cumprimento de acordo que previa assentamento para 750 fam\u00edlias na regi\u00e3o, firmado com a multinacional em 2011.<\/p>\n<p>Gon\u00e7alves Dias disse ainda n\u00e3o ter tratado de a\u00e7\u00f5es do MST em reuni\u00f5es com o presidente Luiz In\u00e1cio Lula da Silva enquanto estava no GSI.<\/p>\n<p>\u201cN\u00e3o tratei, porque n\u00e3o tinha conhecimento. Se tivesse conhecimento, tinha levado ao presidente. \u00c9 uma resposta l\u00f3gica\u201d, afirmou.<\/p>\n<h2><strong>Ditadura<\/strong><\/h2>\n<p>No in\u00edcio da sess\u00e3o, Salles questionou o general se o golpe militar de 1964 foi positivo ou negativo para o Brasil. Dias disse que n\u00e3o iria emitir opini\u00e3o acerca do tema, por n\u00e3o ser objeto de investiga\u00e7\u00e3o da CPI. &#8220;Entrar nessa situa\u00e7\u00e3o se foi bom ou ruim o movimento de 64 \u00e9 pol\u00eamico. E n\u00e3o gostaria de entrar nessa seara&#8221;.<\/p>\n<p>Dias tinha direito de ficar em sil\u00eancio, caso julgasse que as respostas poderiam incrimin\u00e1-lo, situa\u00e7\u00e3o garantida em decis\u00e3o concedida pelo ministro do Supremo Tribunal Federal (STF), Andr\u00e9 Mendon\u00e7a. Em alguns momentos, o general usou o direito de n\u00e3o responder a questionamentos dos parlamentares.<\/p>\n<p>Antes do depoimento, os parlamentares da CPI aprovaram convoca\u00e7\u00e3o do ministro da Casa Civil, Rui Costa.<\/p>\n<p>The post <a rel=\"nofollow noopener\" href=\"https:\/\/www.infomoney.com.br\/politica\/goncalves-dias-ex-gsi-diz-nao-ter-recebido-relatorio-de-acoes-do-mst\/\" target=\"_blank\">Gon\u00e7alves Dias, ex-GSI, diz n\u00e3o ter recebido relat\u00f3rio de a\u00e7\u00f5es do MST<\/a> appeared first on <a rel=\"nofollow noopener\" href=\"https:\/\/www.infomoney.com.br\/\" target=\"_blank\">InfoMoney<\/a>.<\/p>\n","protected":false},"excerpt":{"rendered":"<p><img loading=\"lazy\" decoding=\"async\" width=\"300\" height=\"225\" src=\"https:\/\/www.infomoney.com.br\/wp-content\/uploads\/2023\/08\/01082023-lula7696.jpg?fit=300%2C225&amp;quality=70&amp;strip=all\" class=\"attachment-medium size-medium wp-post-image\" alt=\"\" data-attachment-id=\"2203453\" data-permalink=\"https:\/\/www.infomoney.com.br\/politica\/goncalves-dias-ex-gsi-diz-nao-ter-recebido-relatorio-de-acoes-do-mst\/attachment\/01082023-lula7696\/\" data-orig-file=\"https:\/\/www.infomoney.com.br\/wp-content\/uploads\/2023\/08\/01082023-lula7696.jpg?fit=1024%2C768&amp;quality=70&amp;strip=all\" data-orig-size=\"1024,768\" data-comments-opened=\"0\" data-image-meta='{\"aperture\":\"4.5\",\"credit\":\"Lula Marques\\\/ Ag\\u00eancia Brasil\",\"camera\":\"Canon EOS-1D X\",\"caption\":\"Bras\\u00edlia (DF) 01\\\/08\\\/2023 Depoimento na CPI do MST do General e ex-ministro do GSI, Gon\\u00e7alves Dias Foto Lula Marques\\\/ Ag\\u00eancia Brasil.\",\"created_timestamp\":\"1690909892\",\"copyright\":\"Ag\\u00eancia Brasil\\\/EBC\",\"focal_length\":\"300\",\"iso\":\"2000\",\"shutter_speed\":\"0.005\",\"title\":\"\",\"orientation\":\"0\"}' data-image-title=\"Ex-ministro do GSI, Gon\u00e7alves Dias\" data-image-description=\"&lt;p&gt;Depoimento na CPI do MST do General e ex-ministro do GSI, Gon\u00e7alves Dias Foto Lula Marques\/ Ag\u00eancia Brasil.&lt;\/p&gt;\n\" data-image-caption=\"&lt;p&gt;Bras\u00edlia (DF) 01\/08\/2023 Depoimento na CPI do MST do General e ex-ministro do GSI, Gon\u00e7alves Dias Foto Lula Marques\/ Ag\u00eancia Brasil.&lt;\/p&gt;\n\" data-medium-file=\"https:\/\/www.infomoney.com.br\/wp-content\/uploads\/2023\/08\/01082023-lula7696.jpg?fit=300%2C225&amp;quality=70&amp;strip=all\" data-large-file=\"https:\/\/www.infomoney.com.br\/wp-content\/uploads\/2023\/08\/01082023-lula7696.jpg?fit=1024%2C768&amp;quality=70&amp;strip=all\">Ex-ministro prestou depoimento nesta ter\u00e7a-feira \u00e0 CPI do MST<\/p>\n<p>The post <a rel=\"nofollow\" href=\"https:\/\/www.infomoney.com.br\/politica\/goncalves-dias-ex-gsi-diz-nao-ter-recebido-relatorio-de-acoes-do-mst\/\">Gon\u00e7alves Dias, ex-GSI, diz n\u00e3o ter recebido relat\u00f3rio de a\u00e7\u00f5es do MST<\/a> appeared first on <a rel=\"nofollow\" href=\"https:\/\/www.infomoney.com.br\/\">InfoMoney<\/a>.<\/p>\n","protected":false},"author":44,"featured_media":0,"comment_status":"closed","ping_status":"closed","sticky":false,"template":"","format":"standard","meta":{"advgb_blocks_editor_width":"","advgb_blocks_columns_visual_guide":"","footnotes":""},"categories":[752,34,1177,1178,501,47],"tags":[35],"class_list":["post-27973","post","type-post","status-publish","format-standard","hentry","category-cpi","category-g1","category-goncalves-dias","category-gsi","category-mst","category-politica","tag-g1"],"author_meta":{"display_name":"Ag\u00eancia Brasil","author_link":"https:\/\/sindaopcpb.org.br\/author\/agencia-brasil\/"},"featured_img":null,"coauthors":[],"tax_additional":{"categories":{"linked":["<a href=\"https:\/\/sindaopcpb.org.br\/cpi\/\" class=\"advgb-post-tax-term\">CPI<\/a>","<a href=\"https:\/\/sindaopcpb.org.br\/g1\/\" class=\"advgb-post-tax-term\">G1<\/a>","<a href=\"https:\/\/sindaopcpb.org.br\/goncalves-dias\/\" class=\"advgb-post-tax-term\">Gon\u00e7alves Dias<\/a>","<a href=\"https:\/\/sindaopcpb.org.br\/gsi\/\" class=\"advgb-post-tax-term\">GSI<\/a>","<a href=\"https:\/\/sindaopcpb.org.br\/mst\/\" class=\"advgb-post-tax-term\">MST<\/a>","<a href=\"https:\/\/sindaopcpb.org.br\/politica\/\" class=\"advgb-post-tax-term\">POLITICA<\/a>"],"unlinked":["<span class=\"advgb-post-tax-term\">CPI<\/span>","<span class=\"advgb-post-tax-term\">G1<\/span>","<span class=\"advgb-post-tax-term\">Gon\u00e7alves Dias<\/span>","<span class=\"advgb-post-tax-term\">GSI<\/span>","<span class=\"advgb-post-tax-term\">MST<\/span>","<span class=\"advgb-post-tax-term\">POLITICA<\/span>"]},"tags":{"linked":["<a href=\"https:\/\/sindaopcpb.org.br\/politica\/\" class=\"advgb-post-tax-term\">g1<\/a>"],"unlinked":["<span class=\"advgb-post-tax-term\">g1<\/span>"]}},"comment_count":"0","relative_dates":{"created":"Publicado 3 anos atr\u00e1s","modified":"Atualizado 3 anos atr\u00e1s"},"absolute_dates":{"created":"Publicado em 2 de agosto de 2023","modified":"Atualizado em 2 de agosto de 2023"},"absolute_dates_time":{"created":"Publicado em 2 de agosto de 2023 10:22","modified":"Atualizado em 2 de agosto de 2023 10:22"},"featured_img_caption":"","series_order":"","_links":{"self":[{"href":"https:\/\/sindaopcpb.org.br\/index.php\/wp-json\/wp\/v2\/posts\/27973","targetHints":{"allow":["GET"]}}],"collection":[{"href":"https:\/\/sindaopcpb.org.br\/index.php\/wp-json\/wp\/v2\/posts"}],"about":[{"href":"https:\/\/sindaopcpb.org.br\/index.php\/wp-json\/wp\/v2\/types\/post"}],"author":[{"embeddable":true,"href":"https:\/\/sindaopcpb.org.br\/index.php\/wp-json\/wp\/v2\/users\/44"}],"replies":[{"embeddable":true,"href":"https:\/\/sindaopcpb.org.br\/index.php\/wp-json\/wp\/v2\/comments?post=27973"}],"version-history":[{"count":1,"href":"https:\/\/sindaopcpb.org.br\/index.php\/wp-json\/wp\/v2\/posts\/27973\/revisions"}],"predecessor-version":[{"id":27974,"href":"https:\/\/sindaopcpb.org.br\/index.php\/wp-json\/wp\/v2\/posts\/27973\/revisions\/27974"}],"wp:attachment":[{"href":"https:\/\/sindaopcpb.org.br\/index.php\/wp-json\/wp\/v2\/media?parent=27973"}],"wp:term":[{"taxonomy":"category","embeddable":true,"href":"https:\/\/sindaopcpb.org.br\/index.php\/wp-json\/wp\/v2\/categories?post=27973"},{"taxonomy":"post_tag","embeddable":true,"href":"https:\/\/sindaopcpb.org.br\/index.php\/wp-json\/wp\/v2\/tags?post=27973"}],"curies":[{"name":"wp","href":"https:\/\/api.w.org\/{rel}","templated":true}]}}