{"id":27965,"date":"2023-08-02T08:53:46","date_gmt":"2023-08-02T11:53:46","guid":{"rendered":"https:\/\/g1.globo.com\/pb\/paraiba\/noticia\/2023\/08\/02\/fotos-superlua-de-esturjao-na-paraiba.ghtml"},"modified":"2023-08-02T08:53:46","modified_gmt":"2023-08-02T11:53:46","slug":"fotos-superlua-de-esturjao-na-paraiba","status":"publish","type":"post","link":"https:\/\/sindaopcpb.org.br\/index.php\/2023\/08\/02\/fotos-superlua-de-esturjao-na-paraiba\/","title":{"rendered":"FOTOS: Superlua de Esturj\u00e3o na Para\u00edba"},"content":{"rendered":"   <img src=\"https:\/\/s2.glbimg.com\/vUN7DFpCZDqB7hccoiuA5tAnm28=\/i.s3.glbimg.com\/v1\/AUTH_59edd422c0c84a879bd37670ae4f538a\/internal_photos\/bs\/2023\/R\/i\/RqBOJRTYqhAkFai6OxKA\/superlua05.jpg\" \/><br \/>     Associa\u00e7\u00e3o Paraibana de Astronomia promoveu pontos de observa\u00e7\u00e3o em Jo\u00e3o Pessoa, Tapero\u00e1, Esperan\u00e7a e Araruna. Superlua em Sousa, no Sert\u00e3o da Para\u00edba\nBeto Silva\/TV Para\u00edba\nA Superlua de Esturj\u00e3o tomou conta do c\u00e9u da noite desta ter\u00e7a-feira (1\u00ba), na Para\u00edba. A Associa\u00e7\u00e3o Paraibana de Astronomia promoveu pontos de observa\u00e7\u00e3o em Jo\u00e3o Pessoa, Tapero\u00e1, Esperan\u00e7a e Araruna para que as pessoas pudessem aproveitar o fen\u00f4meno natural. Confira imagens do fen\u00f4meno em v\u00e1rias partes do estado:\nFOTOS: Superlua de Esturj\u00e3o na Para\u00edba\nA Superlua de Esturj\u00e3o recebe esse nome porque coincide com a apari\u00e7\u00e3o em grande quantidade do peixe esturj\u00e3o nos rios e lagos que ficam na divisa entre os Estados Unidos e o Canad\u00e1.\nSuperlua \u00e9 registrada em Sousa\nUma superlua ocorre quando a lua est\u00e1 mais pr\u00f3xima da Terra, em seu perigeu, ficando a cerca de 362 mil quil\u00f4metros da Terra, o que faz ela parecer 17% maior e 30% mais brilhante.\nOutros eventos astron\u00f4micos\nNo m\u00eas de agosto, ocorrer\u00e1 a Superlua Azul, no dia 30. E, em 2023, ainda teremos: \nLua cheia, em 29 de setembro;\nEclipse solar, no dia 14 de outubro;\nLua do Ca\u00e7ador, em 28 de outubro;\nLua do Castor, em 27 de novembro;\nLua Fria, em 26 de dezembro.\nV\u00eddeos mais assistidos do g1 Para\u00edba  ","protected":false},"excerpt":{"rendered":"<p>        Associa\u00e7\u00e3o Paraibana de Astronomia promoveu pontos de observa\u00e7\u00e3o em Jo\u00e3o Pessoa, Tapero\u00e1, Esperan\u00e7a e Araruna. Superlua em Sousa, no Sert\u00e3o da Para\u00edba<br \/>\nBeto Silva\/TV Para\u00edba<br \/>\nA Superlua de Esturj\u00e3o tomou conta do c\u00e9u da noite desta ter\u00e7a-feira (1&#8230;<\/p>\n","protected":false},"author":2,"featured_media":0,"comment_status":"closed","ping_status":"closed","sticky":false,"template":"","format":"standard","meta":{"advgb_blocks_editor_width":"","advgb_blocks_columns_visual_guide":"","footnotes":""},"categories":[34],"tags":[35],"class_list":["post-27965","post","type-post","status-publish","format-standard","hentry","category-g1","tag-g1"],"author_meta":{"display_name":"g1 &gt; Para\u00edba","author_link":"https:\/\/sindaopcpb.org.br\/author\/g1-paraiba\/"},"featured_img":null,"coauthors":[],"tax_additional":{"categories":{"linked":["<a href=\"https:\/\/sindaopcpb.org.br\/g1\/\" class=\"advgb-post-tax-term\">G1<\/a>"],"unlinked":["<span class=\"advgb-post-tax-term\">G1<\/span>"]},"tags":{"linked":["<a href=\"https:\/\/sindaopcpb.org.br\/g1\/\" class=\"advgb-post-tax-term\">g1<\/a>"],"unlinked":["<span class=\"advgb-post-tax-term\">g1<\/span>"]}},"comment_count":"0","relative_dates":{"created":"Publicado 3 anos atr\u00e1s","modified":"Atualizado 3 anos atr\u00e1s"},"absolute_dates":{"created":"Publicado em 2 de agosto de 2023","modified":"Atualizado em 2 de agosto de 2023"},"absolute_dates_time":{"created":"Publicado em 2 de agosto de 2023 08:53","modified":"Atualizado em 2 de agosto de 2023 08:53"},"featured_img_caption":"","series_order":"","_links":{"self":[{"href":"https:\/\/sindaopcpb.org.br\/index.php\/wp-json\/wp\/v2\/posts\/27965","targetHints":{"allow":["GET"]}}],"collection":[{"href":"https:\/\/sindaopcpb.org.br\/index.php\/wp-json\/wp\/v2\/posts"}],"about":[{"href":"https:\/\/sindaopcpb.org.br\/index.php\/wp-json\/wp\/v2\/types\/post"}],"author":[{"embeddable":true,"href":"https:\/\/sindaopcpb.org.br\/index.php\/wp-json\/wp\/v2\/users\/2"}],"replies":[{"embeddable":true,"href":"https:\/\/sindaopcpb.org.br\/index.php\/wp-json\/wp\/v2\/comments?post=27965"}],"version-history":[{"count":2,"href":"https:\/\/sindaopcpb.org.br\/index.php\/wp-json\/wp\/v2\/posts\/27965\/revisions"}],"predecessor-version":[{"id":28027,"href":"https:\/\/sindaopcpb.org.br\/index.php\/wp-json\/wp\/v2\/posts\/27965\/revisions\/28027"}],"wp:attachment":[{"href":"https:\/\/sindaopcpb.org.br\/index.php\/wp-json\/wp\/v2\/media?parent=27965"}],"wp:term":[{"taxonomy":"category","embeddable":true,"href":"https:\/\/sindaopcpb.org.br\/index.php\/wp-json\/wp\/v2\/categories?post=27965"},{"taxonomy":"post_tag","embeddable":true,"href":"https:\/\/sindaopcpb.org.br\/index.php\/wp-json\/wp\/v2\/tags?post=27965"}],"curies":[{"name":"wp","href":"https:\/\/api.w.org\/{rel}","templated":true}]}}