{"id":27947,"date":"2023-08-02T07:53:02","date_gmt":"2023-08-02T10:53:02","guid":{"rendered":"https:\/\/wpa.wscom.com.br\/?p=915346"},"modified":"2023-08-02T07:53:02","modified_gmt":"2023-08-02T10:53:02","slug":"tse-publica-decisao-que-tornou-bolsonaro-inelegivel-por-oito-anos","status":"publish","type":"post","link":"https:\/\/sindaopcpb.org.br\/index.php\/2023\/08\/02\/tse-publica-decisao-que-tornou-bolsonaro-inelegivel-por-oito-anos\/","title":{"rendered":"TSE publica decis\u00e3o que tornou Bolsonaro ineleg\u00edvel por oito anos"},"content":{"rendered":"<p>&nbsp;<\/p>\n<p>&nbsp;<\/p>\n<p>O Tribunal Superior Eleitoral (TSE) publicou nesta ter\u00e7a-feira (1\u00b0) o ac\u00f3rd\u00e3o da decis\u00e3o que condenou o ex-presidente Jair Bolsonaro \u00e0 inelegibilidade pelo per\u00edodo de oito anos. A\u00a0decis\u00e3o foi proferida\u00a0em sess\u00e3o no dia 30 de junho.<img decoding=\"async\" src=\"https:\/\/agenciabrasil.ebc.com.br\/ebc.png?id=1546836&amp;o=node\" alt=\"\" title=\"\"><img decoding=\"async\" src=\"https:\/\/agenciabrasil.ebc.com.br\/ebc.gif?id=1546836&amp;o=node\" alt=\"\" title=\"\"><\/p>\n<p>O documento tem 433 p\u00e1ginas e re\u00fane a \u00edntegra do julgamento, incluindo os votos dos ministros e as fundamenta\u00e7\u00f5es que levaram ao resultado do julgamento.<\/p>\n<p><strong>Recursos<\/strong><\/p>\n<p>Com a publica\u00e7\u00e3o do ac\u00f3rd\u00e3o, a defesa de Bolsonaro poder\u00e1 entrar com recursos para tentar questionar trechos da decis\u00e3o.<\/p>\n<p>Os advogados podem recorrer ao pr\u00f3prio TSE e ao Supremo Tribunal Federal (STF). Tr\u00eas dos sete ministros do TSE tamb\u00e9m fazem parte do STF e podem participar do julgamento de eventual recurso.<\/p>\n<p>Pelas regras internas da Corte, os ministros que atuam no tribunal eleitoral n\u00e3o ficam impedidos automaticamente de julgar quest\u00f5es constitucionais em processos oriundos do TSE.<\/p>\n<p>O post <a rel=\"nofollow noopener\" href=\"https:\/\/wscom.com.br\/tse-publica-decisao-que-tornou-bolsonaro-inelegivel-por-oito-anos\/\" target=\"_blank\">TSE publica decis\u00e3o que tornou Bolsonaro ineleg\u00edvel por oito anos<\/a> apareceu primeiro em <a rel=\"nofollow noopener\" href=\"https:\/\/wscom.com.br\/\" target=\"_blank\">WSCOM<\/a>.<\/p>\n","protected":false},"excerpt":{"rendered":"<p>\u00a0 \u00a0 O Tribunal Superior Eleitoral (TSE) publicou nesta ter\u00e7a-feira (1\u00b0) o ac\u00f3rd\u00e3o da decis\u00e3o que condenou o ex-presidente Jair Bolsonaro \u00e0 inelegibilidade pelo per\u00edodo de oito anos. A\u00a0decis\u00e3o foi proferida\u00a0em sess\u00e3o no dia 30 de junho. O documento tem 433 p\u00e1ginas e re\u00fane a \u00edntegra do julgamento, incluindo os votos dos ministros e as [\u2026]<\/p>\n<p>O post <a rel=\"nofollow\" href=\"https:\/\/wscom.com.br\/tse-publica-decisao-que-tornou-bolsonaro-inelegivel-por-oito-anos\/\">TSE publica decis\u00e3o que tornou Bolsonaro ineleg\u00edvel por oito anos<\/a> apareceu primeiro em <a rel=\"nofollow\" href=\"https:\/\/wscom.com.br\/\">WSCOM<\/a>.<\/p>\n","protected":false},"author":42,"featured_media":0,"comment_status":"closed","ping_status":"closed","sticky":false,"template":"","format":"standard","meta":{"advgb_blocks_editor_width":"","advgb_blocks_columns_visual_guide":"","footnotes":""},"categories":[7243,34,4232,3281,135,1576,278,464],"tags":[35],"class_list":["post-27947","post","type-post","status-publish","format-standard","hentry","category-decisao-publicada","category-g1","category-inelegibilidade","category-inelegivel","category-jair-bolsonaro","category-julgamento","category-justica","category-tse","tag-g1"],"author_meta":{"display_name":"Rafael Andrade","author_link":"https:\/\/sindaopcpb.org.br\/author\/rafael-andrade\/"},"featured_img":null,"coauthors":[],"tax_additional":{"categories":{"linked":["<a href=\"https:\/\/sindaopcpb.org.br\/decisao-publicada\/\" class=\"advgb-post-tax-term\">Decis\u00e3o publicada<\/a>","<a href=\"https:\/\/sindaopcpb.org.br\/g1\/\" class=\"advgb-post-tax-term\">G1<\/a>","<a href=\"https:\/\/sindaopcpb.org.br\/inelegibilidade\/\" class=\"advgb-post-tax-term\">inelegibilidade<\/a>","<a href=\"https:\/\/sindaopcpb.org.br\/inelegivel\/\" class=\"advgb-post-tax-term\">ineleg\u00edvel<\/a>","<a href=\"https:\/\/sindaopcpb.org.br\/jair-bolsonaro\/\" class=\"advgb-post-tax-term\">Jair Bolsonaro<\/a>","<a href=\"https:\/\/sindaopcpb.org.br\/julgamento\/\" class=\"advgb-post-tax-term\">julgamento<\/a>","<a href=\"https:\/\/sindaopcpb.org.br\/justica\/\" class=\"advgb-post-tax-term\">Justi\u00e7a<\/a>","<a href=\"https:\/\/sindaopcpb.org.br\/tse\/\" class=\"advgb-post-tax-term\">TSE<\/a>"],"unlinked":["<span class=\"advgb-post-tax-term\">Decis\u00e3o publicada<\/span>","<span class=\"advgb-post-tax-term\">G1<\/span>","<span class=\"advgb-post-tax-term\">inelegibilidade<\/span>","<span class=\"advgb-post-tax-term\">ineleg\u00edvel<\/span>","<span class=\"advgb-post-tax-term\">Jair Bolsonaro<\/span>","<span class=\"advgb-post-tax-term\">julgamento<\/span>","<span class=\"advgb-post-tax-term\">Justi\u00e7a<\/span>","<span class=\"advgb-post-tax-term\">TSE<\/span>"]},"tags":{"linked":["<a href=\"https:\/\/sindaopcpb.org.br\/tse\/\" class=\"advgb-post-tax-term\">g1<\/a>"],"unlinked":["<span class=\"advgb-post-tax-term\">g1<\/span>"]}},"comment_count":"0","relative_dates":{"created":"Publicado 3 anos atr\u00e1s","modified":"Atualizado 3 anos atr\u00e1s"},"absolute_dates":{"created":"Publicado em 2 de agosto de 2023","modified":"Atualizado em 2 de agosto de 2023"},"absolute_dates_time":{"created":"Publicado em 2 de agosto de 2023 07:53","modified":"Atualizado em 2 de agosto de 2023 07:53"},"featured_img_caption":"","series_order":"","_links":{"self":[{"href":"https:\/\/sindaopcpb.org.br\/index.php\/wp-json\/wp\/v2\/posts\/27947","targetHints":{"allow":["GET"]}}],"collection":[{"href":"https:\/\/sindaopcpb.org.br\/index.php\/wp-json\/wp\/v2\/posts"}],"about":[{"href":"https:\/\/sindaopcpb.org.br\/index.php\/wp-json\/wp\/v2\/types\/post"}],"author":[{"embeddable":true,"href":"https:\/\/sindaopcpb.org.br\/index.php\/wp-json\/wp\/v2\/users\/42"}],"replies":[{"embeddable":true,"href":"https:\/\/sindaopcpb.org.br\/index.php\/wp-json\/wp\/v2\/comments?post=27947"}],"version-history":[{"count":1,"href":"https:\/\/sindaopcpb.org.br\/index.php\/wp-json\/wp\/v2\/posts\/27947\/revisions"}],"predecessor-version":[{"id":27948,"href":"https:\/\/sindaopcpb.org.br\/index.php\/wp-json\/wp\/v2\/posts\/27947\/revisions\/27948"}],"wp:attachment":[{"href":"https:\/\/sindaopcpb.org.br\/index.php\/wp-json\/wp\/v2\/media?parent=27947"}],"wp:term":[{"taxonomy":"category","embeddable":true,"href":"https:\/\/sindaopcpb.org.br\/index.php\/wp-json\/wp\/v2\/categories?post=27947"},{"taxonomy":"post_tag","embeddable":true,"href":"https:\/\/sindaopcpb.org.br\/index.php\/wp-json\/wp\/v2\/tags?post=27947"}],"curies":[{"name":"wp","href":"https:\/\/api.w.org\/{rel}","templated":true}]}}