{"id":27943,"date":"2023-08-02T08:06:58","date_gmt":"2023-08-02T11:06:58","guid":{"rendered":"https:\/\/wpa.wscom.com.br\/?p=915354"},"modified":"2023-08-02T08:06:58","modified_gmt":"2023-08-02T11:06:58","slug":"stf-retoma-julgamento-sobre-descriminalizacao-do-porte-de-drogas","status":"publish","type":"post","link":"https:\/\/sindaopcpb.org.br\/index.php\/2023\/08\/02\/stf-retoma-julgamento-sobre-descriminalizacao-do-porte-de-drogas\/","title":{"rendered":"STF retoma julgamento sobre descriminaliza\u00e7\u00e3o do porte de drogas"},"content":{"rendered":"<p>&nbsp;<\/p>\n<p>&nbsp;<\/p>\n<p>O Supremo Tribunal Federal (STF) retoma hoje (2) o julgamento sobre a descriminaliza\u00e7\u00e3o do porte de pequenas quantidades de drogas para consumo pessoal.<img decoding=\"async\" src=\"https:\/\/agenciabrasil.ebc.com.br\/ebc.png?id=1546837&amp;o=node\" alt=\"\" title=\"\"><img decoding=\"async\" src=\"https:\/\/agenciabrasil.ebc.com.br\/ebc.gif?id=1546837&amp;o=node\" alt=\"\" title=\"\"><\/p>\n<p>O processo sobre o assunto estava previsto para ser julgado em junho deste ano, mas foi adiado em fun\u00e7\u00e3o das sess\u00f5es destinadas ao julgamento do ex-presidente Fernando Collor.<\/p>\n<p>A descriminaliza\u00e7\u00e3o do porte come\u00e7ou ser analisada em 2015, mas o julgamento foi suspenso por um pedido de vista do ministro Alexandre de Moraes.<\/p>\n<p>O caso trata da posse e do porte de drogas para consumo pessoal, infra\u00e7\u00e3o penal de baixa gravidade que consta no Artigo 28 da Lei das Drogas (Lei 11.343\/2006). As penas previstas s\u00e3o advert\u00eancia sobre os efeitos das drogas, servi\u00e7os comunit\u00e1rios e medida educativa de comparecimento \u00e0 programa ou curso sobre uso de drogas.<\/p>\n<p>At\u00e9 o momento, tr\u00eas ministros &#8211; Lu\u00eds Roberto Barroso, Edson Fachin e Gilmar Mendes &#8211; votaram, todos a favor de algum tipo de descriminaliza\u00e7\u00e3o da posse de drogas.<\/p>\n<p>O recurso sobre o assunto tem repercuss\u00e3o geral reconhecida, devendo servir de par\u00e2metro para todo o Judici\u00e1rio brasileiro.<\/p>\n<p>O post <a rel=\"nofollow noopener\" href=\"https:\/\/wscom.com.br\/stf-retoma-julgamento-sobre-descriminalizacao-do-porte-de-drogas\/\" target=\"_blank\">STF retoma julgamento sobre descriminaliza\u00e7\u00e3o do porte de drogas<\/a> apareceu primeiro em <a rel=\"nofollow noopener\" href=\"https:\/\/wscom.com.br\/\" target=\"_blank\">WSCOM<\/a>.<\/p>\n","protected":false},"excerpt":{"rendered":"<p>\u00a0 \u00a0 O Supremo Tribunal Federal (STF) retoma hoje (2) o julgamento sobre a descriminaliza\u00e7\u00e3o do porte de pequenas quantidades de drogas para consumo pessoal. O processo sobre o assunto estava previsto para ser julgado em junho deste ano, mas foi adiado em fun\u00e7\u00e3o das sess\u00f5es destinadas ao julgamento do ex-presidente Fernando Collor. A descriminaliza\u00e7\u00e3o [\u2026]<\/p>\n<p>O post <a rel=\"nofollow\" href=\"https:\/\/wscom.com.br\/stf-retoma-julgamento-sobre-descriminalizacao-do-porte-de-drogas\/\">STF retoma julgamento sobre descriminaliza\u00e7\u00e3o do porte de drogas<\/a> apareceu primeiro em <a rel=\"nofollow\" href=\"https:\/\/wscom.com.br\/\">WSCOM<\/a>.<\/p>\n","protected":false},"author":42,"featured_media":0,"comment_status":"closed","ping_status":"closed","sticky":false,"template":"","format":"standard","meta":{"advgb_blocks_editor_width":"","advgb_blocks_columns_visual_guide":"","footnotes":""},"categories":[7238,34,1576,278,7239,449],"tags":[35],"class_list":["post-27943","post","type-post","status-publish","format-standard","hentry","category-descriminalizacao","category-g1","category-julgamento","category-justica","category-porte-de-drogas","category-stf","tag-g1"],"author_meta":{"display_name":"Rafael Andrade","author_link":"https:\/\/sindaopcpb.org.br\/author\/rafael-andrade\/"},"featured_img":null,"coauthors":[],"tax_additional":{"categories":{"linked":["<a href=\"https:\/\/sindaopcpb.org.br\/descriminalizacao\/\" class=\"advgb-post-tax-term\">descriminaliza\u00e7\u00e3o<\/a>","<a href=\"https:\/\/sindaopcpb.org.br\/g1\/\" class=\"advgb-post-tax-term\">G1<\/a>","<a href=\"https:\/\/sindaopcpb.org.br\/julgamento\/\" class=\"advgb-post-tax-term\">julgamento<\/a>","<a href=\"https:\/\/sindaopcpb.org.br\/justica\/\" class=\"advgb-post-tax-term\">Justi\u00e7a<\/a>","<a href=\"https:\/\/sindaopcpb.org.br\/porte-de-drogas\/\" class=\"advgb-post-tax-term\">Porte de Drogas<\/a>","<a href=\"https:\/\/sindaopcpb.org.br\/stf\/\" class=\"advgb-post-tax-term\">STF<\/a>"],"unlinked":["<span class=\"advgb-post-tax-term\">descriminaliza\u00e7\u00e3o<\/span>","<span class=\"advgb-post-tax-term\">G1<\/span>","<span class=\"advgb-post-tax-term\">julgamento<\/span>","<span class=\"advgb-post-tax-term\">Justi\u00e7a<\/span>","<span class=\"advgb-post-tax-term\">Porte de Drogas<\/span>","<span class=\"advgb-post-tax-term\">STF<\/span>"]},"tags":{"linked":["<a href=\"https:\/\/sindaopcpb.org.br\/stf\/\" class=\"advgb-post-tax-term\">g1<\/a>"],"unlinked":["<span class=\"advgb-post-tax-term\">g1<\/span>"]}},"comment_count":"0","relative_dates":{"created":"Publicado 3 anos atr\u00e1s","modified":"Atualizado 3 anos atr\u00e1s"},"absolute_dates":{"created":"Publicado em 2 de agosto de 2023","modified":"Atualizado em 2 de agosto de 2023"},"absolute_dates_time":{"created":"Publicado em 2 de agosto de 2023 08:06","modified":"Atualizado em 2 de agosto de 2023 08:06"},"featured_img_caption":"","series_order":"","_links":{"self":[{"href":"https:\/\/sindaopcpb.org.br\/index.php\/wp-json\/wp\/v2\/posts\/27943","targetHints":{"allow":["GET"]}}],"collection":[{"href":"https:\/\/sindaopcpb.org.br\/index.php\/wp-json\/wp\/v2\/posts"}],"about":[{"href":"https:\/\/sindaopcpb.org.br\/index.php\/wp-json\/wp\/v2\/types\/post"}],"author":[{"embeddable":true,"href":"https:\/\/sindaopcpb.org.br\/index.php\/wp-json\/wp\/v2\/users\/42"}],"replies":[{"embeddable":true,"href":"https:\/\/sindaopcpb.org.br\/index.php\/wp-json\/wp\/v2\/comments?post=27943"}],"version-history":[{"count":1,"href":"https:\/\/sindaopcpb.org.br\/index.php\/wp-json\/wp\/v2\/posts\/27943\/revisions"}],"predecessor-version":[{"id":27944,"href":"https:\/\/sindaopcpb.org.br\/index.php\/wp-json\/wp\/v2\/posts\/27943\/revisions\/27944"}],"wp:attachment":[{"href":"https:\/\/sindaopcpb.org.br\/index.php\/wp-json\/wp\/v2\/media?parent=27943"}],"wp:term":[{"taxonomy":"category","embeddable":true,"href":"https:\/\/sindaopcpb.org.br\/index.php\/wp-json\/wp\/v2\/categories?post=27943"},{"taxonomy":"post_tag","embeddable":true,"href":"https:\/\/sindaopcpb.org.br\/index.php\/wp-json\/wp\/v2\/tags?post=27943"}],"curies":[{"name":"wp","href":"https:\/\/api.w.org\/{rel}","templated":true}]}}