{"id":27913,"date":"2023-08-01T17:19:19","date_gmt":"2023-08-01T20:19:19","guid":{"rendered":"https:\/\/www.infomoney.com.br\/?p=2202205"},"modified":"2023-08-01T17:19:19","modified_gmt":"2023-08-01T20:19:19","slug":"mp-do-salario-minimo-tera-segunda-audiencia-na-quarta","status":"publish","type":"post","link":"https:\/\/sindaopcpb.org.br\/index.php\/2023\/08\/01\/mp-do-salario-minimo-tera-segunda-audiencia-na-quarta\/","title":{"rendered":"MP do Sal\u00e1rio M\u00ednimo ter\u00e1 segunda audi\u00eancia na quarta"},"content":{"rendered":"<p><img loading=\"lazy\" width=\"300\" height=\"200\" src=\"https:\/\/www.infomoney.com.br\/wp-content\/uploads\/2019\/06\/congresso-nacional-4.jpg?fit=300%2C200&amp;quality=70&amp;strip=all\" class=\"attachment-medium size-medium wp-post-image\" alt=\"\" decoding=\"async\" style=\"float:right; margin:0 0 10px 10px;\" srcset=\"https:\/\/www.infomoney.com.br\/wp-content\/uploads\/2019\/06\/congresso-nacional-4.jpg?w=900&amp;quality=70&amp;strip=all 900w, https:\/\/www.infomoney.com.br\/wp-content\/uploads\/2019\/06\/congresso-nacional-4.jpg?w=300&amp;quality=70&amp;strip=all 300w, https:\/\/www.infomoney.com.br\/wp-content\/uploads\/2019\/06\/congresso-nacional-4.jpg?w=768&amp;quality=70&amp;strip=all 768w, https:\/\/www.infomoney.com.br\/wp-content\/uploads\/2019\/06\/congresso-nacional-4.jpg?w=150&amp;quality=70&amp;strip=all 150w\" sizes=\"auto, (max-width: 300px) 100vw, 300px\" data-attachment-id=\"1422\" data-permalink=\"https:\/\/www.infomoney.com.br\/congresso-nacional-4\/\" data-orig-file=\"https:\/\/www.infomoney.com.br\/wp-content\/uploads\/2019\/06\/congresso-nacional-4.jpg?fit=900%2C601&amp;quality=70&amp;strip=all\" data-orig-size=\"900,601\" data-comments-opened=\"1\" data-image-meta=\"{&quot;aperture&quot;:&quot;0&quot;,&quot;credit&quot;:&quot;&quot;,&quot;camera&quot;:&quot;&quot;,&quot;caption&quot;:&quot;&quot;,&quot;created_timestamp&quot;:&quot;0&quot;,&quot;copyright&quot;:&quot;&quot;,&quot;focal_length&quot;:&quot;0&quot;,&quot;iso&quot;:&quot;0&quot;,&quot;shutter_speed&quot;:&quot;0&quot;,&quot;title&quot;:&quot;&quot;,&quot;orientation&quot;:&quot;0&quot;}\" data-image-title=\"congresso-nacional-4\" data-image-description=\"\" data-image-caption=\"\" data-medium-file=\"https:\/\/www.infomoney.com.br\/wp-content\/uploads\/2019\/06\/congresso-nacional-4.jpg?fit=300%2C200&amp;quality=70&amp;strip=all\" data-large-file=\"https:\/\/www.infomoney.com.br\/wp-content\/uploads\/2019\/06\/congresso-nacional-4.jpg?fit=900%2C601&amp;quality=70&amp;strip=all\" title=\"\"><\/p>\n<p>A comiss\u00e3o mista da Medida Provis\u00f3ria (MP) 1.172\/2023, que aumentou o valor do sal\u00e1rio m\u00ednimo, vai promover sua segunda audi\u00eancia p\u00fablica nesta quarta-feira (02). O senador Eduardo Gomes (PL-TO) \u00e9 presidente do colegiado, o deputado Merlong Solano (PT-PI), relator e o deputado Samuel Viana (PL-MG),\u00a0 vice-presidente.<\/p>\n<p>Para o debate est\u00e3o convidados representantes dos Minist\u00e9rios da Fazenda, do Trabalho e Emprego, da Previd\u00eancia Social e do Desenvolvimento e Assist\u00eancia Social, Fam\u00edlia e Combate \u00e0 Fome (MDS), al\u00e9m do Instituto de Pesquisa Econ\u00f4mica Aplicada (Ipea).<\/p>\n<p>A MP elevou o valor do sal\u00e1rio m\u00ednimo para R$ 1.320 desde o dia 1\u00ba de maio. A mudan\u00e7a representa um aumento de 2,8% com rela\u00e7\u00e3o ao valor de R$ 1.302 do in\u00edcio do ano.\u00a0O texto precisa ser votado at\u00e9 28 de agosto para n\u00e3o perder a validade.<\/p>\n<p>A medida suspendeu a tramita\u00e7\u00e3o da MP 1.143\/2022, editada em dezembro de 2022, ainda no governo de Jair Bolsonaro, que fixou o valor do sal\u00e1rio m\u00ednimo em R$ 1.302.<\/p>\n<p>&nbsp;<\/p>\n<p>The post <a rel=\"nofollow noopener\" href=\"https:\/\/www.infomoney.com.br\/politica\/mp-do-salario-minimo-tera-segunda-audiencia-na-quarta\/\" target=\"_blank\">MP do Sal\u00e1rio M\u00ednimo ter\u00e1 segunda audi\u00eancia na quarta<\/a> appeared first on <a rel=\"nofollow noopener\" href=\"https:\/\/www.infomoney.com.br\/\" target=\"_blank\">InfoMoney<\/a>.<\/p>\n","protected":false},"excerpt":{"rendered":"<p><img loading=\"lazy\" decoding=\"async\" width=\"300\" height=\"200\" src=\"https:\/\/www.infomoney.com.br\/wp-content\/uploads\/2019\/06\/congresso-nacional-4.jpg?fit=300%2C200&amp;quality=70&amp;strip=all\" class=\"attachment-medium size-medium wp-post-image\" alt=\"\" data-attachment-id=\"1422\" data-permalink=\"https:\/\/www.infomoney.com.br\/congresso-nacional-4\/\" data-orig-file=\"https:\/\/www.infomoney.com.br\/wp-content\/uploads\/2019\/06\/congresso-nacional-4.jpg?fit=900%2C601&amp;quality=70&amp;strip=all\" data-orig-size=\"900,601\" data-comments-opened=\"1\" data-image-meta='{\"aperture\":\"0\",\"credit\":\"\",\"camera\":\"\",\"caption\":\"\",\"created_timestamp\":\"0\",\"copyright\":\"\",\"focal_length\":\"0\",\"iso\":\"0\",\"shutter_speed\":\"0\",\"title\":\"\",\"orientation\":\"0\"}' data-image-title=\"congresso-nacional-4\" data-image-description=\"\" data-image-caption=\"\" data-medium-file=\"https:\/\/www.infomoney.com.br\/wp-content\/uploads\/2019\/06\/congresso-nacional-4.jpg?fit=300%2C200&amp;quality=70&amp;strip=all\" data-large-file=\"https:\/\/www.infomoney.com.br\/wp-content\/uploads\/2019\/06\/congresso-nacional-4.jpg?fit=900%2C601&amp;quality=70&amp;strip=all\">Valor de R$ 1.320 passou a vigorar desde o dia 1\u00ba de maio; mudan\u00e7a representa um aumento de 2,8% com rela\u00e7\u00e3o ao in\u00edcio do ano<\/p>\n<p>The post <a rel=\"nofollow\" href=\"https:\/\/www.infomoney.com.br\/politica\/mp-do-salario-minimo-tera-segunda-audiencia-na-quarta\/\">MP do Sal\u00e1rio M\u00ednimo ter\u00e1 segunda audi\u00eancia na quarta<\/a> appeared first on <a rel=\"nofollow\" href=\"https:\/\/www.infomoney.com.br\/\">InfoMoney<\/a>.<\/p>\n","protected":false},"author":47,"featured_media":0,"comment_status":"closed","ping_status":"closed","sticky":false,"template":"","format":"standard","meta":{"advgb_blocks_editor_width":"","advgb_blocks_columns_visual_guide":"","footnotes":""},"categories":[490,359,34,432,47,572],"tags":[35],"class_list":["post-27913","post","type-post","status-publish","format-standard","hentry","category-comissoes","category-congresso-nacional","category-g1","category-medida-provisoria","category-politica","category-salario-minimo","tag-g1"],"author_meta":{"display_name":"luispereira","author_link":"https:\/\/sindaopcpb.org.br\/author\/luispereira\/"},"featured_img":null,"coauthors":[],"tax_additional":{"categories":{"linked":["<a href=\"https:\/\/sindaopcpb.org.br\/comissoes\/\" class=\"advgb-post-tax-term\">Comiss\u00f5es<\/a>","<a href=\"https:\/\/sindaopcpb.org.br\/congresso-nacional\/\" class=\"advgb-post-tax-term\">Congresso Nacional<\/a>","<a href=\"https:\/\/sindaopcpb.org.br\/g1\/\" class=\"advgb-post-tax-term\">G1<\/a>","<a href=\"https:\/\/sindaopcpb.org.br\/medida-provisoria\/\" class=\"advgb-post-tax-term\">Medida Provis\u00f3ria<\/a>","<a href=\"https:\/\/sindaopcpb.org.br\/politica\/\" class=\"advgb-post-tax-term\">POLITICA<\/a>","<a href=\"https:\/\/sindaopcpb.org.br\/salario-minimo\/\" class=\"advgb-post-tax-term\">Sal\u00e1rio M\u00ednimo<\/a>"],"unlinked":["<span class=\"advgb-post-tax-term\">Comiss\u00f5es<\/span>","<span class=\"advgb-post-tax-term\">Congresso Nacional<\/span>","<span class=\"advgb-post-tax-term\">G1<\/span>","<span class=\"advgb-post-tax-term\">Medida Provis\u00f3ria<\/span>","<span class=\"advgb-post-tax-term\">POLITICA<\/span>","<span class=\"advgb-post-tax-term\">Sal\u00e1rio M\u00ednimo<\/span>"]},"tags":{"linked":["<a href=\"https:\/\/sindaopcpb.org.br\/salario-minimo\/\" class=\"advgb-post-tax-term\">g1<\/a>"],"unlinked":["<span class=\"advgb-post-tax-term\">g1<\/span>"]}},"comment_count":"0","relative_dates":{"created":"Publicado 3 anos atr\u00e1s","modified":"Atualizado 3 anos atr\u00e1s"},"absolute_dates":{"created":"Publicado em 1 de agosto de 2023","modified":"Atualizado em 1 de agosto de 2023"},"absolute_dates_time":{"created":"Publicado em 1 de agosto de 2023 17:19","modified":"Atualizado em 1 de agosto de 2023 17:19"},"featured_img_caption":"","series_order":"","_links":{"self":[{"href":"https:\/\/sindaopcpb.org.br\/index.php\/wp-json\/wp\/v2\/posts\/27913","targetHints":{"allow":["GET"]}}],"collection":[{"href":"https:\/\/sindaopcpb.org.br\/index.php\/wp-json\/wp\/v2\/posts"}],"about":[{"href":"https:\/\/sindaopcpb.org.br\/index.php\/wp-json\/wp\/v2\/types\/post"}],"author":[{"embeddable":true,"href":"https:\/\/sindaopcpb.org.br\/index.php\/wp-json\/wp\/v2\/users\/47"}],"replies":[{"embeddable":true,"href":"https:\/\/sindaopcpb.org.br\/index.php\/wp-json\/wp\/v2\/comments?post=27913"}],"version-history":[{"count":1,"href":"https:\/\/sindaopcpb.org.br\/index.php\/wp-json\/wp\/v2\/posts\/27913\/revisions"}],"predecessor-version":[{"id":27914,"href":"https:\/\/sindaopcpb.org.br\/index.php\/wp-json\/wp\/v2\/posts\/27913\/revisions\/27914"}],"wp:attachment":[{"href":"https:\/\/sindaopcpb.org.br\/index.php\/wp-json\/wp\/v2\/media?parent=27913"}],"wp:term":[{"taxonomy":"category","embeddable":true,"href":"https:\/\/sindaopcpb.org.br\/index.php\/wp-json\/wp\/v2\/categories?post=27913"},{"taxonomy":"post_tag","embeddable":true,"href":"https:\/\/sindaopcpb.org.br\/index.php\/wp-json\/wp\/v2\/tags?post=27913"}],"curies":[{"name":"wp","href":"https:\/\/api.w.org\/{rel}","templated":true}]}}