{"id":27897,"date":"2023-08-01T16:10:13","date_gmt":"2023-08-01T19:10:13","guid":{"rendered":"https:\/\/g1.globo.com\/pb\/paraiba\/noticia\/2023\/08\/01\/primeiro-voo-comercial-de-cajazeiras-para-pernambuco-acontece-nesta-terca-feira-1o.ghtml"},"modified":"2023-08-01T16:10:13","modified_gmt":"2023-08-01T19:10:13","slug":"primeiro-voo-comercial-de-cajazeiras-para-pernambuco-acontece-nesta-terca-feira-1o","status":"publish","type":"post","link":"https:\/\/sindaopcpb.org.br\/index.php\/2023\/08\/01\/primeiro-voo-comercial-de-cajazeiras-para-pernambuco-acontece-nesta-terca-feira-1o\/","title":{"rendered":"Primeiro voo comercial de Cajazeiras para Pernambuco acontece nesta ter\u00e7a-feira (1\u00ba)"},"content":{"rendered":"   <img src=\"https:\/\/s2.glbimg.com\/Y6LRsu37KbfpX1kk2S2LulIWjYU=\/i.s3.glbimg.com\/v1\/AUTH_59edd422c0c84a879bd37670ae4f538a\/internal_photos\/bs\/2023\/p\/S\/H3jw60RNie9n2A3wdPzQ\/aviao-azul.png\" \/><br \/>     Evento de inaugura\u00e7\u00e3o do voo no Sert\u00e3o do estado contou com a participa\u00e7\u00e3o do governador, Jo\u00e3o Azev\u00eado.  Jo\u00e3o Azev\u00eado participou de cerimonia de lan\u00e7amento de voo de Cajazeiras para Recife, PE\nDivulga\u00e7\u00e3o\/Instagram\nO primeiro voo comercial de Cajazeiras, no Sert\u00e3o da Para\u00edba, para Recife, capital de Pernambuco, aconteceu na manh\u00e3 desta ter\u00e7a-feira (1\u00ba). Com isso, a cidade se torna a segunda do Sert\u00e3o paraibano a ser contemplada com um voo regular da avia\u00e7\u00e3o comercial. O governador Jo\u00e3o Azev\u00eado esteve no evento de inaugura\u00e7\u00e3o. \nSegundo a Azul, empresa respons\u00e1vel pelos voos, a escala Cajazeiras-Recife vai acontecer tr\u00eas vezes por semana, sempre \u00e0s ter\u00e7as, quintas e s\u00e1bados. O voo vai sair de Recife sempre \u00e0s 8h55 e vai chegar em Cajazeiras \u00e0s 10h45, retornando \u00e0 capital pernambucana, \u00e0s 11h15.\nCajazeiras \u00e9 a segunda cidade do sert\u00e3o da Para\u00edba a ser contemplada com um voo comercial da Azul, pois desde agosto de 2021, Patos tamb\u00e9m mant\u00e9m uma rota at\u00e9 a capital pernambucana. \nConforme a empresa, a nova rota faz parte de uma pol\u00edtica de interioriza\u00e7\u00e3o. \u201cA decis\u00e3o de investir em conex\u00f5es regulares faz parte de um projeto maior da Azul, cujo objetivo \u00e9 contribuir para o desenvolvimento regional, conectando \u00e1reas estrat\u00e9gicas para o pa\u00eds\", afirmou Vitor Silva, gerente geral de Malha e Planejamento Estrat\u00e9gico da Azul.\nAl\u00e9m disso, a Azul tamb\u00e9m aumentou a inclus\u00e3o de 290 novos voos de Campina Grande para cidades como Belo Horizonte, Rio de Janeiro e Salvador, como parte da estrat\u00e9gia da organiza\u00e7\u00e3o. \nV\u00eddeos mais assistidos do g1 Para\u00edba  ","protected":false},"excerpt":{"rendered":"<p>        Evento de inaugura\u00e7\u00e3o do voo no Sert\u00e3o do estado contou com a participa\u00e7\u00e3o do governador, Jo\u00e3o Azev\u00eado.  Jo\u00e3o Azev\u00eado participou de cerimonia de lan\u00e7amento de voo de Cajazeiras para Recife, PE<br \/>\nDivulga\u00e7\u00e3o\/Instagram<br \/>\nO primeiro voo comercial de Ca&#8230;<\/p>\n","protected":false},"author":2,"featured_media":0,"comment_status":"closed","ping_status":"closed","sticky":false,"template":"","format":"standard","meta":{"advgb_blocks_editor_width":"","advgb_blocks_columns_visual_guide":"","footnotes":""},"categories":[34],"tags":[35],"class_list":["post-27897","post","type-post","status-publish","format-standard","hentry","category-g1","tag-g1"],"author_meta":{"display_name":"g1 &gt; Para\u00edba","author_link":"https:\/\/sindaopcpb.org.br\/author\/g1-paraiba\/"},"featured_img":null,"coauthors":[],"tax_additional":{"categories":{"linked":["<a href=\"https:\/\/sindaopcpb.org.br\/g1\/\" class=\"advgb-post-tax-term\">G1<\/a>"],"unlinked":["<span class=\"advgb-post-tax-term\">G1<\/span>"]},"tags":{"linked":["<a href=\"https:\/\/sindaopcpb.org.br\/g1\/\" class=\"advgb-post-tax-term\">g1<\/a>"],"unlinked":["<span class=\"advgb-post-tax-term\">g1<\/span>"]}},"comment_count":"0","relative_dates":{"created":"Publicado 3 anos atr\u00e1s","modified":"Atualizado 3 anos atr\u00e1s"},"absolute_dates":{"created":"Publicado em 1 de agosto de 2023","modified":"Atualizado em 1 de agosto de 2023"},"absolute_dates_time":{"created":"Publicado em 1 de agosto de 2023 16:10","modified":"Atualizado em 1 de agosto de 2023 16:10"},"featured_img_caption":"","series_order":"","_links":{"self":[{"href":"https:\/\/sindaopcpb.org.br\/index.php\/wp-json\/wp\/v2\/posts\/27897","targetHints":{"allow":["GET"]}}],"collection":[{"href":"https:\/\/sindaopcpb.org.br\/index.php\/wp-json\/wp\/v2\/posts"}],"about":[{"href":"https:\/\/sindaopcpb.org.br\/index.php\/wp-json\/wp\/v2\/types\/post"}],"author":[{"embeddable":true,"href":"https:\/\/sindaopcpb.org.br\/index.php\/wp-json\/wp\/v2\/users\/2"}],"replies":[{"embeddable":true,"href":"https:\/\/sindaopcpb.org.br\/index.php\/wp-json\/wp\/v2\/comments?post=27897"}],"version-history":[{"count":1,"href":"https:\/\/sindaopcpb.org.br\/index.php\/wp-json\/wp\/v2\/posts\/27897\/revisions"}],"predecessor-version":[{"id":27898,"href":"https:\/\/sindaopcpb.org.br\/index.php\/wp-json\/wp\/v2\/posts\/27897\/revisions\/27898"}],"wp:attachment":[{"href":"https:\/\/sindaopcpb.org.br\/index.php\/wp-json\/wp\/v2\/media?parent=27897"}],"wp:term":[{"taxonomy":"category","embeddable":true,"href":"https:\/\/sindaopcpb.org.br\/index.php\/wp-json\/wp\/v2\/categories?post=27897"},{"taxonomy":"post_tag","embeddable":true,"href":"https:\/\/sindaopcpb.org.br\/index.php\/wp-json\/wp\/v2\/tags?post=27897"}],"curies":[{"name":"wp","href":"https:\/\/api.w.org\/{rel}","templated":true}]}}