{"id":27834,"date":"2023-08-01T10:33:00","date_gmt":"2023-08-01T13:33:00","guid":{"rendered":"https:\/\/www.infomoney.com.br\/?p=2201856"},"modified":"2023-08-01T10:33:00","modified_gmt":"2023-08-01T13:33:00","slug":"agricultura-arabia-saudita-liberou-importacao-de-caprinos-do-brasil-diz-favaro","status":"publish","type":"post","link":"https:\/\/sindaopcpb.org.br\/index.php\/2023\/08\/01\/agricultura-arabia-saudita-liberou-importacao-de-caprinos-do-brasil-diz-favaro\/","title":{"rendered":"Agricultura: Ar\u00e1bia Saudita liberou importa\u00e7\u00e3o de caprinos do Brasil, diz F\u00e1varo"},"content":{"rendered":"<p><img loading=\"lazy\" width=\"300\" height=\"225\" src=\"https:\/\/www.infomoney.com.br\/wp-content\/uploads\/2023\/01\/ccbb_2912223145.jpg?fit=300%2C225&amp;quality=70&amp;strip=all\" class=\"attachment-medium size-medium wp-post-image\" alt=\"Carlos F\u00e1varo, ministro da Agricultura (Jos\u00e9 Cruz\/Ag\u00eancia Brasil)\" decoding=\"async\" style=\"float:right; margin:0 0 10px 10px;\" srcset=\"https:\/\/www.infomoney.com.br\/wp-content\/uploads\/2023\/01\/ccbb_2912223145.jpg?w=1024&amp;quality=70&amp;strip=all 1024w, https:\/\/www.infomoney.com.br\/wp-content\/uploads\/2023\/01\/ccbb_2912223145.jpg?w=300&amp;quality=70&amp;strip=all 300w, https:\/\/www.infomoney.com.br\/wp-content\/uploads\/2023\/01\/ccbb_2912223145.jpg?w=768&amp;quality=70&amp;strip=all 768w, https:\/\/www.infomoney.com.br\/wp-content\/uploads\/2023\/01\/ccbb_2912223145.jpg?w=150&amp;quality=70&amp;strip=all 150w\" sizes=\"auto, (max-width: 300px) 100vw, 300px\" data-attachment-id=\"2031422\" data-permalink=\"https:\/\/www.infomoney.com.br\/politica\/ministro-da-agricultura-fala-em-resgatar-imagem-da-agropecuaria-brasileira\/attachment\/agricultura-pecuaria-e-abastecimento-carlos-favaro\/\" data-orig-file=\"https:\/\/www.infomoney.com.br\/wp-content\/uploads\/2023\/01\/ccbb_2912223145.jpg?fit=1024%2C768&amp;quality=70&amp;strip=all\" data-orig-size=\"1024,768\" data-comments-opened=\"0\" data-image-meta=\"{&quot;aperture&quot;:&quot;2.8&quot;,&quot;credit&quot;:&quot;Jos\\u00e9 Cruz\\\/Ag\\u00eancia Brasil&quot;,&quot;camera&quot;:&quot;Canon EOS-1D X&quot;,&quot;caption&quot;:&quot;Agricultura, Pecu\\u00e1ria e Abastecimento \\u2013 Carlos F\\u00e1varo&quot;,&quot;created_timestamp&quot;:&quot;1672317967&quot;,&quot;copyright&quot;:&quot;Ag\\u00eancia Brasil\\\/EBC&quot;,&quot;focal_length&quot;:&quot;70&quot;,&quot;iso&quot;:&quot;2000&quot;,&quot;shutter_speed&quot;:&quot;0.003125&quot;,&quot;title&quot;:&quot;Agricultura, Pecu\\u00e1ria e Abastecimento \\u2013 Carlos F\\u00e1varo&quot;,&quot;orientation&quot;:&quot;1&quot;}\" data-image-title=\"Agricultura, Pecu\u00e1ria e Abastecimento \u2013 Carlos F\u00e1varo\" data-image-description=\"&lt;p&gt;Carlos F\u00e1varo, ministro da Agricultura (Jos\u00e9 Cruz\/Ag\u00eancia Brasil)&lt;\/p&gt;\n\" data-image-caption=\"&lt;p&gt;Carlos F\u00e1varo, ministro da Agricultura (Jos\u00e9 Cruz\/Ag\u00eancia Brasil)&lt;\/p&gt;\n\" data-medium-file=\"https:\/\/www.infomoney.com.br\/wp-content\/uploads\/2023\/01\/ccbb_2912223145.jpg?fit=300%2C225&amp;quality=70&amp;strip=all\" data-large-file=\"https:\/\/www.infomoney.com.br\/wp-content\/uploads\/2023\/01\/ccbb_2912223145.jpg?fit=1024%2C768&amp;quality=70&amp;strip=all\" title=\"\"><\/p>\n<p>O ministro da Agricultura, Carlos F\u00e1varo, informou, nesta segunda (31), que a Ar\u00e1bia Saudita autorizou a habilita\u00e7\u00e3o para importa\u00e7\u00e3o de caprinos do Brasil. &#8220;\u00c9 um pa\u00eds que est\u00e1 investindo e fazendo grandes parcerias com o Brasil, que avan\u00e7ou com a libera\u00e7\u00e3o para a exporta\u00e7\u00e3o de caprinos. \u00c9 uma grande conquista&#8221;, disse F\u00e1varo, em v\u00eddeo publicado nas suas redes sociais ao finalizar viagem ao pa\u00eds.<\/p>\n<p>F\u00e1varo disse que houve avan\u00e7o tamb\u00e9m quanto ao protocolo de regionaliza\u00e7\u00e3o de gripe avi\u00e1ria em eventuais casos em plantel comercial entre os pa\u00edses. &#8220;Estamos com a finaliza\u00e7\u00e3o do processo de regionaliza\u00e7\u00e3o em casos de gripe avi\u00e1ria em granja comercial, o que \u00e9 importante para mantermos esse mercado aberto&#8221;, explicou. O modelo da regionaliza\u00e7\u00e3o prev\u00ea que, em potenciais surtos de gripe avi\u00e1ria em granjas comerciais, embargos s\u00e3o restritos apenas \u00e0 regi\u00e3o contaminada e a um raio de 10 quil\u00f4metros, mantendo as exporta\u00e7\u00f5es do restante do Pa\u00eds e dos Estados afetados.<\/p>\n<p>O ministro destacou tamb\u00e9m evolu\u00e7\u00e3o nas negocia\u00e7\u00f5es de parcerias com o Pa\u00eds no projeto de recupera\u00e7\u00e3o e convers\u00e3o de pastos de baixa produtividade em \u00e1reas de produ\u00e7\u00e3o agropecu\u00e1ria. O tema foi alvo de reuni\u00f5es com o fundo soberano Companhia Saudita de Investimento Agr\u00edcola e Pecu\u00e1rio (Salic), que vai aderir ao programa de recupera\u00e7\u00e3o de pastagens degradadas do Brasil, e com o ministro do Meio Ambiente, \u00c1gua e Agricultura da Ar\u00e1bia Saudita (MEWA), Abdulrahman Abdulmohsen A. AlFadley, que criou um grupo de trabalho para discutir a iniciativa.<\/p>\n<p>Em nota, o minist\u00e9rio informou que a miss\u00e3o da comitiva chega na \u00faltima etapa nos Emirados \u00c1rabes Unidos. No pa\u00eds, o ministro participar\u00e1 de reuni\u00f5es com fundos soberanos e de um semin\u00e1rio empresarial, segundo a pasta.<\/p>\n<p>The post <a rel=\"nofollow noopener\" href=\"https:\/\/www.infomoney.com.br\/politica\/agricultura-arabia-saudita-liberou-importacao-de-caprinos-do-brasil-diz-favaro\/\" target=\"_blank\">Agricultura: Ar\u00e1bia Saudita liberou importa\u00e7\u00e3o de caprinos do Brasil, diz F\u00e1varo<\/a> appeared first on <a rel=\"nofollow noopener\" href=\"https:\/\/www.infomoney.com.br\/\" target=\"_blank\">InfoMoney<\/a>.<\/p>\n","protected":false},"excerpt":{"rendered":"<p><img loading=\"lazy\" decoding=\"async\" width=\"300\" height=\"225\" src=\"https:\/\/www.infomoney.com.br\/wp-content\/uploads\/2023\/01\/ccbb_2912223145.jpg?fit=300%2C225&amp;quality=70&amp;strip=all\" class=\"attachment-medium size-medium wp-post-image\" alt=\"Carlos F\u00e1varo, ministro da Agricultura (Jos\u00e9 Cruz\/Ag\u00eancia Brasil)\" data-attachment-id=\"2031422\" data-permalink=\"https:\/\/www.infomoney.com.br\/politica\/ministro-da-agricultura-fala-em-resgatar-imagem-da-agropecuaria-brasileira\/attachment\/agricultura-pecuaria-e-abastecimento-carlos-favaro\/\" data-orig-file=\"https:\/\/www.infomoney.com.br\/wp-content\/uploads\/2023\/01\/ccbb_2912223145.jpg?fit=1024%2C768&amp;quality=70&amp;strip=all\" data-orig-size=\"1024,768\" data-comments-opened=\"0\" data-image-meta='{\"aperture\":\"2.8\",\"credit\":\"Jos\\u00e9 Cruz\\\/Ag\\u00eancia Brasil\",\"camera\":\"Canon EOS-1D X\",\"caption\":\"Agricultura, Pecu\\u00e1ria e Abastecimento \\u2013 Carlos F\\u00e1varo\",\"created_timestamp\":\"1672317967\",\"copyright\":\"Ag\\u00eancia Brasil\\\/EBC\",\"focal_length\":\"70\",\"iso\":\"2000\",\"shutter_speed\":\"0.003125\",\"title\":\"Agricultura, Pecu\\u00e1ria e Abastecimento \\u2013 Carlos F\\u00e1varo\",\"orientation\":\"1\"}' data-image-title=\"Agricultura, Pecu\u00e1ria e Abastecimento \u2013 Carlos F\u00e1varo\" data-image-description=\"&lt;p&gt;Carlos F\u00e1varo, ministro da Agricultura (Jos\u00e9 Cruz\/Ag\u00eancia Brasil)&lt;\/p&gt;\n\" data-image-caption=\"&lt;p&gt;Carlos F\u00e1varo, ministro da Agricultura (Jos\u00e9 Cruz\/Ag\u00eancia Brasil)&lt;\/p&gt;\n\" data-medium-file=\"https:\/\/www.infomoney.com.br\/wp-content\/uploads\/2023\/01\/ccbb_2912223145.jpg?fit=300%2C225&amp;quality=70&amp;strip=all\" data-large-file=\"https:\/\/www.infomoney.com.br\/wp-content\/uploads\/2023\/01\/ccbb_2912223145.jpg?fit=1024%2C768&amp;quality=70&amp;strip=all\">Ministro afirmou que tamb\u00e9m h\u00e1 avan\u00e7o quanto ao protocolo de regionaliza\u00e7\u00e3o de gripe avi\u00e1ria em eventuais casos em plantel comercial entre os pa\u00edses<\/p>\n<p>The post <a rel=\"nofollow\" href=\"https:\/\/www.infomoney.com.br\/politica\/agricultura-arabia-saudita-liberou-importacao-de-caprinos-do-brasil-diz-favaro\/\">Agricultura: Ar\u00e1bia Saudita liberou importa\u00e7\u00e3o de caprinos do Brasil, diz F\u00e1varo<\/a> appeared first on <a rel=\"nofollow\" href=\"https:\/\/www.infomoney.com.br\/\">InfoMoney<\/a>.<\/p>\n","protected":false},"author":43,"featured_media":0,"comment_status":"closed","ping_status":"closed","sticky":false,"template":"","format":"standard","meta":{"advgb_blocks_editor_width":"","advgb_blocks_columns_visual_guide":"","footnotes":""},"categories":[2350,6606,34,47],"tags":[35],"class_list":["post-27834","post","type-post","status-publish","format-standard","hentry","category-arabia-saudita","category-carlos-favaro","category-g1","category-politica","tag-g1"],"author_meta":{"display_name":"Estad\u00e3o Conte\u00fado","author_link":"https:\/\/sindaopcpb.org.br\/author\/estadao-conteudo\/"},"featured_img":null,"coauthors":[],"tax_additional":{"categories":{"linked":["<a href=\"https:\/\/sindaopcpb.org.br\/arabia-saudita\/\" class=\"advgb-post-tax-term\">Arabia Saudita<\/a>","<a href=\"https:\/\/sindaopcpb.org.br\/carlos-favaro\/\" class=\"advgb-post-tax-term\">Carlos F\u00e1varo<\/a>","<a href=\"https:\/\/sindaopcpb.org.br\/g1\/\" class=\"advgb-post-tax-term\">G1<\/a>","<a href=\"https:\/\/sindaopcpb.org.br\/politica\/\" class=\"advgb-post-tax-term\">POLITICA<\/a>"],"unlinked":["<span class=\"advgb-post-tax-term\">Arabia Saudita<\/span>","<span class=\"advgb-post-tax-term\">Carlos F\u00e1varo<\/span>","<span class=\"advgb-post-tax-term\">G1<\/span>","<span class=\"advgb-post-tax-term\">POLITICA<\/span>"]},"tags":{"linked":["<a href=\"https:\/\/sindaopcpb.org.br\/politica\/\" class=\"advgb-post-tax-term\">g1<\/a>"],"unlinked":["<span class=\"advgb-post-tax-term\">g1<\/span>"]}},"comment_count":"0","relative_dates":{"created":"Publicado 3 anos atr\u00e1s","modified":"Atualizado 3 anos atr\u00e1s"},"absolute_dates":{"created":"Publicado em 1 de agosto de 2023","modified":"Atualizado em 1 de agosto de 2023"},"absolute_dates_time":{"created":"Publicado em 1 de agosto de 2023 10:33","modified":"Atualizado em 1 de agosto de 2023 10:33"},"featured_img_caption":"","series_order":"","_links":{"self":[{"href":"https:\/\/sindaopcpb.org.br\/index.php\/wp-json\/wp\/v2\/posts\/27834","targetHints":{"allow":["GET"]}}],"collection":[{"href":"https:\/\/sindaopcpb.org.br\/index.php\/wp-json\/wp\/v2\/posts"}],"about":[{"href":"https:\/\/sindaopcpb.org.br\/index.php\/wp-json\/wp\/v2\/types\/post"}],"author":[{"embeddable":true,"href":"https:\/\/sindaopcpb.org.br\/index.php\/wp-json\/wp\/v2\/users\/43"}],"replies":[{"embeddable":true,"href":"https:\/\/sindaopcpb.org.br\/index.php\/wp-json\/wp\/v2\/comments?post=27834"}],"version-history":[{"count":1,"href":"https:\/\/sindaopcpb.org.br\/index.php\/wp-json\/wp\/v2\/posts\/27834\/revisions"}],"predecessor-version":[{"id":27835,"href":"https:\/\/sindaopcpb.org.br\/index.php\/wp-json\/wp\/v2\/posts\/27834\/revisions\/27835"}],"wp:attachment":[{"href":"https:\/\/sindaopcpb.org.br\/index.php\/wp-json\/wp\/v2\/media?parent=27834"}],"wp:term":[{"taxonomy":"category","embeddable":true,"href":"https:\/\/sindaopcpb.org.br\/index.php\/wp-json\/wp\/v2\/categories?post=27834"},{"taxonomy":"post_tag","embeddable":true,"href":"https:\/\/sindaopcpb.org.br\/index.php\/wp-json\/wp\/v2\/tags?post=27834"}],"curies":[{"name":"wp","href":"https:\/\/api.w.org\/{rel}","templated":true}]}}