{"id":27830,"date":"2023-08-01T10:49:00","date_gmt":"2023-08-01T13:49:00","guid":{"rendered":"https:\/\/www.infomoney.com.br\/?p=2201844"},"modified":"2023-08-01T10:49:00","modified_gmt":"2023-08-01T13:49:00","slug":"servidor-federal-vai-deixar-de-bater-ponto-e-sera-avaliado-por-resultados","status":"publish","type":"post","link":"https:\/\/sindaopcpb.org.br\/index.php\/2023\/08\/01\/servidor-federal-vai-deixar-de-bater-ponto-e-sera-avaliado-por-resultados\/","title":{"rendered":"Servidor federal vai deixar de \u2018bater ponto\u2019 e ser\u00e1 avaliado por resultados"},"content":{"rendered":"<p><img loading=\"lazy\" width=\"300\" height=\"225\" src=\"https:\/\/www.infomoney.com.br\/wp-content\/uploads\/2023\/07\/pzzb2077.jpg?fit=300%2C225&amp;quality=70&amp;strip=all\" class=\"attachment-medium size-medium wp-post-image\" alt=\"\" decoding=\"async\" style=\"float:right; margin:0 0 10px 10px;\" srcset=\"https:\/\/www.infomoney.com.br\/wp-content\/uploads\/2023\/07\/pzzb2077.jpg?w=1024&amp;quality=70&amp;strip=all 1024w, https:\/\/www.infomoney.com.br\/wp-content\/uploads\/2023\/07\/pzzb2077.jpg?w=300&amp;quality=70&amp;strip=all 300w, https:\/\/www.infomoney.com.br\/wp-content\/uploads\/2023\/07\/pzzb2077.jpg?w=768&amp;quality=70&amp;strip=all 768w, https:\/\/www.infomoney.com.br\/wp-content\/uploads\/2023\/07\/pzzb2077.jpg?w=150&amp;quality=70&amp;strip=all 150w\" sizes=\"auto, (max-width: 300px) 100vw, 300px\" data-attachment-id=\"2192604\" data-permalink=\"https:\/\/www.infomoney.com.br\/politica\/governo-define-nomes-de-ministros-do-centrao-mas-pastas-dependem-de-lula\/attachment\/pzzb2077\/\" data-orig-file=\"https:\/\/www.infomoney.com.br\/wp-content\/uploads\/2023\/07\/pzzb2077.jpg?fit=1024%2C768&amp;quality=70&amp;strip=all\" data-orig-size=\"1024,768\" data-comments-opened=\"0\" data-image-meta=\"{&quot;aperture&quot;:&quot;10&quot;,&quot;credit&quot;:&quot;Ant\\u00f4nio Cruz\\\/Ag\\u00eancia Brasil&quot;,&quot;camera&quot;:&quot;Canon EOS 7D Mark II&quot;,&quot;caption&quot;:&quot;06\\\/06\\\/2023 - Bras\\u00edlia (DF) -  Cenas da Cidade de Bras\\u00edlia. Esplanada dos Minist\\u00e9rios .  Foto Ant\\u00f4nio Cruz\\\/Ag\\u00eancia Brasil&quot;,&quot;created_timestamp&quot;:&quot;1686049496&quot;,&quot;copyright&quot;:&quot;Ag\\u00eancia Brasil\\\/EBC&quot;,&quot;focal_length&quot;:&quot;41&quot;,&quot;iso&quot;:&quot;640&quot;,&quot;shutter_speed&quot;:&quot;0.0008&quot;,&quot;title&quot;:&quot;&quot;,&quot;orientation&quot;:&quot;0&quot;}\" data-image-title=\"Esplanada dos Minist\u00e9rios\" data-image-description=\"&lt;p&gt;06\/06\/2023 &#8211; Bras\u00edlia (DF) &#8211;  Esplanada dos Minist\u00e9rios. Foto Ant\u00f4nio Cruz\/Ag\u00eancia Brasil&lt;\/p&gt;\n\" data-image-caption=\"&lt;p&gt;06\/06\/2023 &#8211; Bras\u00edlia (DF) &#8211;  Esplanada dos Minist\u00e9rios. Foto Ant\u00f4nio Cruz\/Ag\u00eancia Brasil&lt;\/p&gt;\n\" data-medium-file=\"https:\/\/www.infomoney.com.br\/wp-content\/uploads\/2023\/07\/pzzb2077.jpg?fit=300%2C225&amp;quality=70&amp;strip=all\" data-large-file=\"https:\/\/www.infomoney.com.br\/wp-content\/uploads\/2023\/07\/pzzb2077.jpg?fit=1024%2C768&amp;quality=70&amp;strip=all\" title=\"\"><\/p>\n<p>Uma instru\u00e7\u00e3o normativa publicada nesta segunda-feira (31), pelo Minist\u00e9rio da Gest\u00e3o substitui o controle de ponto dos servidores civis federais por um monitoramento da entrega de resultados. A norma tamb\u00e9m dita novas regras para o trabalho remoto na administra\u00e7\u00e3o p\u00fablica federal.<\/p>\n<p>Servidores de minist\u00e9rios, autarquias e \u00f3rg\u00e3os vinculados s\u00e3o alvo da norma. Cada institui\u00e7\u00e3o ter\u00e1 de fazer a ades\u00e3o ao novo modelo de gest\u00e3o de pessoal, chamado de Programa de Gest\u00e3o e Desempenho. Nesta etapa, informar\u00e1 quais s\u00e3o as atividades cujos servidores entrar\u00e3o no novo regime e o n\u00famero de funcion\u00e1rios.<\/p>\n<p>Sem o controle de ponto, esses servidores poder\u00e3o ser requisitados para o modelo de trabalho presencial, remoto ou h\u00edbrido, a depender dos gestores e das atividades de cada \u00f3rg\u00e3o. Hoje, segundo estimativas do Minist\u00e9rio da Gest\u00e3o, 5% do funcionalismo federal (cerca de 20 mil pessoas) est\u00e1 sob trabalho remoto.<\/p>\n<p>No caso de servidores que fazem o teletrabalho do exterior, o limite estabelecido na norma \u00e9 o de que somente at\u00e9 2% do efetivo no novo modelo de gest\u00e3o de cada \u00f3rg\u00e3o poder\u00e1 estar fora do Pa\u00eds. S\u00f3 quem tiver passado pelo primeiro ano do est\u00e1gio probat\u00f3rio poder\u00e1 aderir ao teletrabalho.<\/p>\n<p>Segundo o secret\u00e1rio de Gest\u00e3o e Inova\u00e7\u00e3o do Minist\u00e9rio da Gest\u00e3o, Roberto Pojo, a mudan\u00e7a altera a l\u00f3gica do gerenciamento do trabalho no servi\u00e7o p\u00fablico da disponibilidade para a entrega de resultados.<\/p>\n<p>&#8220;Em 2014 identificamos os primeiros usos desse conceito, a partir de um decreto de 1995. A pandemia acelerou esse processo e fez com que o setor p\u00fablico tivesse que aprender a fazer gerenciamento por resultados. N\u00f3s aproveitamos essa janela&#8221;, disse.<\/p>\n<p>Um decreto presidencial de 2022 estabeleceu o novo gerenciamento, atualizando o decreto de 1995, e a instru\u00e7\u00e3o normativa baixada nesta segunda, 31, faz a regulamenta\u00e7\u00e3o dos par\u00e2metros de como ser\u00e1 feita a avalia\u00e7\u00e3o por entrega de resultados.<\/p>\n<p>Pojo explica que a instru\u00e7\u00e3o retira o foco exclusivamente sobre o desempenho do servidor e engloba a institui\u00e7\u00e3o para a qual ele trabalha. &#8220;Antes, o modelo gerenciava o esfor\u00e7o do servidor, agora trazemos o conceito do plano de entregas para as institui\u00e7\u00f5es. Elas t\u00eam que enxergar o que est\u00e3o entregando e para quem est\u00e3o entregando para que sejam avaliadas&#8221;, afirma.<\/p>\n<p>As metas ser\u00e3o definidas por unidade de trabalho e ser\u00e3o submetidas ao comit\u00ea gestor do Programa de Gest\u00e3o de Desempenho.<\/p>\n<p>At\u00e9 o fim do ano, o minist\u00e9rio prev\u00ea permitir que haja o controle social por meio de um painel no qual cada \u00f3rg\u00e3o que aderir ao Programa de Gest\u00e3o e Desempenho indicar\u00e1 quantos s\u00e3o os servidores nesse modelo e o cumprimento de metas. No futuro, ele prev\u00ea que os destinat\u00e1rios dos servi\u00e7os p\u00fablicos tamb\u00e9m participem dessa avalia\u00e7\u00e3o.<\/p>\n<p>The post <a rel=\"nofollow noopener\" href=\"https:\/\/www.infomoney.com.br\/politica\/servidor-federal-vai-deixar-de-bater-ponto-e-sera-avaliado-por-resultados-2\/\" target=\"_blank\">Servidor federal vai deixar de &#8216;bater ponto&#8217; e ser\u00e1 avaliado por resultados<\/a> appeared first on <a rel=\"nofollow noopener\" href=\"https:\/\/www.infomoney.com.br\/\" target=\"_blank\">InfoMoney<\/a>.<\/p>\n","protected":false},"excerpt":{"rendered":"<p><img loading=\"lazy\" decoding=\"async\" width=\"300\" height=\"225\" src=\"https:\/\/www.infomoney.com.br\/wp-content\/uploads\/2023\/07\/pzzb2077.jpg?fit=300%2C225&amp;quality=70&amp;strip=all\" class=\"attachment-medium size-medium wp-post-image\" alt=\"\" data-attachment-id=\"2192604\" data-permalink=\"https:\/\/www.infomoney.com.br\/politica\/governo-define-nomes-de-ministros-do-centrao-mas-pastas-dependem-de-lula\/attachment\/pzzb2077\/\" data-orig-file=\"https:\/\/www.infomoney.com.br\/wp-content\/uploads\/2023\/07\/pzzb2077.jpg?fit=1024%2C768&amp;quality=70&amp;strip=all\" data-orig-size=\"1024,768\" data-comments-opened=\"0\" data-image-meta='{\"aperture\":\"10\",\"credit\":\"Ant\\u00f4nio Cruz\\\/Ag\\u00eancia Brasil\",\"camera\":\"Canon EOS 7D Mark II\",\"caption\":\"06\\\/06\\\/2023 - Bras\\u00edlia (DF) -  Cenas da Cidade de Bras\\u00edlia. Esplanada dos Minist\\u00e9rios .  Foto Ant\\u00f4nio Cruz\\\/Ag\\u00eancia Brasil\",\"created_timestamp\":\"1686049496\",\"copyright\":\"Ag\\u00eancia Brasil\\\/EBC\",\"focal_length\":\"41\",\"iso\":\"640\",\"shutter_speed\":\"0.0008\",\"title\":\"\",\"orientation\":\"0\"}' data-image-title=\"Esplanada dos Minist\u00e9rios\" data-image-description=\"&lt;p&gt;06\/06\/2023 \u2013 Bras\u00edlia (DF) \u2013  Esplanada dos Minist\u00e9rios. Foto Ant\u00f4nio Cruz\/Ag\u00eancia Brasil&lt;\/p&gt;\n\" data-image-caption=\"&lt;p&gt;06\/06\/2023 \u2013 Bras\u00edlia (DF) \u2013  Esplanada dos Minist\u00e9rios. Foto Ant\u00f4nio Cruz\/Ag\u00eancia Brasil&lt;\/p&gt;\n\" data-medium-file=\"https:\/\/www.infomoney.com.br\/wp-content\/uploads\/2023\/07\/pzzb2077.jpg?fit=300%2C225&amp;quality=70&amp;strip=all\" data-large-file=\"https:\/\/www.infomoney.com.br\/wp-content\/uploads\/2023\/07\/pzzb2077.jpg?fit=1024%2C768&amp;quality=70&amp;strip=all\">Funcion\u00e1rios poder\u00e3o ser requisitados para o modelo de trabalho presencial, remoto ou h\u00edbrido, a depender dos gestores e das atividades de cada \u00f3rg\u00e3o<\/p>\n<p>The post <a rel=\"nofollow\" href=\"https:\/\/www.infomoney.com.br\/politica\/servidor-federal-vai-deixar-de-bater-ponto-e-sera-avaliado-por-resultados-2\/\">Servidor federal vai deixar de \u2018bater ponto\u2019 e ser\u00e1 avaliado por resultados<\/a> appeared first on <a rel=\"nofollow\" href=\"https:\/\/www.infomoney.com.br\/\">InfoMoney<\/a>.<\/p>\n","protected":false},"author":43,"featured_media":0,"comment_status":"closed","ping_status":"closed","sticky":false,"template":"","format":"standard","meta":{"advgb_blocks_editor_width":"","advgb_blocks_columns_visual_guide":"","footnotes":""},"categories":[34,187,47,6872,1734],"tags":[35],"class_list":["post-27830","post","type-post","status-publish","format-standard","hentry","category-g1","category-governo-federal","category-politica","category-servicos-publicos","category-servidores-publicos","tag-g1"],"author_meta":{"display_name":"Estad\u00e3o Conte\u00fado","author_link":"https:\/\/sindaopcpb.org.br\/author\/estadao-conteudo\/"},"featured_img":null,"coauthors":[],"tax_additional":{"categories":{"linked":["<a href=\"https:\/\/sindaopcpb.org.br\/g1\/\" class=\"advgb-post-tax-term\">G1<\/a>","<a href=\"https:\/\/sindaopcpb.org.br\/governo-federal\/\" class=\"advgb-post-tax-term\">Governo Federal<\/a>","<a href=\"https:\/\/sindaopcpb.org.br\/politica\/\" class=\"advgb-post-tax-term\">POLITICA<\/a>","<a href=\"https:\/\/sindaopcpb.org.br\/servicos-publicos\/\" class=\"advgb-post-tax-term\">Servi\u00e7os P\u00fablicos<\/a>","<a href=\"https:\/\/sindaopcpb.org.br\/servidores-publicos\/\" class=\"advgb-post-tax-term\">Servidores p\u00fablicos<\/a>"],"unlinked":["<span class=\"advgb-post-tax-term\">G1<\/span>","<span class=\"advgb-post-tax-term\">Governo Federal<\/span>","<span class=\"advgb-post-tax-term\">POLITICA<\/span>","<span class=\"advgb-post-tax-term\">Servi\u00e7os P\u00fablicos<\/span>","<span class=\"advgb-post-tax-term\">Servidores p\u00fablicos<\/span>"]},"tags":{"linked":["<a href=\"https:\/\/sindaopcpb.org.br\/servidores-publicos\/\" class=\"advgb-post-tax-term\">g1<\/a>"],"unlinked":["<span class=\"advgb-post-tax-term\">g1<\/span>"]}},"comment_count":"0","relative_dates":{"created":"Publicado 3 anos atr\u00e1s","modified":"Atualizado 3 anos atr\u00e1s"},"absolute_dates":{"created":"Publicado em 1 de agosto de 2023","modified":"Atualizado em 1 de agosto de 2023"},"absolute_dates_time":{"created":"Publicado em 1 de agosto de 2023 10:49","modified":"Atualizado em 1 de agosto de 2023 10:49"},"featured_img_caption":"","series_order":"","_links":{"self":[{"href":"https:\/\/sindaopcpb.org.br\/index.php\/wp-json\/wp\/v2\/posts\/27830","targetHints":{"allow":["GET"]}}],"collection":[{"href":"https:\/\/sindaopcpb.org.br\/index.php\/wp-json\/wp\/v2\/posts"}],"about":[{"href":"https:\/\/sindaopcpb.org.br\/index.php\/wp-json\/wp\/v2\/types\/post"}],"author":[{"embeddable":true,"href":"https:\/\/sindaopcpb.org.br\/index.php\/wp-json\/wp\/v2\/users\/43"}],"replies":[{"embeddable":true,"href":"https:\/\/sindaopcpb.org.br\/index.php\/wp-json\/wp\/v2\/comments?post=27830"}],"version-history":[{"count":1,"href":"https:\/\/sindaopcpb.org.br\/index.php\/wp-json\/wp\/v2\/posts\/27830\/revisions"}],"predecessor-version":[{"id":27831,"href":"https:\/\/sindaopcpb.org.br\/index.php\/wp-json\/wp\/v2\/posts\/27830\/revisions\/27831"}],"wp:attachment":[{"href":"https:\/\/sindaopcpb.org.br\/index.php\/wp-json\/wp\/v2\/media?parent=27830"}],"wp:term":[{"taxonomy":"category","embeddable":true,"href":"https:\/\/sindaopcpb.org.br\/index.php\/wp-json\/wp\/v2\/categories?post=27830"},{"taxonomy":"post_tag","embeddable":true,"href":"https:\/\/sindaopcpb.org.br\/index.php\/wp-json\/wp\/v2\/tags?post=27830"}],"curies":[{"name":"wp","href":"https:\/\/api.w.org\/{rel}","templated":true}]}}