{"id":27828,"date":"2023-08-01T10:57:00","date_gmt":"2023-08-01T13:57:00","guid":{"rendered":"https:\/\/www.infomoney.com.br\/?p=2201784"},"modified":"2023-08-01T10:57:00","modified_gmt":"2023-08-01T13:57:00","slug":"ceron-sobre-arcabouco-conversaremos-com-lideres-para-saber-qual-e-o-intuito-da-camara","status":"publish","type":"post","link":"https:\/\/sindaopcpb.org.br\/index.php\/2023\/08\/01\/ceron-sobre-arcabouco-conversaremos-com-lideres-para-saber-qual-e-o-intuito-da-camara\/","title":{"rendered":"Ceron sobre arcabou\u00e7o: Conversaremos com l\u00edderes para saber qual \u00e9 o intuito da C\u00e2mara"},"content":{"rendered":"<p><img loading=\"lazy\" width=\"300\" height=\"200\" src=\"https:\/\/www.infomoney.com.br\/wp-content\/uploads\/2023\/04\/52623833531_45c075e35c_c.jpg?fit=300%2C200&amp;quality=70&amp;strip=all\" class=\"attachment-medium size-medium wp-post-image\" alt=\"\" decoding=\"async\" style=\"float:right; margin:0 0 10px 10px;\" srcset=\"https:\/\/www.infomoney.com.br\/wp-content\/uploads\/2023\/04\/52623833531_45c075e35c_c.jpg?w=799&amp;quality=70&amp;strip=all 799w, https:\/\/www.infomoney.com.br\/wp-content\/uploads\/2023\/04\/52623833531_45c075e35c_c.jpg?w=300&amp;quality=70&amp;strip=all 300w, https:\/\/www.infomoney.com.br\/wp-content\/uploads\/2023\/04\/52623833531_45c075e35c_c.jpg?w=768&amp;quality=70&amp;strip=all 768w, https:\/\/www.infomoney.com.br\/wp-content\/uploads\/2023\/04\/52623833531_45c075e35c_c.jpg?w=150&amp;quality=70&amp;strip=all 150w\" sizes=\"auto, (max-width: 300px) 100vw, 300px\" data-attachment-id=\"2108148\" data-permalink=\"https:\/\/www.infomoney.com.br\/politica\/arcabouco-fiscal-tera-mecanismo-para-revisao-de-meta-de-resultado-primario-com-condicionantes\/attachment\/52623833531_45c075e35c_c\/\" data-orig-file=\"https:\/\/www.infomoney.com.br\/wp-content\/uploads\/2023\/04\/52623833531_45c075e35c_c.jpg?fit=799%2C533&amp;quality=70&amp;strip=all\" data-orig-size=\"799,533\" data-comments-opened=\"0\" data-image-meta=\"{&quot;aperture&quot;:&quot;0&quot;,&quot;credit&quot;:&quot;Washington Costa&quot;,&quot;camera&quot;:&quot;&quot;,&quot;caption&quot;:&quot;&quot;,&quot;created_timestamp&quot;:&quot;0&quot;,&quot;copyright&quot;:&quot;Ministerio da Economia&quot;,&quot;focal_length&quot;:&quot;0&quot;,&quot;iso&quot;:&quot;0&quot;,&quot;shutter_speed&quot;:&quot;0&quot;,&quot;title&quot;:&quot;&quot;,&quot;orientation&quot;:&quot;0&quot;}\" data-image-title=\"Rog\u00e9rio Ceron\" data-image-description=\"\" data-image-caption=\"&lt;p&gt;O secret\u00e1rio do Tesouro Nacional, Rog\u00e9rio Ceron, em coletiva de imprensa (Foto: Washington Costa\/MF)&lt;\/p&gt;\n\" data-medium-file=\"https:\/\/www.infomoney.com.br\/wp-content\/uploads\/2023\/04\/52623833531_45c075e35c_c.jpg?fit=300%2C200&amp;quality=70&amp;strip=all\" data-large-file=\"https:\/\/www.infomoney.com.br\/wp-content\/uploads\/2023\/04\/52623833531_45c075e35c_c.jpg?fit=799%2C533&amp;quality=70&amp;strip=all\" title=\"\"><\/p>\n<p>O secret\u00e1rio do Tesouro Nacional, Rog\u00e9rio Ceron, disse, nesta segunda-feira (31), que a equipe do Minist\u00e9rio da Fazenda se reunir\u00e1 com l\u00edderes partid\u00e1rios da C\u00e2mara para entender qual \u00e9 o sentimento dos deputados acerca das mudan\u00e7as feitas pelo Senado no texto do novo arcabou\u00e7o fiscal. O Congresso retoma as atividades nesta ter\u00e7a-feira, 1\u00ba, ap\u00f3s o recesso parlamentar.<\/p>\n<p>&#8220;Precisamos entender qual \u00e9 o sentimento dos parlamentares em rela\u00e7\u00e3o a manter as altera\u00e7\u00f5es que foram feitas no Senado ou retomar o texto original que foi aprovado&#8221;, disse Ceron, em entrevista \u00e0 <i>GloboNews<\/i>. &#8220;Ainda \u00e9 cedo. Ao longo desta semana, da semana que vem, vamos ter uma no\u00e7\u00e3o mais exata das possibilidades.&#8221;<\/p>\n<p>Indagado sobre a posi\u00e7\u00e3o da Fazenda em rela\u00e7\u00e3o ao Fundeb e ao Fundo Constitucional do Distrito Federal &#8211; retirados do limite de despesas pelo Senado -, Ceron disse que as mudan\u00e7as feitas pela Casa &#8220;t\u00eam seu m\u00e9rito&#8221;. Ele acrescentou que a pasta s\u00f3 fechar\u00e1 um posicionamento depois que o ministro da Fazenda, Fernando Haddad (PT), iniciar a discuss\u00e3o nesta semana ou na pr\u00f3xima.<\/p>\n<p>The post <a rel=\"nofollow noopener\" href=\"https:\/\/www.infomoney.com.br\/politica\/ceron-sobre-arcabouco-conversaremos-com-lideres-para-saber-qual-e-o-intuito-da-camara\/\" target=\"_blank\">Ceron sobre arcabou\u00e7o: Conversaremos com l\u00edderes para saber qual \u00e9 o intuito da C\u00e2mara<\/a> appeared first on <a rel=\"nofollow noopener\" href=\"https:\/\/www.infomoney.com.br\/\" target=\"_blank\">InfoMoney<\/a>.<\/p>\n","protected":false},"excerpt":{"rendered":"<p><img loading=\"lazy\" decoding=\"async\" width=\"300\" height=\"200\" src=\"https:\/\/www.infomoney.com.br\/wp-content\/uploads\/2023\/04\/52623833531_45c075e35c_c.jpg?fit=300%2C200&amp;quality=70&amp;strip=all\" class=\"attachment-medium size-medium wp-post-image\" alt=\"\" data-attachment-id=\"2108148\" data-permalink=\"https:\/\/www.infomoney.com.br\/politica\/arcabouco-fiscal-tera-mecanismo-para-revisao-de-meta-de-resultado-primario-com-condicionantes\/attachment\/52623833531_45c075e35c_c\/\" data-orig-file=\"https:\/\/www.infomoney.com.br\/wp-content\/uploads\/2023\/04\/52623833531_45c075e35c_c.jpg?fit=799%2C533&amp;quality=70&amp;strip=all\" data-orig-size=\"799,533\" data-comments-opened=\"0\" data-image-meta='{\"aperture\":\"0\",\"credit\":\"Washington Costa\",\"camera\":\"\",\"caption\":\"\",\"created_timestamp\":\"0\",\"copyright\":\"Ministerio da Economia\",\"focal_length\":\"0\",\"iso\":\"0\",\"shutter_speed\":\"0\",\"title\":\"\",\"orientation\":\"0\"}' data-image-title=\"Rog\u00e9rio Ceron\" data-image-description=\"\" data-image-caption=\"&lt;p&gt;O secret\u00e1rio do Tesouro Nacional, Rog\u00e9rio Ceron, em coletiva de imprensa (Foto: Washington Costa\/MF)&lt;\/p&gt;\n\" data-medium-file=\"https:\/\/www.infomoney.com.br\/wp-content\/uploads\/2023\/04\/52623833531_45c075e35c_c.jpg?fit=300%2C200&amp;quality=70&amp;strip=all\" data-large-file=\"https:\/\/www.infomoney.com.br\/wp-content\/uploads\/2023\/04\/52623833531_45c075e35c_c.jpg?fit=799%2C533&amp;quality=70&amp;strip=all\">Indagado sobre a posi\u00e7\u00e3o da Fazenda em rela\u00e7\u00e3o ao Fundeb e ao Fundo do Distrito Federal, Ceron disse que  mudan\u00e7as feitas pelo Senado &#8220;t\u00eam seu m\u00e9rito&#8221;<\/p>\n<p>The post <a rel=\"nofollow\" href=\"https:\/\/www.infomoney.com.br\/politica\/ceron-sobre-arcabouco-conversaremos-com-lideres-para-saber-qual-e-o-intuito-da-camara\/\">Ceron sobre arcabou\u00e7o: Conversaremos com l\u00edderes para saber qual \u00e9 o intuito da C\u00e2mara<\/a> appeared first on <a rel=\"nofollow\" href=\"https:\/\/www.infomoney.com.br\/\">InfoMoney<\/a>.<\/p>\n","protected":false},"author":43,"featured_media":0,"comment_status":"closed","ping_status":"closed","sticky":false,"template":"","format":"standard","meta":{"advgb_blocks_editor_width":"","advgb_blocks_columns_visual_guide":"","footnotes":""},"categories":[108,359,34,47,784,549],"tags":[35],"class_list":["post-27828","post","type-post","status-publish","format-standard","hentry","category-arcabouco-fiscal","category-congresso-nacional","category-g1","category-politica","category-rogerio-ceron","category-tesouro-nacional","tag-g1"],"author_meta":{"display_name":"Estad\u00e3o Conte\u00fado","author_link":"https:\/\/sindaopcpb.org.br\/author\/estadao-conteudo\/"},"featured_img":null,"coauthors":[],"tax_additional":{"categories":{"linked":["<a href=\"https:\/\/sindaopcpb.org.br\/arcabouco-fiscal\/\" class=\"advgb-post-tax-term\">Arcabou\u00e7o Fiscal<\/a>","<a href=\"https:\/\/sindaopcpb.org.br\/congresso-nacional\/\" class=\"advgb-post-tax-term\">Congresso Nacional<\/a>","<a href=\"https:\/\/sindaopcpb.org.br\/g1\/\" class=\"advgb-post-tax-term\">G1<\/a>","<a href=\"https:\/\/sindaopcpb.org.br\/politica\/\" class=\"advgb-post-tax-term\">POLITICA<\/a>","<a href=\"https:\/\/sindaopcpb.org.br\/rogerio-ceron\/\" class=\"advgb-post-tax-term\">Rog\u00e9rio Ceron<\/a>","<a href=\"https:\/\/sindaopcpb.org.br\/tesouro-nacional\/\" class=\"advgb-post-tax-term\">Tesouro Nacional<\/a>"],"unlinked":["<span class=\"advgb-post-tax-term\">Arcabou\u00e7o Fiscal<\/span>","<span class=\"advgb-post-tax-term\">Congresso Nacional<\/span>","<span class=\"advgb-post-tax-term\">G1<\/span>","<span class=\"advgb-post-tax-term\">POLITICA<\/span>","<span class=\"advgb-post-tax-term\">Rog\u00e9rio Ceron<\/span>","<span class=\"advgb-post-tax-term\">Tesouro Nacional<\/span>"]},"tags":{"linked":["<a href=\"https:\/\/sindaopcpb.org.br\/tesouro-nacional\/\" class=\"advgb-post-tax-term\">g1<\/a>"],"unlinked":["<span class=\"advgb-post-tax-term\">g1<\/span>"]}},"comment_count":"0","relative_dates":{"created":"Publicado 3 anos atr\u00e1s","modified":"Atualizado 3 anos atr\u00e1s"},"absolute_dates":{"created":"Publicado em 1 de agosto de 2023","modified":"Atualizado em 1 de agosto de 2023"},"absolute_dates_time":{"created":"Publicado em 1 de agosto de 2023 10:57","modified":"Atualizado em 1 de agosto de 2023 10:57"},"featured_img_caption":"","series_order":"","_links":{"self":[{"href":"https:\/\/sindaopcpb.org.br\/index.php\/wp-json\/wp\/v2\/posts\/27828","targetHints":{"allow":["GET"]}}],"collection":[{"href":"https:\/\/sindaopcpb.org.br\/index.php\/wp-json\/wp\/v2\/posts"}],"about":[{"href":"https:\/\/sindaopcpb.org.br\/index.php\/wp-json\/wp\/v2\/types\/post"}],"author":[{"embeddable":true,"href":"https:\/\/sindaopcpb.org.br\/index.php\/wp-json\/wp\/v2\/users\/43"}],"replies":[{"embeddable":true,"href":"https:\/\/sindaopcpb.org.br\/index.php\/wp-json\/wp\/v2\/comments?post=27828"}],"version-history":[{"count":1,"href":"https:\/\/sindaopcpb.org.br\/index.php\/wp-json\/wp\/v2\/posts\/27828\/revisions"}],"predecessor-version":[{"id":27829,"href":"https:\/\/sindaopcpb.org.br\/index.php\/wp-json\/wp\/v2\/posts\/27828\/revisions\/27829"}],"wp:attachment":[{"href":"https:\/\/sindaopcpb.org.br\/index.php\/wp-json\/wp\/v2\/media?parent=27828"}],"wp:term":[{"taxonomy":"category","embeddable":true,"href":"https:\/\/sindaopcpb.org.br\/index.php\/wp-json\/wp\/v2\/categories?post=27828"},{"taxonomy":"post_tag","embeddable":true,"href":"https:\/\/sindaopcpb.org.br\/index.php\/wp-json\/wp\/v2\/tags?post=27828"}],"curies":[{"name":"wp","href":"https:\/\/api.w.org\/{rel}","templated":true}]}}