{"id":27824,"date":"2023-08-01T11:10:00","date_gmt":"2023-08-01T14:10:00","guid":{"rendered":"https:\/\/www.infomoney.com.br\/?p=2202280"},"modified":"2023-08-01T11:10:00","modified_gmt":"2023-08-01T14:10:00","slug":"lula-defende-pochmann-e-diz-que-simone-tebet-soube-com-antecedencia-da-indicacao-ao-ibge","status":"publish","type":"post","link":"https:\/\/sindaopcpb.org.br\/index.php\/2023\/08\/01\/lula-defende-pochmann-e-diz-que-simone-tebet-soube-com-antecedencia-da-indicacao-ao-ibge\/","title":{"rendered":"Lula defende Pochmann e diz que Simone Tebet soube com anteced\u00eancia da indica\u00e7\u00e3o ao IBGE"},"content":{"rendered":"<p><img loading=\"lazy\" width=\"300\" height=\"224\" src=\"https:\/\/www.infomoney.com.br\/wp-content\/uploads\/2019\/06\/marcio-pochmann.jpg?fit=300%2C224&amp;quality=70&amp;strip=all\" class=\"attachment-medium size-medium wp-post-image\" alt=\"\" decoding=\"async\" style=\"float:right; margin:0 0 10px 10px;\" srcset=\"https:\/\/www.infomoney.com.br\/wp-content\/uploads\/2019\/06\/marcio-pochmann.jpg?w=455&amp;quality=70&amp;strip=all 455w, https:\/\/www.infomoney.com.br\/wp-content\/uploads\/2019\/06\/marcio-pochmann.jpg?w=300&amp;quality=70&amp;strip=all 300w, https:\/\/www.infomoney.com.br\/wp-content\/uploads\/2019\/06\/marcio-pochmann.jpg?w=150&amp;quality=70&amp;strip=all 150w\" sizes=\"auto, (max-width: 300px) 100vw, 300px\" data-attachment-id=\"53473\" data-permalink=\"https:\/\/www.infomoney.com.br\/marcio-pochmann\/\" data-orig-file=\"https:\/\/www.infomoney.com.br\/wp-content\/uploads\/2019\/06\/marcio-pochmann.jpg?fit=455%2C340&amp;quality=70&amp;strip=all\" data-orig-size=\"455,340\" data-comments-opened=\"1\" data-image-meta=\"{&quot;aperture&quot;:&quot;0&quot;,&quot;credit&quot;:&quot;&quot;,&quot;camera&quot;:&quot;&quot;,&quot;caption&quot;:&quot;&quot;,&quot;created_timestamp&quot;:&quot;0&quot;,&quot;copyright&quot;:&quot;&quot;,&quot;focal_length&quot;:&quot;0&quot;,&quot;iso&quot;:&quot;0&quot;,&quot;shutter_speed&quot;:&quot;0&quot;,&quot;title&quot;:&quot;&quot;,&quot;orientation&quot;:&quot;0&quot;}\" data-image-title=\"marcio-pochmann\" data-image-description=\"\" data-image-caption=\"\" data-medium-file=\"https:\/\/www.infomoney.com.br\/wp-content\/uploads\/2019\/06\/marcio-pochmann.jpg?fit=300%2C224&amp;quality=70&amp;strip=all\" data-large-file=\"https:\/\/www.infomoney.com.br\/wp-content\/uploads\/2019\/06\/marcio-pochmann.jpg?fit=455%2C340&amp;quality=70&amp;strip=all\" title=\"\"><\/p>\n<p>O presidente Luiz In\u00e1cio Lula da Silva disse, nesta ter\u00e7a-feira (1), que a ministra do Planejamento, Simone Tebet, soube com anteced\u00eancia da indica\u00e7\u00e3o do economista M\u00e1rcio Pochmann para a presid\u00eancia do IBGE.<\/p>\n<p>Lula disse que &#8220;n\u00e3o \u00e9 aceit\u00e1vel as pessoas tentarem criar uma imagem negativa&#8221; do economista. O presidente Afirmou que M\u00e1rcio Pochmann \u00e9 100% id\u00f4neo, e que &#8220;fascistas&#8221; dizem que ele adulterar\u00e1 as estat\u00edsticas a favor do governo. E declarou que d\u00favidas sobre a idoneidade do economista s\u00e3o levantadas por pessoas que gostariam de estar no cargo para o qual ele foi escolhido.<\/p>\n<p>&#8220;Escolhi [Pochmann para o IBGE] porque confio na capacidade intelectual dele&#8221;, declarou o presidente da Rep\u00fablica.<\/p>\n<p>M\u00e1rcio Pochmann \u00e9 um economista heterodoxo e integrante do PT. J\u00e1 foi candidato a deputado federal e a prefeito de Campinas &#8211; ele d\u00e1 aulas na universidade estadual localizada na cidade, a Unicamp. Tamb\u00e9m presidiu o Ipea entre o fim do governo Lula e o in\u00edcio da gest\u00e3o de Dilma Rousseff.<\/p>\n<p>O nome de Pochmann desagradou ao mercado financeiro. Tamb\u00e9m teria incomodado \u00e0 pr\u00f3pria Simone Tebet, que est\u00e1 em um minist\u00e9rio da \u00e1rea econ\u00f4mica de Lula apesar de ser mais pr\u00f3xima do liberalismo.<\/p>\n<p>Lula disse que a ministra foi informada com anteced\u00eancia da escolha de Pochmann para o cargo, e que a troca n\u00e3o foi efetivada antes porque ela havia ponderado ser necess\u00e1rio terminar antes as atividades relacionadas ao Censo realizado no ano passado.<\/p>\n<p>O presidente da Rep\u00fablica disse que n\u00e3o passou por cima de sua ministra, j\u00e1 que &#8220;presidente nunca atropela&#8221;. A escolha de Pochmann foi uma das principais not\u00edcias da semana passada.<\/p>\n<p>De acordo com Lula, a ministra n\u00e3o tem nada a ver com o imbr\u00f3glio que o assunto se tornou. &#8220;A Simone \u00e9 uma das coisas boas que aconteceram no meu governo&#8221;, declarou o presidente.<\/p>\n<p>Lula falou no programa <i>Conversa com o Presidente<\/i>, produzido pelo Canal Gov e transmitido nas redes sociais como uma live do petista.<\/p>\n<p>The post <a rel=\"nofollow noopener\" href=\"https:\/\/www.infomoney.com.br\/politica\/lula-defende-pochmann-e-diz-que-simone-tebet-soube-com-antecedencia-da-indicacao-ao-ibge\/\" target=\"_blank\">Lula defende Pochmann e diz que Simone Tebet soube com anteced\u00eancia da indica\u00e7\u00e3o ao IBGE<\/a> appeared first on <a rel=\"nofollow noopener\" href=\"https:\/\/www.infomoney.com.br\/\" target=\"_blank\">InfoMoney<\/a>.<\/p>\n","protected":false},"excerpt":{"rendered":"<p><img loading=\"lazy\" decoding=\"async\" width=\"300\" height=\"224\" src=\"https:\/\/www.infomoney.com.br\/wp-content\/uploads\/2019\/06\/marcio-pochmann.jpg?fit=300%2C224&amp;quality=70&amp;strip=all\" class=\"attachment-medium size-medium wp-post-image\" alt=\"\" data-attachment-id=\"53473\" data-permalink=\"https:\/\/www.infomoney.com.br\/marcio-pochmann\/\" data-orig-file=\"https:\/\/www.infomoney.com.br\/wp-content\/uploads\/2019\/06\/marcio-pochmann.jpg?fit=455%2C340&amp;quality=70&amp;strip=all\" data-orig-size=\"455,340\" data-comments-opened=\"1\" data-image-meta='{\"aperture\":\"0\",\"credit\":\"\",\"camera\":\"\",\"caption\":\"\",\"created_timestamp\":\"0\",\"copyright\":\"\",\"focal_length\":\"0\",\"iso\":\"0\",\"shutter_speed\":\"0\",\"title\":\"\",\"orientation\":\"0\"}' data-image-title=\"marcio-pochmann\" data-image-description=\"\" data-image-caption=\"\" data-medium-file=\"https:\/\/www.infomoney.com.br\/wp-content\/uploads\/2019\/06\/marcio-pochmann.jpg?fit=300%2C224&amp;quality=70&amp;strip=all\" data-large-file=\"https:\/\/www.infomoney.com.br\/wp-content\/uploads\/2019\/06\/marcio-pochmann.jpg?fit=455%2C340&amp;quality=70&amp;strip=all\">Presidente afirmou que &#8220;n\u00e3o \u00e9 aceit\u00e1vel as pessoas tentarem criar uma imagem negativa&#8221; do economista<\/p>\n<p>The post <a rel=\"nofollow\" href=\"https:\/\/www.infomoney.com.br\/politica\/lula-defende-pochmann-e-diz-que-simone-tebet-soube-com-antecedencia-da-indicacao-ao-ibge\/\">Lula defende Pochmann e diz que Simone Tebet soube com anteced\u00eancia da indica\u00e7\u00e3o ao IBGE<\/a> appeared first on <a rel=\"nofollow\" href=\"https:\/\/www.infomoney.com.br\/\">InfoMoney<\/a>.<\/p>\n","protected":false},"author":43,"featured_media":0,"comment_status":"closed","ping_status":"closed","sticky":false,"template":"","format":"standard","meta":{"advgb_blocks_editor_width":"","advgb_blocks_columns_visual_guide":"","footnotes":""},"categories":[34,600,129,6973,376,47,360],"tags":[35],"class_list":["post-27824","post","type-post","status-publish","format-standard","hentry","category-g1","category-ibge","category-luiz-inacio-lula-da-silva","category-marcio-pochmann","category-ministerio-do-planejamento","category-politica","category-simone-tebet","tag-g1"],"author_meta":{"display_name":"Estad\u00e3o Conte\u00fado","author_link":"https:\/\/sindaopcpb.org.br\/author\/estadao-conteudo\/"},"featured_img":null,"coauthors":[],"tax_additional":{"categories":{"linked":["<a href=\"https:\/\/sindaopcpb.org.br\/g1\/\" class=\"advgb-post-tax-term\">G1<\/a>","<a href=\"https:\/\/sindaopcpb.org.br\/ibge\/\" class=\"advgb-post-tax-term\">IBGE<\/a>","<a href=\"https:\/\/sindaopcpb.org.br\/luiz-inacio-lula-da-silva\/\" class=\"advgb-post-tax-term\">Luiz In\u00e1cio Lula da Silva<\/a>","<a href=\"https:\/\/sindaopcpb.org.br\/marcio-pochmann\/\" class=\"advgb-post-tax-term\">M\u00e1rcio Pochmann<\/a>","<a href=\"https:\/\/sindaopcpb.org.br\/ministerio-do-planejamento\/\" class=\"advgb-post-tax-term\">Minist\u00e9rio do Planejamento<\/a>","<a href=\"https:\/\/sindaopcpb.org.br\/politica\/\" class=\"advgb-post-tax-term\">POLITICA<\/a>","<a href=\"https:\/\/sindaopcpb.org.br\/simone-tebet\/\" class=\"advgb-post-tax-term\">Simone Tebet<\/a>"],"unlinked":["<span class=\"advgb-post-tax-term\">G1<\/span>","<span class=\"advgb-post-tax-term\">IBGE<\/span>","<span class=\"advgb-post-tax-term\">Luiz In\u00e1cio Lula da Silva<\/span>","<span class=\"advgb-post-tax-term\">M\u00e1rcio Pochmann<\/span>","<span class=\"advgb-post-tax-term\">Minist\u00e9rio do Planejamento<\/span>","<span class=\"advgb-post-tax-term\">POLITICA<\/span>","<span class=\"advgb-post-tax-term\">Simone Tebet<\/span>"]},"tags":{"linked":["<a href=\"https:\/\/sindaopcpb.org.br\/simone-tebet\/\" class=\"advgb-post-tax-term\">g1<\/a>"],"unlinked":["<span class=\"advgb-post-tax-term\">g1<\/span>"]}},"comment_count":"0","relative_dates":{"created":"Publicado 3 anos atr\u00e1s","modified":"Atualizado 3 anos atr\u00e1s"},"absolute_dates":{"created":"Publicado em 1 de agosto de 2023","modified":"Atualizado em 1 de agosto de 2023"},"absolute_dates_time":{"created":"Publicado em 1 de agosto de 2023 11:10","modified":"Atualizado em 1 de agosto de 2023 11:10"},"featured_img_caption":"","series_order":"","_links":{"self":[{"href":"https:\/\/sindaopcpb.org.br\/index.php\/wp-json\/wp\/v2\/posts\/27824","targetHints":{"allow":["GET"]}}],"collection":[{"href":"https:\/\/sindaopcpb.org.br\/index.php\/wp-json\/wp\/v2\/posts"}],"about":[{"href":"https:\/\/sindaopcpb.org.br\/index.php\/wp-json\/wp\/v2\/types\/post"}],"author":[{"embeddable":true,"href":"https:\/\/sindaopcpb.org.br\/index.php\/wp-json\/wp\/v2\/users\/43"}],"replies":[{"embeddable":true,"href":"https:\/\/sindaopcpb.org.br\/index.php\/wp-json\/wp\/v2\/comments?post=27824"}],"version-history":[{"count":1,"href":"https:\/\/sindaopcpb.org.br\/index.php\/wp-json\/wp\/v2\/posts\/27824\/revisions"}],"predecessor-version":[{"id":27825,"href":"https:\/\/sindaopcpb.org.br\/index.php\/wp-json\/wp\/v2\/posts\/27824\/revisions\/27825"}],"wp:attachment":[{"href":"https:\/\/sindaopcpb.org.br\/index.php\/wp-json\/wp\/v2\/media?parent=27824"}],"wp:term":[{"taxonomy":"category","embeddable":true,"href":"https:\/\/sindaopcpb.org.br\/index.php\/wp-json\/wp\/v2\/categories?post=27824"},{"taxonomy":"post_tag","embeddable":true,"href":"https:\/\/sindaopcpb.org.br\/index.php\/wp-json\/wp\/v2\/tags?post=27824"}],"curies":[{"name":"wp","href":"https:\/\/api.w.org\/{rel}","templated":true}]}}