{"id":27820,"date":"2023-08-01T10:35:29","date_gmt":"2023-08-01T13:35:29","guid":{"rendered":"https:\/\/wpa.wscom.com.br\/?p=915192"},"modified":"2023-08-01T10:35:29","modified_gmt":"2023-08-01T13:35:29","slug":"paraiba-578-das-matriculas-no-ensino-medio-sao-em-escolas-integrais","status":"publish","type":"post","link":"https:\/\/sindaopcpb.org.br\/index.php\/2023\/08\/01\/paraiba-578-das-matriculas-no-ensino-medio-sao-em-escolas-integrais\/","title":{"rendered":"Para\u00edba: 57,8% das matr\u00edculas no ensino m\u00e9dio s\u00e3o em escolas integrais"},"content":{"rendered":"<p>O presidente da Rep\u00fablica, Luiz In\u00e1cio Lula da Silva, sancionou a lei que institui o programa Escola em Tempo Integral (ETI). Em 2023, a a\u00e7\u00e3o pretende ampliar em 1 milh\u00e3o o n\u00famero de matr\u00edculas de tempo integral nas escolas de educa\u00e7\u00e3o b\u00e1sica de todo o Brasil. A cerim\u00f4nia de san\u00e7\u00e3o, com a presen\u00e7a do ministro da Educa\u00e7\u00e3o, Camilo Santana, foi realizada nesta segunda (31\/7), no Pal\u00e1cio do Planalto, em Bras\u00edlia (DF).<\/p>\n<p>\u201c\u00c9 com a universaliza\u00e7\u00e3o do acesso \u00e0 educa\u00e7\u00e3o p\u00fablica \u2014 e no aprimoramento da qualidade do ensino \u2014 que erguemos as bases de uma sociedade mais consciente, mais justa e menos desigual. E \u00e9 com a educa\u00e7\u00e3o em tempo integral que avan\u00e7amos ainda mais em dire\u00e7\u00e3o ao pa\u00eds que precisamos reconstruir\u201d, ressaltou o presidente Lula.<\/p>\n<p>&nbsp;<\/p>\n<p>No Brasil, de acordo com o Censo Escolar 2022, 6,9% das escolas p\u00fablicas possuem entre 20% e 50% dos seus estudantes matriculados em tempo integral. O censo ainda aponta que 50,7% das escolas n\u00e3o possuem nenhum estudante com jornada integral.<\/p>\n<p>&nbsp;<\/p>\n<p>O\u202fprograma\u202fvisa ampliar\u202fo n\u00famero de matr\u00edculas j\u00e1 nos anos de 2023 e 2024. Um investimento de R\uff04 4\u202fbilh\u00f5es vai permitir\u202fque\u202festados, munic\u00edpios e o Distrito Federal possam expandir a oferta de jornada em tempo integral em\u202fsuas redes. Depois, a meta \u00e9 alcan\u00e7ar, at\u00e9 o ano de 2026, cerca de 3,2 milh\u00f5es de matr\u00edculas.<\/p>\n<p><strong>PARA\u00cdBA &#8211;\u00a0<\/strong>A Para\u00edba \u00e9 o segundo estado brasileiro com maior percentual de estudantes do ensino m\u00e9dio matriculados em institui\u00e7\u00f5es de ensino integral. S\u00e3o 57,8%, atr\u00e1s apenas de Pernambuco (62,5%), segundo informa\u00e7\u00f5es do Censo Escolar 2022 do Instituto Nacional de Estudos e Pesquisas Educacionais (Inep). Um ano antes, esse percentual na Para\u00edba era de 55,7%.<\/p>\n<p>A propor\u00e7\u00e3o de matriculados em institui\u00e7\u00f5es integrais no ensino fundamental tamb\u00e9m apresenta vi\u00e9s de crescimento. Eram 11,4% em 2021 e saltaram para 15% no ano passado. Levando em conta o n\u00famero total de escolas no estado, 990 (26,1%) oferecem ensino em tempo integral na Para\u00edba, com 174 mil matr\u00edculas nessa modalidade, ou 25%.<\/p>\n<table class=\"m_-5118117177499031299image\" width=\"799\" align=\"center\">\n<tbody>\n<tr>\n<td><img decoding=\"async\" class=\"CToWUd a6T\" tabindex=\"0\" src=\"https:\/\/ci4.googleusercontent.com\/proxy\/TE60ePQuq-uUTcb3T29yIarqaWtmYNG3uZGnnYM0RarGTo666ufQP34-ANAS7yGmBd0pCJBC0KiilDYhQuGhK0e-BNIYQ3-z6hxP282Oi6Hi_7wuJOOSSHhdVpyV-PY_cX_GOmoO7xqySMDIk3skPMP1x5kLLW5bbmu8m2eg8EPPASIhczDmNYQ6eM29aIuTSeYO7ysiQlV1WCy3hGxvslyS8VZPzczhxCXGKQn0Z-c8IrMa9wnrciehQ3jquMDMn5qllyy_Y3St1w=s0-d-e1-ft#https:\/\/s2308.pitch-releases.com\/6==gM1oDN1ITOxYmOyJmLt92Yu02bjN3dA12bjN3d6kTNzgDO2ATOxEjOnVGcq5ydvxmN5QDZ5AjZjNTO2EmNxEGZmRDNiNzNldTNyEjZwkDN3YkMlkDN3YkMlEjN0kTMGJTJ2IDMx8VL0ETLfpDM\" alt=\"\" width=\"800\" data-bit=\"iit\" title=\"\"><\/p>\n<table border=\"0\" width=\"800\" cellspacing=\"0\" cellpadding=\"0\" align=\"center\">\n<tbody>\n<tr>\n<td width=\"800\"><\/td>\n<\/tr>\n<\/tbody>\n<\/table>\n<\/td>\n<\/tr>\n<\/tbody>\n<\/table>\n<p>&nbsp;<\/p>\n<p><strong>META DO PNE<\/strong>\u00a0\u2014 A meta 6 do Plano Nacional de Educa\u00e7\u00e3o (PNE) estabelece o objetivo de ofertar a educa\u00e7\u00e3o em tempo integral em, no m\u00ednimo, 50% das escolas p\u00fablicas, de modo que atenda a, pelo menos, 25% dos alunos da educa\u00e7\u00e3o b\u00e1sica. Para tanto, os estudantes devem ter, pelo menos, sete horas de atividades escolares.<\/p>\n<p>&nbsp;<\/p>\n<p>At\u00e9 2024, quando o PNE completa o ciclo de 10 anos de vig\u00eancia, ser\u00e1 necess\u00e1rio um crescimento de 27,6% para que a meta seja atingida. Nos \u00faltimos anos, na dire\u00e7\u00e3o oposta, o Relat\u00f3rio do 4\u00ba Ciclo de Monitoramento das Metas PNE 2022 mostrou que o percentual de matr\u00edculas em tempo integral na rede p\u00fablica brasileira caiu de 17,6% (em 2014) para 15,1% (em 2021). Ainda segundo o relat\u00f3rio, o indicador referente ao percentual de escolas de tempo integral no Brasil era de 22,4% (2021).<\/p>\n<p>Todas as etapas da educa\u00e7\u00e3o b\u00e1sica \u2014 creche e pr\u00e9-escola, anos iniciais e anos finais do ensino fundamental e ensino m\u00e9dio \u2014 podem ser contempladas com o Escola em Tempo Integral. A a\u00e7\u00e3o \u00e9 destinada a todos os entes federados, que poder\u00e3o aderir voluntariamente ao programa e pactuar metas junto ao MEC, por meio do\u00a0<a href=\"https:\/\/s2308.pitch-releases.com\/link.php?code=bDpodHRwcyUzQSUyRiUyRnNpbWVjLm1lYy5nb3YuYnIlMkZsb2dpbi5waHA6MTE5MDY4ODM1OTp3c2NvbUB3c2NvbS5jb20uYnI6MzZlMzcwOjUy\" rel=\"noopener nofollow\" data-saferedirecturl=\"https:\/\/www.google.com\/url?q=https:\/\/s2308.pitch-releases.com\/link.php?code%3DbDpodHRwcyUzQSUyRiUyRnNpbWVjLm1lYy5nb3YuYnIlMkZsb2dpbi5waHA6MTE5MDY4ODM1OTp3c2NvbUB3c2NvbS5jb20uYnI6MzZlMzcwOjUy&amp;source=gmail&amp;ust=1690979928976000&amp;usg=AOvVaw1mzG4F8RdVASI2OyyWpctL\" target=\"_blank\"><u>Sistema Integrado de Monitoramento Execu\u00e7\u00e3o e Controle (Simec)<\/u><\/a>.<\/p>\n<p>&nbsp;<\/p>\n<p><strong>RECURSOS PARA PREPARA\u00c7\u00c3O<\/strong>\u00a0\u2014 O investimento do Governo Federal vai permitir que estados, munic\u00edpios e o Distrito Federal, em uma primeira etapa, pactuem com o MEC novas metas de matr\u00edculas em tempo integral (jornada escolar igual ou superior a 7 horas di\u00e1rias ou 35 horas semanais). \u201cCada estado e munic\u00edpio vai fazer o seu planejamento e vamos disponibilizar 50% dos recursos nesse primeiro momento\u201d, disse o ministro Camilo Santana. \u201cE o restante (50%) ap\u00f3s a implanta\u00e7\u00e3o das novas matr\u00edculas\u201d, completou.<\/p>\n<p>&nbsp;<\/p>\n<p>As parcelas ser\u00e3o transferidas levando em conta as matr\u00edculas pactuadas, o valor do fomento e os crit\u00e9rios de equidade. O valor que cada Secretaria de Educa\u00e7\u00e3o receber\u00e1 ao repactuar as metas \u00e9 vari\u00e1vel, de acordo com a capacidade de financiamento do ente federado (valor m\u00ednimo, valor m\u00e1ximo, valores intermedi\u00e1rios, considerando o VAAT).<\/p>\n<p>&nbsp;<\/p>\n<p>Nas etapas seguintes, o programa implementar\u00e1 estrat\u00e9gias de assist\u00eancia t\u00e9cnica junto \u00e0s redes de ensino. Est\u00e3o previstas a\u00e7\u00f5es para forma\u00e7\u00e3o de educadores, orienta\u00e7\u00f5es curriculares, fomento a projetos inovadores, est\u00edmulo a arranjos intersetoriais, melhoria de infraestrutura, al\u00e9m da cria\u00e7\u00e3o de indicadores de avalia\u00e7\u00e3o.<\/p>\n<p><strong>SEMIN\u00c1RIOS REGIONAIS<\/strong>\u00a0\u2014 Nesta ter\u00e7a-feira, 1\u00ba\/8, \u00e0s 19h, o MEC inicia o ciclo de semin\u00e1rios \u201cPrograma Escola em Tempo Integral: princ\u00edpios para a Pol\u00edtica de Educa\u00e7\u00e3o Integral em Tempo Integral\u201d. A abertura vai reunir especialistas em um debate com\u00a0<a href=\"https:\/\/www.youtube.com\/@ministeriodaeducacao_MEC\/streams\" rel=\"noopener nofollow\" data-saferedirecturl=\"https:\/\/www.google.com\/url?q=https:\/\/www.youtube.com\/@ministeriodaeducacao_MEC\/streams&amp;source=gmail&amp;ust=1690979928976000&amp;usg=AOvVaw0Oc8Dg8G79cR_OpPDFIRyL\" target=\"_blank\"><u>transmiss\u00e3o ao vivo no canal do MEC no YouTube<\/u><\/a>.<\/p>\n<p>Ap\u00f3s a confer\u00eancia de abertura, ser\u00e3o realizados semin\u00e1rios presenciais nas cinco regi\u00f5es do pa\u00eds, de agosto a outubro. O primeiro, no Centro-Oeste, ser\u00e1 em Cuiab\u00e1 (MT), nos dias 3 e 4 de agosto. Em seguida, est\u00e3o previstos encontros em Bel\u00e9m (PA), dias 23 e 24 de agosto;\u202f Recife (PE), dias 13 e 14 de setembro; Porto Alegre (RS), dias 27 e 28 de setembro; e Diadema (SP), nos dias 4 e 5 de outubro, fechando o primeiro ciclo.<\/p>\n<p>&nbsp;<\/p>\n<p><strong>Confira a\u00a0<\/strong><a href=\"https:\/\/s2308.pitch-releases.com\/link.php?code=bDpodHRwcyUzQSUyRiUyRnd3dy5nb3YuYnIlMkZtZWMlMkZwdC1iciUyRmFzc3VudG9zJTJGZXZlbnRvcyUyRmNpY2xvLXNlbWluYXJpb3MtcHJvZ3JhbWEtZXNjb2xhLXRlbXBvLWludGVncmFsOjExOTA2ODgzNTk6d3Njb21Ad3Njb20uY29tLmJyOjI3ZGY2OTo1Mg==\" rel=\"noopener nofollow\" data-saferedirecturl=\"https:\/\/www.google.com\/url?q=https:\/\/s2308.pitch-releases.com\/link.php?code%3DbDpodHRwcyUzQSUyRiUyRnd3dy5nb3YuYnIlMkZtZWMlMkZwdC1iciUyRmFzc3VudG9zJTJGZXZlbnRvcyUyRmNpY2xvLXNlbWluYXJpb3MtcHJvZ3JhbWEtZXNjb2xhLXRlbXBvLWludGVncmFsOjExOTA2ODgzNTk6d3Njb21Ad3Njb20uY29tLmJyOjI3ZGY2OTo1Mg%3D%3D&amp;source=gmail&amp;ust=1690979928976000&amp;usg=AOvVaw0HM2K-JRm682AimFloG7yW\" target=\"_blank\"><u>programa\u00e7\u00e3o\u00a0<\/u><\/a><strong>do Ciclo de Semin\u00e1rios Programa Escola em Tempo Integral.<\/strong><\/p>\n<p><a href=\"https:\/\/s2308.pitch-releases.com\/link.php?code=bDpodHRwcyUzQSUyRiUyRmRvY3MuZ29vZ2xlLmNvbSUyRmZvcm1zJTJGZCUyRmUlMkYxRkFJcFFMU2VJNTNNQVEwM1p3WDU1YnZQelA1ZlRSQ295X09VdnBDN2FsVlg0T01sQVVsZHpzdyUyRnZpZXdmb3JtOjExOTA2ODgzNTk6d3Njb21Ad3Njb20uY29tLmJyOjdkNTBiYTo1Mg==\" rel=\"noopener nofollow\" data-saferedirecturl=\"https:\/\/www.google.com\/url?q=https:\/\/s2308.pitch-releases.com\/link.php?code%3DbDpodHRwcyUzQSUyRiUyRmRvY3MuZ29vZ2xlLmNvbSUyRmZvcm1zJTJGZCUyRmUlMkYxRkFJcFFMU2VJNTNNQVEwM1p3WDU1YnZQelA1ZlRSQ295X09VdnBDN2FsVlg0T01sQVVsZHpzdyUyRnZpZXdmb3JtOjExOTA2ODgzNTk6d3Njb21Ad3Njb20uY29tLmJyOjdkNTBiYTo1Mg%3D%3D&amp;source=gmail&amp;ust=1690979928976000&amp;usg=AOvVaw3nGfbqdJT9ArBFlbBSH4my\" target=\"_blank\"><u>Inscri\u00e7\u00f5es para os Semin\u00e1rios Presenciais<\/u><\/a><\/p>\n<p><strong>HIST\u00d3RICO<\/strong>\u00a0\u2013 O Escola em Tempo Integral foi anunciado pelo Governo Federal em maio, durante solenidade com o presidente Lula, o ministro Camilo e governadores em Fortaleza (CE). Em seguida, o Executivo apresentou ao Congresso o\u00a0<a href=\"https:\/\/s2308.pitch-releases.com\/link.php?code=bDpodHRwcyUzQSUyRiUyRnd3dy5jYW1hcmEubGVnLmJyJTJGcHJvcG9zaWNvZXNXZWIlMkZmaWNoYWRldHJhbWl0YWNhbyUzRmlkUHJvcG9zaWNhbyUzRDIzNjI3MTY6MTE5MDY4ODM1OTp3c2NvbUB3c2NvbS5jb20uYnI6OGIxODk1OjUy\" rel=\"noopener nofollow\" data-saferedirecturl=\"https:\/\/www.google.com\/url?q=https:\/\/s2308.pitch-releases.com\/link.php?code%3DbDpodHRwcyUzQSUyRiUyRnd3dy5jYW1hcmEubGVnLmJyJTJGcHJvcG9zaWNvZXNXZWIlMkZmaWNoYWRldHJhbWl0YWNhbyUzRmlkUHJvcG9zaWNhbyUzRDIzNjI3MTY6MTE5MDY4ODM1OTp3c2NvbUB3c2NvbS5jb20uYnI6OGIxODk1OjUy&amp;source=gmail&amp;ust=1690979928976000&amp;usg=AOvVaw13thZ-WXVu5TqVfq4kfoqJ\" target=\"_blank\"><u>Projeto de Lei (PL) n\u00ba 2617\/23<\/u><\/a>, com o intuito de instituir o programa. O PL foi aprovado na C\u00e2mara e no Senado Federal no in\u00edcio de julho. O texto\u202faprovado no Senado permitiu, ainda, a\u202frepactua\u00e7\u00e3o dos recursos da\u00a0<a href=\"https:\/\/s2308.pitch-releases.com\/link.php?code=bDpodHRwcyUzQSUyRiUyRnd3dy5wbGFuYWx0by5nb3YuYnIlMkZjY2l2aWxfMDMlMkZfYXRvMjAxOS0yMDIyJTJGMjAyMSUyRmxlaSUyRmwxNDE3Mi5odG06MTE5MDY4ODM1OTp3c2NvbUB3c2NvbS5jb20uYnI6OTExMjViOjUy\" rel=\"noopener nofollow\" data-saferedirecturl=\"https:\/\/www.google.com\/url?q=https:\/\/s2308.pitch-releases.com\/link.php?code%3DbDpodHRwcyUzQSUyRiUyRnd3dy5wbGFuYWx0by5nb3YuYnIlMkZjY2l2aWxfMDMlMkZfYXRvMjAxOS0yMDIyJTJGMjAyMSUyRmxlaSUyRmwxNDE3Mi5odG06MTE5MDY4ODM1OTp3c2NvbUB3c2NvbS5jb20uYnI6OTExMjViOjUy&amp;source=gmail&amp;ust=1690979928976000&amp;usg=AOvVaw1QTJMAdUdD0ISpub2S88-5\" target=\"_blank\"><u>Lei n\u00ba 14.172\/2021<\/u><\/a>\u00a0para fomentar a conectividade nas\u202fescolas.<\/p>\n<p>O post <a rel=\"nofollow noopener\" href=\"https:\/\/wscom.com.br\/paraiba-578-das-matriculas-no-ensino-medio-sao-em-escolas-integrais\/\" target=\"_blank\">Para\u00edba: 57,8% das matr\u00edculas no ensino m\u00e9dio s\u00e3o em escolas integrais<\/a> apareceu primeiro em <a rel=\"nofollow noopener\" href=\"https:\/\/wscom.com.br\/\" target=\"_blank\">WSCOM<\/a>.<\/p>\n","protected":false},"excerpt":{"rendered":"<p>O presidente da Rep\u00fablica, Luiz In\u00e1cio Lula da Silva, sancionou a lei que institui o programa Escola em Tempo Integral (ETI). Em 2023, a a\u00e7\u00e3o pretende ampliar em 1 milh\u00e3o o n\u00famero de matr\u00edculas de tempo integral nas escolas de educa\u00e7\u00e3o b\u00e1sica de todo o Brasil. A cerim\u00f4nia de san\u00e7\u00e3o, com a presen\u00e7a do ministro [\u2026]<\/p>\n<p>O post <a rel=\"nofollow\" href=\"https:\/\/wscom.com.br\/paraiba-578-das-matriculas-no-ensino-medio-sao-em-escolas-integrais\/\">Para\u00edba: 57,8% das matr\u00edculas no ensino m\u00e9dio s\u00e3o em escolas integrais<\/a> apareceu primeiro em <a rel=\"nofollow\" href=\"https:\/\/wscom.com.br\/\">WSCOM<\/a>.<\/p>\n","protected":false},"author":50,"featured_media":0,"comment_status":"closed","ping_status":"closed","sticky":false,"template":"","format":"standard","meta":{"advgb_blocks_editor_width":"","advgb_blocks_columns_visual_guide":"","footnotes":""},"categories":[229,7181,34,7182,7183,54],"tags":[35],"class_list":["post-27820","post","type-post","status-publish","format-standard","hentry","category-educacao","category-ensino","category-g1","category-integral","category-matriculas","category-paraiba","tag-g1"],"author_meta":{"display_name":"Wallyson","author_link":"https:\/\/sindaopcpb.org.br\/author\/wallyson\/"},"featured_img":null,"coauthors":[],"tax_additional":{"categories":{"linked":["<a href=\"https:\/\/sindaopcpb.org.br\/educacao\/\" class=\"advgb-post-tax-term\">Educa\u00e7\u00e3o<\/a>","<a href=\"https:\/\/sindaopcpb.org.br\/ensino\/\" class=\"advgb-post-tax-term\">ensino<\/a>","<a href=\"https:\/\/sindaopcpb.org.br\/g1\/\" class=\"advgb-post-tax-term\">G1<\/a>","<a href=\"https:\/\/sindaopcpb.org.br\/integral\/\" class=\"advgb-post-tax-term\">integral<\/a>","<a href=\"https:\/\/sindaopcpb.org.br\/matriculas\/\" class=\"advgb-post-tax-term\">MAtriculas<\/a>","<a href=\"https:\/\/sindaopcpb.org.br\/paraiba\/\" class=\"advgb-post-tax-term\">Para\u00edba<\/a>"],"unlinked":["<span class=\"advgb-post-tax-term\">Educa\u00e7\u00e3o<\/span>","<span class=\"advgb-post-tax-term\">ensino<\/span>","<span class=\"advgb-post-tax-term\">G1<\/span>","<span class=\"advgb-post-tax-term\">integral<\/span>","<span class=\"advgb-post-tax-term\">MAtriculas<\/span>","<span class=\"advgb-post-tax-term\">Para\u00edba<\/span>"]},"tags":{"linked":["<a href=\"https:\/\/sindaopcpb.org.br\/paraiba\/\" class=\"advgb-post-tax-term\">g1<\/a>"],"unlinked":["<span class=\"advgb-post-tax-term\">g1<\/span>"]}},"comment_count":"0","relative_dates":{"created":"Publicado 3 anos atr\u00e1s","modified":"Atualizado 3 anos atr\u00e1s"},"absolute_dates":{"created":"Publicado em 1 de agosto de 2023","modified":"Atualizado em 1 de agosto de 2023"},"absolute_dates_time":{"created":"Publicado em 1 de agosto de 2023 10:35","modified":"Atualizado em 1 de agosto de 2023 10:35"},"featured_img_caption":"","series_order":"","_links":{"self":[{"href":"https:\/\/sindaopcpb.org.br\/index.php\/wp-json\/wp\/v2\/posts\/27820","targetHints":{"allow":["GET"]}}],"collection":[{"href":"https:\/\/sindaopcpb.org.br\/index.php\/wp-json\/wp\/v2\/posts"}],"about":[{"href":"https:\/\/sindaopcpb.org.br\/index.php\/wp-json\/wp\/v2\/types\/post"}],"author":[{"embeddable":true,"href":"https:\/\/sindaopcpb.org.br\/index.php\/wp-json\/wp\/v2\/users\/50"}],"replies":[{"embeddable":true,"href":"https:\/\/sindaopcpb.org.br\/index.php\/wp-json\/wp\/v2\/comments?post=27820"}],"version-history":[{"count":1,"href":"https:\/\/sindaopcpb.org.br\/index.php\/wp-json\/wp\/v2\/posts\/27820\/revisions"}],"predecessor-version":[{"id":27821,"href":"https:\/\/sindaopcpb.org.br\/index.php\/wp-json\/wp\/v2\/posts\/27820\/revisions\/27821"}],"wp:attachment":[{"href":"https:\/\/sindaopcpb.org.br\/index.php\/wp-json\/wp\/v2\/media?parent=27820"}],"wp:term":[{"taxonomy":"category","embeddable":true,"href":"https:\/\/sindaopcpb.org.br\/index.php\/wp-json\/wp\/v2\/categories?post=27820"},{"taxonomy":"post_tag","embeddable":true,"href":"https:\/\/sindaopcpb.org.br\/index.php\/wp-json\/wp\/v2\/tags?post=27820"}],"curies":[{"name":"wp","href":"https:\/\/api.w.org\/{rel}","templated":true}]}}