{"id":27818,"date":"2023-08-01T10:37:47","date_gmt":"2023-08-01T13:37:47","guid":{"rendered":"https:\/\/wpa.wscom.com.br\/?p=915195"},"modified":"2023-08-01T10:37:47","modified_gmt":"2023-08-01T13:37:47","slug":"populacao-de-seis-cidades-da-paraiba-deve-ficar-atenta-a-necessidade-de-substituir-a-parabolica-tradicional","status":"publish","type":"post","link":"https:\/\/sindaopcpb.org.br\/index.php\/2023\/08\/01\/populacao-de-seis-cidades-da-paraiba-deve-ficar-atenta-a-necessidade-de-substituir-a-parabolica-tradicional\/","title":{"rendered":"Popula\u00e7\u00e3o de seis cidades da Para\u00edba deve ficar atenta \u00e0 necessidade de substituir a parab\u00f3lica tradicional"},"content":{"rendered":"<p>O Grupo de Acompanhamento da Implanta\u00e7\u00e3o das Solu\u00e7\u00f5es para os Problemas de Interfer\u00eancia na faixa de 3.625 a 3.700 MHz (Gaispi) autorizou a implanta\u00e7\u00e3o do 5G em mais 102 novas cidades brasileiras, sendo seis delas na Para\u00edba: Barra de Santana, Ing\u00e1, Itatuba, Itabaiana, Pilar e Mogeiro. A partir desse an\u00fancio, as operadoras de internet que atuam nessas localidades podem solicitar a ativa\u00e7\u00e3o da tecnologia ultrarr\u00e1pida, de acordo com seus planejamentos.<\/p>\n<p>Com a nova leva de cidades, ser\u00e3o 1.712 munic\u00edpios brasileiros com autoriza\u00e7\u00e3o para ativa\u00e7\u00e3o do 5G &#8211; 37 deles na Para\u00edba, beneficiando mais de 90 mil pessoas. Segundo dados da Anatel, a popula\u00e7\u00e3o desses locais totaliza mais de 145 milh\u00f5es de brasileiros, representando 69,3% dos habitantes do pa\u00eds. \u00c9 importante ressaltar que a autoriza\u00e7\u00e3o da Anatel n\u00e3o significa que a nova gera\u00e7\u00e3o de internet chegar\u00e1 imediatamente a essas localidades, mas esse \u00e9 o primeiro passo para a implanta\u00e7\u00e3o da tecnologia.<\/p>\n<p>A not\u00edcia positiva tamb\u00e9m traz um alerta para os usu\u00e1rios da parab\u00f3lica tradicional que moram nesses munic\u00edpios: \u00e9 preciso atualizar o equipamento para o modelo digital.\u00a0A substitui\u00e7\u00e3o \u00e9 necess\u00e1ria porque, em breve, a parab\u00f3lica tradicional &#8211; que utiliza a Banda C para transmitir a programa\u00e7\u00e3o &#8211; vai deixar de funcionar, e os canais v\u00e3o migrar para a Banda Ku, utilizada pela nova parab\u00f3lica digital. Antes mesmo de o sinal parar de ser transmitido, quando o 5G for ativado na regi\u00e3o, os usu\u00e1rios do equipamento podem perceber interfer\u00eancias, como chiados, chuviscos e at\u00e9 perda de acesso a alguns canais. Isso acontece porque o 5G tamb\u00e9m chega \u00e0 popula\u00e7\u00e3o atrav\u00e9s da Banda C.<\/p>\n<p>Leandro Guerra, presidente da Siga Antenado, entidade respons\u00e1vel por apoiar a popula\u00e7\u00e3o durante a migra\u00e7\u00e3o do sinal de TV utilizado pelas parab\u00f3licas tradicionais (banda C) para as parab\u00f3licas digitais (banda Ku), explica que o novo equipamento tem in\u00fameras vantagens em rela\u00e7\u00e3o ao modelo tradicional. \u201cOs benef\u00edcios mais vis\u00edveis da nova tecnologia s\u00e3o novos canais, programa\u00e7\u00e3o regional e melhor qualidade de imagem e de som. Mas \u00e9 importante lembrar que, em breve, a parab\u00f3lica tradicional deixar\u00e1 de funcionar. Ent\u00e3o, quanto antes fizer a troca, mais cedo poder\u00e1 aproveitar os benef\u00edcios da nova parab\u00f3lica digital\u201d.<\/p>\n<p>Fam\u00edlias de baixa renda inscritas no Cad\u00danico do Governo Federal e que utilizam a parab\u00f3lica tradicional para assistir \u00e0 TV t\u00eam direito \u00e0 instala\u00e7\u00e3o gratuita da nova parab\u00f3lica digital.\u00a0 Para saber se tem direito e se o agendamento est\u00e1 aberto na sua cidade, o interessado deve acessar o site\u00a0<a href=\"http:\/\/sigaantenado.com.br\/\" rel=\"noopener nofollow\" data-saferedirecturl=\"https:\/\/www.google.com\/url?q=http:\/\/sigaantenado.com.br&amp;source=gmail&amp;ust=1690983164039000&amp;usg=AOvVaw0gJ3P-qP7XGnw6KSRKTEn5\" target=\"_blank\">sigaantenado.com.br<\/a>\u00a0ou ligar para 0800 729 2404, de segunda a sexta-feira, das 8h \u00e0s 20h, e aos s\u00e1bados, das 8h \u00e0s 16h, com o CPF ou NIS em m\u00e3os.<\/p>\n<p>O post <a rel=\"nofollow noopener\" href=\"https:\/\/wscom.com.br\/populacao-de-seis-cidades-da-paraiba-deve-ficar-atenta-a-necessidade-de-substituir-a-parabolica-tradicional\/\" target=\"_blank\">Popula\u00e7\u00e3o de seis cidades da Para\u00edba deve ficar atenta \u00e0 necessidade de substituir a parab\u00f3lica tradicional<\/a> apareceu primeiro em <a rel=\"nofollow noopener\" href=\"https:\/\/wscom.com.br\/\" target=\"_blank\">WSCOM<\/a>.<\/p>\n","protected":false},"excerpt":{"rendered":"<p>O Grupo de Acompanhamento da Implanta\u00e7\u00e3o das Solu\u00e7\u00f5es para os Problemas de Interfer\u00eancia na faixa de 3.625 a 3.700 MHz (Gaispi) autorizou a implanta\u00e7\u00e3o do 5G em mais 102 novas cidades brasileiras, sendo seis delas na Para\u00edba: Barra de Santana, Ing\u00e1, Itatuba, Itabaiana, Pilar e Mogeiro. A partir desse an\u00fancio, as operadoras de internet que [\u2026]<\/p>\n<p>O post <a rel=\"nofollow\" href=\"https:\/\/wscom.com.br\/populacao-de-seis-cidades-da-paraiba-deve-ficar-atenta-a-necessidade-de-substituir-a-parabolica-tradicional\/\">Popula\u00e7\u00e3o de seis cidades da Para\u00edba deve ficar atenta \u00e0 necessidade de substituir a parab\u00f3lica tradicional<\/a> apareceu primeiro em <a rel=\"nofollow\" href=\"https:\/\/wscom.com.br\/\">WSCOM<\/a>.<\/p>\n","protected":false},"author":50,"featured_media":0,"comment_status":"closed","ping_status":"closed","sticky":false,"template":"","format":"standard","meta":{"advgb_blocks_editor_width":"","advgb_blocks_columns_visual_guide":"","footnotes":""},"categories":[34,1163,1161,5811],"tags":[35],"class_list":["post-27818","post","type-post","status-publish","format-standard","hentry","category-g1","category-parabolica","category-tecnologia","category-tv","tag-g1"],"author_meta":{"display_name":"Wallyson","author_link":"https:\/\/sindaopcpb.org.br\/author\/wallyson\/"},"featured_img":null,"coauthors":[],"tax_additional":{"categories":{"linked":["<a href=\"https:\/\/sindaopcpb.org.br\/g1\/\" class=\"advgb-post-tax-term\">G1<\/a>","<a href=\"https:\/\/sindaopcpb.org.br\/parabolica\/\" class=\"advgb-post-tax-term\">parabolica<\/a>","<a href=\"https:\/\/sindaopcpb.org.br\/tecnologia\/\" class=\"advgb-post-tax-term\">Tecnologia<\/a>","<a href=\"https:\/\/sindaopcpb.org.br\/tv\/\" class=\"advgb-post-tax-term\">tv<\/a>"],"unlinked":["<span class=\"advgb-post-tax-term\">G1<\/span>","<span class=\"advgb-post-tax-term\">parabolica<\/span>","<span class=\"advgb-post-tax-term\">Tecnologia<\/span>","<span class=\"advgb-post-tax-term\">tv<\/span>"]},"tags":{"linked":["<a href=\"https:\/\/sindaopcpb.org.br\/tv\/\" class=\"advgb-post-tax-term\">g1<\/a>"],"unlinked":["<span class=\"advgb-post-tax-term\">g1<\/span>"]}},"comment_count":"0","relative_dates":{"created":"Publicado 3 anos atr\u00e1s","modified":"Atualizado 3 anos atr\u00e1s"},"absolute_dates":{"created":"Publicado em 1 de agosto de 2023","modified":"Atualizado em 1 de agosto de 2023"},"absolute_dates_time":{"created":"Publicado em 1 de agosto de 2023 10:37","modified":"Atualizado em 1 de agosto de 2023 10:37"},"featured_img_caption":"","series_order":"","_links":{"self":[{"href":"https:\/\/sindaopcpb.org.br\/index.php\/wp-json\/wp\/v2\/posts\/27818","targetHints":{"allow":["GET"]}}],"collection":[{"href":"https:\/\/sindaopcpb.org.br\/index.php\/wp-json\/wp\/v2\/posts"}],"about":[{"href":"https:\/\/sindaopcpb.org.br\/index.php\/wp-json\/wp\/v2\/types\/post"}],"author":[{"embeddable":true,"href":"https:\/\/sindaopcpb.org.br\/index.php\/wp-json\/wp\/v2\/users\/50"}],"replies":[{"embeddable":true,"href":"https:\/\/sindaopcpb.org.br\/index.php\/wp-json\/wp\/v2\/comments?post=27818"}],"version-history":[{"count":1,"href":"https:\/\/sindaopcpb.org.br\/index.php\/wp-json\/wp\/v2\/posts\/27818\/revisions"}],"predecessor-version":[{"id":27819,"href":"https:\/\/sindaopcpb.org.br\/index.php\/wp-json\/wp\/v2\/posts\/27818\/revisions\/27819"}],"wp:attachment":[{"href":"https:\/\/sindaopcpb.org.br\/index.php\/wp-json\/wp\/v2\/media?parent=27818"}],"wp:term":[{"taxonomy":"category","embeddable":true,"href":"https:\/\/sindaopcpb.org.br\/index.php\/wp-json\/wp\/v2\/categories?post=27818"},{"taxonomy":"post_tag","embeddable":true,"href":"https:\/\/sindaopcpb.org.br\/index.php\/wp-json\/wp\/v2\/tags?post=27818"}],"curies":[{"name":"wp","href":"https:\/\/api.w.org\/{rel}","templated":true}]}}