{"id":27718,"date":"2023-07-31T13:39:02","date_gmt":"2023-07-31T16:39:02","guid":{"rendered":"https:\/\/wpa.wscom.com.br\/?p=915015"},"modified":"2023-07-31T13:39:02","modified_gmt":"2023-07-31T16:39:02","slug":"voo-com-destino-a-joao-pessoa-faz-pouso-de-emergencia-apos-falha-em-um-dos-motores","status":"publish","type":"post","link":"https:\/\/sindaopcpb.org.br\/index.php\/2023\/07\/31\/voo-com-destino-a-joao-pessoa-faz-pouso-de-emergencia-apos-falha-em-um-dos-motores\/","title":{"rendered":"Voo com destino a Jo\u00e3o Pessoa faz pouso de emerg\u00eancia ap\u00f3s falha em um dos motores"},"content":{"rendered":"<p>Um voo da Gol que saiu do Aeroporto do Gale\u00e3o, no Rio de Janeiro, com destino ao Aeroporto Castro Pinto, em Jo\u00e3o Pessoa, enfrentou precisou realizar um pouso de emerg\u00eancia, nesta segunda-feira (31), em Vit\u00f3ria, no Esp\u00edrito Santo,\u00a0 ap\u00f3s problema em um dos motores.<\/p>\n<p>O voo G3 1715 partiu do Rio de Janeiro \u00e0s 8h5 e durante o trajeto sobrevoando o estado da Bahia, um dos motores apresentou uma falha e parou de funcionar. O piloto, ent\u00e3o, entrou em contato com os controladores de voo e recebeu autoriza\u00e7\u00e3o para retornar ao Esp\u00edrito Santo e realizar um pouso seguro no Aeroporto de Vit\u00f3ria.<\/p>\n<p>A Gol emitiu uma nota confirmando o incidente e informando que a aeronave ser\u00e1 submetida a uma inspe\u00e7\u00e3o e manuten\u00e7\u00e3o minuciosas para identificar as causas da pane no motor. A companhia tamb\u00e9m tranquilizou os passageiros ao garantir que todos foram prontamente acomodados em um novo voo, que decolou de Vit\u00f3ria por volta das 12h30.<\/p>\n<p>&nbsp;<\/p>\n<p>O post <a rel=\"nofollow noopener\" href=\"https:\/\/wscom.com.br\/voo-com-destino-a-joao-pessoa-faz-pouso-de-emergencia-apos-falha-em-um-dos-motores\/\" target=\"_blank\">Voo com destino a Jo\u00e3o Pessoa faz pouso de emerg\u00eancia ap\u00f3s falha em um dos motores<\/a> apareceu primeiro em <a rel=\"nofollow noopener\" href=\"https:\/\/wscom.com.br\/\" target=\"_blank\">WSCOM<\/a>.<\/p>\n","protected":false},"excerpt":{"rendered":"<p>Um voo da Gol que saiu do Aeroporto do Gale\u00e3o, no Rio de Janeiro, com destino ao Aeroporto Castro Pinto, em Jo\u00e3o Pessoa, enfrentou precisou realizar um pouso de emerg\u00eancia, nesta segunda-feira (31), em Vit\u00f3ria, no Esp\u00edrito Santo,\u00a0 ap\u00f3s problema em um dos motores. O voo G3 1715 partiu do Rio de Janeiro \u00e0s 8h5 [\u2026]<\/p>\n<p>O post <a rel=\"nofollow\" href=\"https:\/\/wscom.com.br\/voo-com-destino-a-joao-pessoa-faz-pouso-de-emergencia-apos-falha-em-um-dos-motores\/\">Voo com destino a Jo\u00e3o Pessoa faz pouso de emerg\u00eancia ap\u00f3s falha em um dos motores<\/a> apareceu primeiro em <a rel=\"nofollow\" href=\"https:\/\/wscom.com.br\/\">WSCOM<\/a>.<\/p>\n","protected":false},"author":50,"featured_media":0,"comment_status":"closed","ping_status":"closed","sticky":false,"template":"","format":"standard","meta":{"advgb_blocks_editor_width":"","advgb_blocks_columns_visual_guide":"","footnotes":""},"categories":[2935,34,4126,54,3010],"tags":[35],"class_list":["post-27718","post","type-post","status-publish","format-standard","hentry","category-aviao","category-g1","category-gol","category-paraiba","category-voo","tag-g1"],"author_meta":{"display_name":"Wallyson","author_link":"https:\/\/sindaopcpb.org.br\/author\/wallyson\/"},"featured_img":null,"coauthors":[],"tax_additional":{"categories":{"linked":["<a href=\"https:\/\/sindaopcpb.org.br\/aviao\/\" class=\"advgb-post-tax-term\">Avi\u00e3o<\/a>","<a href=\"https:\/\/sindaopcpb.org.br\/g1\/\" class=\"advgb-post-tax-term\">G1<\/a>","<a href=\"https:\/\/sindaopcpb.org.br\/gol\/\" class=\"advgb-post-tax-term\">Gol<\/a>","<a href=\"https:\/\/sindaopcpb.org.br\/paraiba\/\" class=\"advgb-post-tax-term\">Para\u00edba<\/a>","<a href=\"https:\/\/sindaopcpb.org.br\/voo\/\" class=\"advgb-post-tax-term\">voo<\/a>"],"unlinked":["<span class=\"advgb-post-tax-term\">Avi\u00e3o<\/span>","<span class=\"advgb-post-tax-term\">G1<\/span>","<span class=\"advgb-post-tax-term\">Gol<\/span>","<span class=\"advgb-post-tax-term\">Para\u00edba<\/span>","<span class=\"advgb-post-tax-term\">voo<\/span>"]},"tags":{"linked":["<a href=\"https:\/\/sindaopcpb.org.br\/voo\/\" class=\"advgb-post-tax-term\">g1<\/a>"],"unlinked":["<span class=\"advgb-post-tax-term\">g1<\/span>"]}},"comment_count":"0","relative_dates":{"created":"Publicado 3 anos atr\u00e1s","modified":"Atualizado 3 anos atr\u00e1s"},"absolute_dates":{"created":"Publicado em 31 de julho de 2023","modified":"Atualizado em 31 de julho de 2023"},"absolute_dates_time":{"created":"Publicado em 31 de julho de 2023 13:39","modified":"Atualizado em 31 de julho de 2023 13:39"},"featured_img_caption":"","series_order":"","_links":{"self":[{"href":"https:\/\/sindaopcpb.org.br\/index.php\/wp-json\/wp\/v2\/posts\/27718","targetHints":{"allow":["GET"]}}],"collection":[{"href":"https:\/\/sindaopcpb.org.br\/index.php\/wp-json\/wp\/v2\/posts"}],"about":[{"href":"https:\/\/sindaopcpb.org.br\/index.php\/wp-json\/wp\/v2\/types\/post"}],"author":[{"embeddable":true,"href":"https:\/\/sindaopcpb.org.br\/index.php\/wp-json\/wp\/v2\/users\/50"}],"replies":[{"embeddable":true,"href":"https:\/\/sindaopcpb.org.br\/index.php\/wp-json\/wp\/v2\/comments?post=27718"}],"version-history":[{"count":1,"href":"https:\/\/sindaopcpb.org.br\/index.php\/wp-json\/wp\/v2\/posts\/27718\/revisions"}],"predecessor-version":[{"id":27719,"href":"https:\/\/sindaopcpb.org.br\/index.php\/wp-json\/wp\/v2\/posts\/27718\/revisions\/27719"}],"wp:attachment":[{"href":"https:\/\/sindaopcpb.org.br\/index.php\/wp-json\/wp\/v2\/media?parent=27718"}],"wp:term":[{"taxonomy":"category","embeddable":true,"href":"https:\/\/sindaopcpb.org.br\/index.php\/wp-json\/wp\/v2\/categories?post=27718"},{"taxonomy":"post_tag","embeddable":true,"href":"https:\/\/sindaopcpb.org.br\/index.php\/wp-json\/wp\/v2\/tags?post=27718"}],"curies":[{"name":"wp","href":"https:\/\/api.w.org\/{rel}","templated":true}]}}