{"id":27700,"date":"2023-07-31T12:30:22","date_gmt":"2023-07-31T15:30:22","guid":{"rendered":"https:\/\/wpa.wscom.com.br\/?p=914993"},"modified":"2023-07-31T12:30:22","modified_gmt":"2023-07-31T15:30:22","slug":"joao-azevedo-confirma-presenca-amanha-no-evento-que-marca-o-voo-inaugural-da-azul-entre-cajazeiras-e-recife","status":"publish","type":"post","link":"https:\/\/sindaopcpb.org.br\/index.php\/2023\/07\/31\/joao-azevedo-confirma-presenca-amanha-no-evento-que-marca-o-voo-inaugural-da-azul-entre-cajazeiras-e-recife\/","title":{"rendered":"Jo\u00e3o Azev\u00eado confirma presen\u00e7a amanh\u00e3 no evento que marca o voo inaugural da Azul entre Cajazeiras e Recife"},"content":{"rendered":"<p>&nbsp;<\/p>\n<p>&nbsp;<\/p>\n<p>O Governo da Para\u00edba e a Azul Linhas A\u00e9reas lan\u00e7am nesta ter\u00e7a-feira (1), o voo inaugural entre Cajazeiras e Recife (PE). O governador Jo\u00e3o Azev\u00eado vai participar do evento de lan\u00e7amento do voo, que chega por volta das 10h30 ao Aeroporto Regional Pedro Vieira Moreira, em Cajazeiras, de onde decola em seguida em dire\u00e7\u00e3o ao Aeroporto Internacional Gilberto Freyre, em Pernambuco, \u00e0s 11h30, com dura\u00e7\u00e3o prevista de 1h50min. No pr\u00f3prio aeroporto de Cajazeiras, que recebeu diversas melhorias do estado, o governador concede, \u00e0s 9h30, entrevista coletiva \u00e0 imprensa para falar da participa\u00e7\u00e3o do Governo em trazer mais este voo ao Sert\u00e3o paraibano.<\/p>\n<p>O trajeto acontecer\u00e1 tr\u00eas vezes por semana, sempre \u00e0s ter\u00e7as, quintas e s\u00e1bados, saindo de Recife \u00e0s 08h55 e chegando a Cajazeiras \u00e0s 10h45, retornando \u00e0 capital pernambucana, \u00e0s 11h15. As negocia\u00e7\u00f5es para a opera\u00e7\u00e3o em Cajazeiras ocorreram entre a Azul e o Governo da Para\u00edba, que vem impulsionando pol\u00edticas p\u00fablicas de interioriza\u00e7\u00e3o e integra\u00e7\u00e3o.<\/p>\n<p>Cajazeiras \u00e9 a segunda cidade do sert\u00e3o do Estado a ser contemplada com o voo comercial da Azul. Em agosto de 2021, a companhia iniciou opera\u00e7\u00e3o em Patos com voos di\u00e1rios para o aeroporto de Recife, hub estrat\u00e9gico da Azul, onde os clientes podem fazer conex\u00e3o com outros destinos do Brasil e do exterior. Em junho, a parceria resultou num hub regional na cidade de Campina Grande com a inclus\u00e3o de 290 novos voos para cidades como Belo Horizonte, Rio de Janeiro e Salvador.<\/p>\n<p>\u201cO in\u00edcio da opera\u00e7\u00e3o marca um tempo hist\u00f3rico para os passageiros que saem de Cajazeiras e que a partir de agora poder\u00e3o adquirir um bilhete internacional sem sair da cidade\u201d, observou a secret\u00e1ria de Turismo e Desenvolvimento Econ\u00f4mico, Ros\u00e1lia Lucas<\/p>\n<p>Ela destacou ainda que \u201ca nova rota para atender os paraibanos \u00e9 mais um resultado da articula\u00e7\u00e3o direta do governador Jo\u00e3o Azev\u00eado para amplia\u00e7\u00e3o dos voos no Estado e que, diante dos incentivos oferecidos pelo governo, foi abra\u00e7ada com entusiasmo pela maior companhia a\u00e9rea do Pa\u00eds em n\u00famero de voos di\u00e1rios\u201d.<\/p>\n<p>&#8220;\u00c9 com grande prazer que estamos inaugurando mais um voo no sert\u00e3o da Para\u00edba. A Azul \u00e9 reconhecida pela expertise e pela transforma\u00e7\u00e3o que promoveu nos \u00faltimos anos na avia\u00e7\u00e3o regional pelo Brasil e n\u00e3o poderia ser diferente no interior do Nordeste. Ao aumentar a acessibilidade de Cajazeiras, esperamos fortalecer as liga\u00e7\u00f5es existentes e criar oportunidades de neg\u00f3cios, turismo e educa\u00e7\u00e3o para toda a regi\u00e3o&#8221;, afirmou C\u00e9sar Grandolfo, gerente de Rela\u00e7\u00f5es Institucionais da Azul Linhas A\u00e9reas, que representar\u00e1 a empresa no evento de lan\u00e7amento.<\/p>\n<p>O post <a rel=\"nofollow noopener\" href=\"https:\/\/wscom.com.br\/joao-azevedo-confirma-presenca-amanha-no-evento-que-marca-o-voo-inaugural-da-azul-entre-cajazeiras-e-recife\/\" target=\"_blank\">Jo\u00e3o Azev\u00eado confirma presen\u00e7a amanh\u00e3 no evento que marca o voo inaugural da Azul entre Cajazeiras e Recife<\/a> apareceu primeiro em <a rel=\"nofollow noopener\" href=\"https:\/\/wscom.com.br\/\" target=\"_blank\">WSCOM<\/a>.<\/p>\n","protected":false},"excerpt":{"rendered":"<p>\u00a0 \u00a0 O Governo da Para\u00edba e a Azul Linhas A\u00e9reas lan\u00e7am nesta ter\u00e7a-feira (1), o voo inaugural entre Cajazeiras e Recife (PE). O governador Jo\u00e3o Azev\u00eado vai participar do evento de lan\u00e7amento do voo, que chega por volta das 10h30 ao Aeroporto Regional Pedro Vieira Moreira, em Cajazeiras, de onde decola em seguida em [\u2026]<\/p>\n<p>O post <a rel=\"nofollow\" href=\"https:\/\/wscom.com.br\/joao-azevedo-confirma-presenca-amanha-no-evento-que-marca-o-voo-inaugural-da-azul-entre-cajazeiras-e-recife\/\">Jo\u00e3o Azev\u00eado confirma presen\u00e7a amanh\u00e3 no evento que marca o voo inaugural da Azul entre Cajazeiras e Recife<\/a> apareceu primeiro em <a rel=\"nofollow\" href=\"https:\/\/wscom.com.br\/\">WSCOM<\/a>.<\/p>\n","protected":false},"author":42,"featured_media":0,"comment_status":"closed","ping_status":"closed","sticky":false,"template":"","format":"standard","meta":{"advgb_blocks_editor_width":"","advgb_blocks_columns_visual_guide":"","footnotes":""},"categories":[7127,1773,34,440,54,1282,7128],"tags":[35],"class_list":["post-27700","post","type-post","status-publish","format-standard","hentry","category-azul-linhas-aereas","category-cajazeiras","category-g1","category-joao-azevedo","category-paraiba","category-recife","category-voo-inaugural","tag-g1"],"author_meta":{"display_name":"Rafael Andrade","author_link":"https:\/\/sindaopcpb.org.br\/author\/rafael-andrade\/"},"featured_img":null,"coauthors":[],"tax_additional":{"categories":{"linked":["<a href=\"https:\/\/sindaopcpb.org.br\/azul-linhas-aereas\/\" class=\"advgb-post-tax-term\">Azul linhas a\u00e9reas<\/a>","<a href=\"https:\/\/sindaopcpb.org.br\/cajazeiras\/\" class=\"advgb-post-tax-term\">Cajazeiras<\/a>","<a href=\"https:\/\/sindaopcpb.org.br\/g1\/\" class=\"advgb-post-tax-term\">G1<\/a>","<a href=\"https:\/\/sindaopcpb.org.br\/joao-azevedo\/\" class=\"advgb-post-tax-term\">jo\u00e3o azevedo<\/a>","<a href=\"https:\/\/sindaopcpb.org.br\/paraiba\/\" class=\"advgb-post-tax-term\">Para\u00edba<\/a>","<a href=\"https:\/\/sindaopcpb.org.br\/recife\/\" class=\"advgb-post-tax-term\">Recife<\/a>","<a href=\"https:\/\/sindaopcpb.org.br\/voo-inaugural\/\" class=\"advgb-post-tax-term\">Voo inaugural<\/a>"],"unlinked":["<span class=\"advgb-post-tax-term\">Azul linhas a\u00e9reas<\/span>","<span class=\"advgb-post-tax-term\">Cajazeiras<\/span>","<span class=\"advgb-post-tax-term\">G1<\/span>","<span class=\"advgb-post-tax-term\">jo\u00e3o azevedo<\/span>","<span class=\"advgb-post-tax-term\">Para\u00edba<\/span>","<span class=\"advgb-post-tax-term\">Recife<\/span>","<span class=\"advgb-post-tax-term\">Voo inaugural<\/span>"]},"tags":{"linked":["<a href=\"https:\/\/sindaopcpb.org.br\/voo-inaugural\/\" class=\"advgb-post-tax-term\">g1<\/a>"],"unlinked":["<span class=\"advgb-post-tax-term\">g1<\/span>"]}},"comment_count":"0","relative_dates":{"created":"Publicado 3 anos atr\u00e1s","modified":"Atualizado 3 anos atr\u00e1s"},"absolute_dates":{"created":"Publicado em 31 de julho de 2023","modified":"Atualizado em 31 de julho de 2023"},"absolute_dates_time":{"created":"Publicado em 31 de julho de 2023 12:30","modified":"Atualizado em 31 de julho de 2023 12:30"},"featured_img_caption":"","series_order":"","_links":{"self":[{"href":"https:\/\/sindaopcpb.org.br\/index.php\/wp-json\/wp\/v2\/posts\/27700","targetHints":{"allow":["GET"]}}],"collection":[{"href":"https:\/\/sindaopcpb.org.br\/index.php\/wp-json\/wp\/v2\/posts"}],"about":[{"href":"https:\/\/sindaopcpb.org.br\/index.php\/wp-json\/wp\/v2\/types\/post"}],"author":[{"embeddable":true,"href":"https:\/\/sindaopcpb.org.br\/index.php\/wp-json\/wp\/v2\/users\/42"}],"replies":[{"embeddable":true,"href":"https:\/\/sindaopcpb.org.br\/index.php\/wp-json\/wp\/v2\/comments?post=27700"}],"version-history":[{"count":1,"href":"https:\/\/sindaopcpb.org.br\/index.php\/wp-json\/wp\/v2\/posts\/27700\/revisions"}],"predecessor-version":[{"id":27701,"href":"https:\/\/sindaopcpb.org.br\/index.php\/wp-json\/wp\/v2\/posts\/27700\/revisions\/27701"}],"wp:attachment":[{"href":"https:\/\/sindaopcpb.org.br\/index.php\/wp-json\/wp\/v2\/media?parent=27700"}],"wp:term":[{"taxonomy":"category","embeddable":true,"href":"https:\/\/sindaopcpb.org.br\/index.php\/wp-json\/wp\/v2\/categories?post=27700"},{"taxonomy":"post_tag","embeddable":true,"href":"https:\/\/sindaopcpb.org.br\/index.php\/wp-json\/wp\/v2\/tags?post=27700"}],"curies":[{"name":"wp","href":"https:\/\/api.w.org\/{rel}","templated":true}]}}