{"id":27689,"date":"2023-07-31T12:05:39","date_gmt":"2023-07-31T15:05:39","guid":{"rendered":"https:\/\/g1.globo.com\/pb\/paraiba\/especial-publicitario\/endor-endometriose-e-dor-cronica\/noticia\/2023\/07\/31\/as-dores-no-corpo-pioram-com-o-frio-veja-qual-a-relacao-e-como-tratar.ghtml"},"modified":"2023-07-31T12:05:39","modified_gmt":"2023-07-31T15:05:39","slug":"as-dores-no-corpo-pioram-com-o-frio-veja-qual-a-relacao-e-como-tratar","status":"publish","type":"post","link":"https:\/\/sindaopcpb.org.br\/index.php\/2023\/07\/31\/as-dores-no-corpo-pioram-com-o-frio-veja-qual-a-relacao-e-como-tratar\/","title":{"rendered":"As dores no corpo pioram com o frio? Veja qual a rela\u00e7\u00e3o e como tratar"},"content":{"rendered":"   <img src=\"https:\/\/s2.glbimg.com\/HQdA3GrOkjAGCP2uaPBAMzcYmGo=\/i.s3.glbimg.com\/v1\/AUTH_59edd422c0c84a879bd37670ae4f538a\/internal_photos\/bs\/2023\/R\/S\/cRUFLORHK5Kg5i6CVi2g\/imagem1.jpg\" \/><br \/>     M\u00e9dico da dor Humberto Arcoverde aponta que as temperaturas mais baixas incomodam as articula\u00e7\u00f5es, mas h\u00e1 possibilidades de tratamento e al\u00edvio No frio, o l\u00edquido sinovial, que lubrifica as articula\u00e7\u00f5es, torna-se mais espesso, gerando maior rigidez nas articula\u00e7\u00f5es e, consequentemente, mais dores.  \nFreepik\nPara algumas pessoas, o inverno \u00e9 aquela \u00e9poca deliciosa para ver TV embaixo das cobertas, por\u00e9m nem todos vivem uma rela\u00e7\u00e3o de amor com o clima frio. \u00c9 comum ouvir frases como \u201cmeus joelhos me dizem que o tempo vai mudar\u201d ou \u201co clima vai esfriar, minhas articula\u00e7\u00f5es n\u00e3o mentem\u201d. As baixas temperaturas trazem consigo o aumento das queixas de dores nas articula\u00e7\u00f5es, mas ser\u00e1 que \u00e9 mito ou verdade que o corpo d\u00f3i mais no frio? \nO anestesiologista Humberto Arcoverde, m\u00e9dico da dor, explica que essas dores intensificadas pela mudan\u00e7a clim\u00e1tica s\u00e3o reais e podem ser bastante inc\u00f4modas, principalmente em pessoas que j\u00e1 sofrem com artrite ou artrose. \u201cO frio faz com que ocorra contra\u00e7\u00e3o muscular e dos vasos sangu\u00edneos que irrigam esses m\u00fasculos. Isso acontece para que o corpo se mantenha em equil\u00edbrio e, assim, diminuam os efeitos da queda da temperatura\u201d, comenta.  Ele esclarece ainda que, no frio, o l\u00edquido sinovial, que lubrifica as articula\u00e7\u00f5es, torna-se mais espesso, gerando maior rigidez nas articula\u00e7\u00f5es e, consequentemente, mais dores. \nApesar de existirem solu\u00e7\u00f5es mais simples e at\u00e9 caseiras para o al\u00edvio das dores, \u00e9 indispens\u00e1vel consultar um especialista para garantir o diagn\u00f3stico correto. \nFreepik\nPreven\u00e7\u00e3o e tratamento: o que fazer?\nPor ser uma queixa bastante comum, surge a d\u00favida: \u00e9 poss\u00edvel prevenir e tratar essas dores causadas pelo frio? O m\u00e9dico da dor esclarece que h\u00e1, sim, medidas que podem ser tomadas para garantir uma melhora nas condi\u00e7\u00f5es desses pacientes durante o inverno. Segundo ele, o primeiro passo \u00e9 manter-se agasalhado com roupas apropriadas para n\u00e3o sentir tantos efeitos do frio. Al\u00e9m disso, compressas mornas em articula\u00e7\u00f5es que est\u00e3o doloridas e a manuten\u00e7\u00e3o do exerc\u00edcio f\u00edsico e da fisioterapia, podem ajudar a controlar o aumento da dor cr\u00f4nica nesse per\u00edodo. \u201cOutra forma de al\u00edvio s\u00e3o as massagens com eletroestimuladores (TENS)\u201d, aponta. \nPor\u00e9m, apesar de existirem solu\u00e7\u00f5es mais simples e at\u00e9 caseiras para o al\u00edvio das dores, \u00e9 indispens\u00e1vel consultar um especialista para garantir o diagn\u00f3stico correto e um tratamento eficaz. \u201cAvaliar as dores do paciente que tem dor cr\u00f4nica \u00e9 fundamental para que tenhamos um diagn\u00f3stico preciso\u201d, aponta o anestesiologista. Humberto tamb\u00e9m chama aten\u00e7\u00e3o para o uso de medicamentos, que pode ser um grande aliado nesses casos, mas que precisam ser sempre prescritos pelo m\u00e9dico.  \u201cSeriam bem indicados medicamentos como relaxantes musculares e analg\u00e9sicos simples para os casos em que a dor estiver menor que tr\u00eas numa escala de zero a dez,\u201d, explica. \nDor cr\u00f4nica em articula\u00e7\u00f5es\nO Dr. Humberto Arcoverde, m\u00e9dico da dor, esclarece ainda que os casos de dor cr\u00f4nica, aquela que persiste por muitos meses, podem necessitar de tratamentos mais espec\u00edficos. \u201cUma das op\u00e7\u00f5es seriam os bloqueios dos nervos das articula\u00e7\u00f5es realizadas por ultrassonografia e a chamada viscosuplementa\u00e7\u00e3o, onde \u00e9 injetado \u00e1cido hialur\u00f4nico de alto peso molecular na articula\u00e7\u00e3o\u201d, esclarece. \u201cEsse \u00e1cido, al\u00e9m de se misturar ao l\u00edquido sinovial, diminuindo o impacto, tamb\u00e9m tem a fun\u00e7\u00e3o de realizar a regenera\u00e7\u00e3o daquela articula\u00e7\u00e3o\u201d, completa. \nO anestesiologista destaca que existem tratamentos bem modernos dispon\u00edveis hoje em dia, como a coloca\u00e7\u00e3o de c\u00e9lulas-tronco nas articula\u00e7\u00f5es dos pacientes, levando \u00e0 regenera\u00e7\u00e3o daquela articula\u00e7\u00e3o doente, melhorando a fun\u00e7\u00e3o do membro afetado e diminuindo a dor. \u201c\u00c9 um tratamento moderno, eficaz, j\u00e1 liberado no Brasil e realizado em Jo\u00e3o Pessoa, mas em ambiente hospitalar\u201d, ressalta. \nPara tirar outras d\u00favidas sobre o tema, mais informa\u00e7\u00f5es podem ser obtidas pelo WhatsApp (83) 9400-3535. \nHumberto Arcoverde Viana Coelho - CRM-PB 7598  ","protected":false},"excerpt":{"rendered":"<p>        M\u00e9dico da dor Humberto Arcoverde aponta que as temperaturas mais baixas incomodam as articula\u00e7\u00f5es, mas h\u00e1 possibilidades de tratamento e al\u00edvio No frio, o l\u00edquido sinovial, que lubrifica as articula\u00e7\u00f5es, torna-se mais espesso, gerando maior rig&#8230;<\/p>\n","protected":false},"author":2,"featured_media":0,"comment_status":"closed","ping_status":"closed","sticky":false,"template":"","format":"standard","meta":{"advgb_blocks_editor_width":"","advgb_blocks_columns_visual_guide":"","footnotes":""},"categories":[34],"tags":[35],"class_list":["post-27689","post","type-post","status-publish","format-standard","hentry","category-g1","tag-g1"],"author_meta":{"display_name":"g1 &gt; Para\u00edba","author_link":"https:\/\/sindaopcpb.org.br\/author\/g1-paraiba\/"},"featured_img":null,"coauthors":[],"tax_additional":{"categories":{"linked":["<a href=\"https:\/\/sindaopcpb.org.br\/g1\/\" class=\"advgb-post-tax-term\">G1<\/a>"],"unlinked":["<span class=\"advgb-post-tax-term\">G1<\/span>"]},"tags":{"linked":["<a href=\"https:\/\/sindaopcpb.org.br\/g1\/\" class=\"advgb-post-tax-term\">g1<\/a>"],"unlinked":["<span class=\"advgb-post-tax-term\">g1<\/span>"]}},"comment_count":"0","relative_dates":{"created":"Publicado 3 anos atr\u00e1s","modified":"Atualizado 3 anos atr\u00e1s"},"absolute_dates":{"created":"Publicado em 31 de julho de 2023","modified":"Atualizado em 31 de julho de 2023"},"absolute_dates_time":{"created":"Publicado em 31 de julho de 2023 12:05","modified":"Atualizado em 31 de julho de 2023 12:05"},"featured_img_caption":"","series_order":"","_links":{"self":[{"href":"https:\/\/sindaopcpb.org.br\/index.php\/wp-json\/wp\/v2\/posts\/27689","targetHints":{"allow":["GET"]}}],"collection":[{"href":"https:\/\/sindaopcpb.org.br\/index.php\/wp-json\/wp\/v2\/posts"}],"about":[{"href":"https:\/\/sindaopcpb.org.br\/index.php\/wp-json\/wp\/v2\/types\/post"}],"author":[{"embeddable":true,"href":"https:\/\/sindaopcpb.org.br\/index.php\/wp-json\/wp\/v2\/users\/2"}],"replies":[{"embeddable":true,"href":"https:\/\/sindaopcpb.org.br\/index.php\/wp-json\/wp\/v2\/comments?post=27689"}],"version-history":[{"count":2,"href":"https:\/\/sindaopcpb.org.br\/index.php\/wp-json\/wp\/v2\/posts\/27689\/revisions"}],"predecessor-version":[{"id":27702,"href":"https:\/\/sindaopcpb.org.br\/index.php\/wp-json\/wp\/v2\/posts\/27689\/revisions\/27702"}],"wp:attachment":[{"href":"https:\/\/sindaopcpb.org.br\/index.php\/wp-json\/wp\/v2\/media?parent=27689"}],"wp:term":[{"taxonomy":"category","embeddable":true,"href":"https:\/\/sindaopcpb.org.br\/index.php\/wp-json\/wp\/v2\/categories?post=27689"},{"taxonomy":"post_tag","embeddable":true,"href":"https:\/\/sindaopcpb.org.br\/index.php\/wp-json\/wp\/v2\/tags?post=27689"}],"curies":[{"name":"wp","href":"https:\/\/api.w.org\/{rel}","templated":true}]}}