{"id":27681,"date":"2023-07-31T12:30:04","date_gmt":"2023-07-31T15:30:04","guid":{"rendered":"https:\/\/www.infomoney.com.br\/?p=2201221"},"modified":"2023-07-31T12:30:04","modified_gmt":"2023-07-31T15:30:04","slug":"cpmi-do-8-de-janeiro-retoma-os-trabalhos-com-depoimento-de-ex-diretor-da-abin","status":"publish","type":"post","link":"https:\/\/sindaopcpb.org.br\/index.php\/2023\/07\/31\/cpmi-do-8-de-janeiro-retoma-os-trabalhos-com-depoimento-de-ex-diretor-da-abin\/","title":{"rendered":"CPMI do 8 de Janeiro retoma os trabalhos com depoimento de ex-diretor da Abin"},"content":{"rendered":"<p><img loading=\"lazy\" width=\"300\" height=\"200\" src=\"https:\/\/www.infomoney.com.br\/wp-content\/uploads\/2023\/01\/ENQ20230108029.jpg?fit=300%2C200&amp;quality=70&amp;strip=all\" class=\"attachment-medium size-medium wp-post-image\" alt=\"Apoiadores do ex-presidente Jair Bolsonaro durante a invas\u00e3o ao Pal\u00e1cio do Planalto (Foto: LUCAS NEVES\/ENQUADRAR\/ESTAD\u00c3O CONTE\u00daDO)\" decoding=\"async\" style=\"float:right; margin:0 0 10px 10px;\" srcset=\"https:\/\/www.infomoney.com.br\/wp-content\/uploads\/2023\/01\/ENQ20230108029.jpg?w=2048&amp;quality=70&amp;strip=all 2048w, https:\/\/www.infomoney.com.br\/wp-content\/uploads\/2023\/01\/ENQ20230108029.jpg?w=300&amp;quality=70&amp;strip=all 300w, https:\/\/www.infomoney.com.br\/wp-content\/uploads\/2023\/01\/ENQ20230108029.jpg?w=768&amp;quality=70&amp;strip=all 768w, https:\/\/www.infomoney.com.br\/wp-content\/uploads\/2023\/01\/ENQ20230108029.jpg?w=1280&amp;quality=70&amp;strip=all 1280w, https:\/\/www.infomoney.com.br\/wp-content\/uploads\/2023\/01\/ENQ20230108029.jpg?w=1536&amp;quality=70&amp;strip=all 1536w, https:\/\/www.infomoney.com.br\/wp-content\/uploads\/2023\/01\/ENQ20230108029.jpg?w=150&amp;quality=70&amp;strip=all 150w\" sizes=\"auto, (max-width: 300px) 100vw, 300px\" data-attachment-id=\"2025189\" data-permalink=\"https:\/\/www.infomoney.com.br\/bolsonaristas-invadem-o-congresso-nacional\/\" data-orig-file=\"https:\/\/www.infomoney.com.br\/wp-content\/uploads\/2023\/01\/ENQ20230108029.jpg?fit=2048%2C1366&amp;quality=70&amp;strip=all\" data-orig-size=\"2048,1366\" data-comments-opened=\"0\" data-image-meta=\"{&quot;aperture&quot;:&quot;0&quot;,&quot;credit&quot;:&quot;ESTAD\\u00c3O CONTE\\u00daDO&quot;,&quot;camera&quot;:&quot;&quot;,&quot;caption&quot;:&quot;DF - LULA\\\/VIT\\u00d3RIA\\\/ATOS ANTIDEMOCR\\u00c1TICOS\\\/CONGRESSO\\\/INVAS\\u00c3O - GERAL - Apoiadores do ex-presidente Jair Bolsonaro durante a invas\\u00e3o ao Pal\\u00e1cio do Planalto, na Esplanada dos     Minist\\u00e9rios, em Bras\\u00edlia, neste domingo (8). Os participantes de atos antidemocr\\u00e1ticos que invadiram na tarde deste     domingo as sedes dos Tr\\u00eas Poderes em Bras\\u00edlia promoveram quebradeira no Pal\\u00e1cio do Planalto, no Congresso Nacional,     e no Plen\\u00e1rio do Supremo Tribunal Federal (STF).      08\\\/01\\\/2023 - Foto: LUCAS NEVES\\\/ENQUADRAR\\\/ESTAD\\u00c3O CONTE\\u00daDO&quot;,&quot;created_timestamp&quot;:&quot;0&quot;,&quot;copyright&quot;:&quot;Copyright \\u00a9 Ag\\u00eancia Estado. Todos os direitos reservados&quot;,&quot;focal_length&quot;:&quot;0&quot;,&quot;iso&quot;:&quot;0&quot;,&quot;shutter_speed&quot;:&quot;0&quot;,&quot;title&quot;:&quot;Bolsonaristas invadem o Congresso Nacional&quot;,&quot;orientation&quot;:&quot;0&quot;}\" data-image-title=\"Bolsonaristas invadem o Congresso Nacional\" data-image-description=\"&lt;p&gt;Apoiadores do ex-presidente Jair Bolsonaro durante a invas\u00e3o ao Pal\u00e1cio do Planalto (Foto: LUCAS NEVES\/ENQUADRAR\/ESTAD\u00c3O CONTE\u00daDO)&lt;\/p&gt;\n\" data-image-caption=\"&lt;p&gt;Apoiadores do ex-presidente Jair Bolsonaro durante a invas\u00e3o ao Pal\u00e1cio do Planalto (Foto: LUCAS NEVES\/ENQUADRAR\/ESTAD\u00c3O CONTE\u00daDO)&lt;\/p&gt;\n\" data-medium-file=\"https:\/\/www.infomoney.com.br\/wp-content\/uploads\/2023\/01\/ENQ20230108029.jpg?fit=300%2C200&amp;quality=70&amp;strip=all\" data-large-file=\"https:\/\/www.infomoney.com.br\/wp-content\/uploads\/2023\/01\/ENQ20230108029.jpg?fit=1280%2C854&amp;quality=70&amp;strip=all\" title=\"\"><\/p>\n<p>A CPMI do 8 de Janeiro retoma os trabalhos, ap\u00f3s recesso, na ter\u00e7a-feira (1\u00ba), com reuni\u00e3o marcada para as 9h. Na pauta, o depoimento de Saulo Moura da Cunha, ex-diretor-adjunto da Ag\u00eancia Brasileira de Intelig\u00eancia (Abin). Cunha ocupava o cargo de diretor da ag\u00eancia no dia 8 de janeiro, quando ocorreu a depreda\u00e7\u00e3o de pr\u00e9dios p\u00fablicos na Pra\u00e7a dos Tr\u00eas Poderes. Ele deixou o cargo no in\u00edcio de mar\u00e7o.<\/p>\n<p>Foram apresentados cinco requerimentos para a convoca\u00e7\u00e3o de Saulo da Cunha. Um deles \u00e9 o do senador Izalci Lucas (PSDB-DF). Conforme o requerimento (REQ 944\/2023), o depoimento de Cunha \u00e9 importante, pois a Abin \u201cproduziu diversos alertas sobre riscos de um ataque a pr\u00e9dios p\u00fablicos de Bras\u00edlia, inclusive na v\u00e9spera das invas\u00f5es e depreda\u00e7\u00e3o de patrim\u00f4nio p\u00fablico no domingo\u201d.<\/p>\n<p>O deputado Nikolas Ferreira (PL-MG), autor de outro dos requerimentos (REQ 974\/2023), argumenta que a presen\u00e7a de Cunha na CPMI colabora com a \u201ctranspar\u00eancia nas apura\u00e7\u00f5es\u201d. Os deputados Delegado Ramagem (PL-RJ) e Pr. Marco Feliciano (PL-SP), al\u00e9m do senador Magno Malta (PL-ES), s\u00e3o os autores dos outros requerimentos.<\/p>\n<p>Composta por 16 senadores e 16 deputados, a CPMI foi criada para investigar os atos de a\u00e7\u00e3o e omiss\u00e3o ocorridos em 8 de janeiro de 2023, nas sedes dos Tr\u00eas Poderes da Rep\u00fablica, em Bras\u00edlia. A senadora Eliziane Gama (PSD-MA) \u00e9 a relatora da comiss\u00e3o, que tem o deputado Arthur Maia (Uni\u00e3o-BA) como presidente.<\/p>\n<p>The post <a rel=\"nofollow noopener\" href=\"https:\/\/www.infomoney.com.br\/politica\/cpmi-do-8-de-janeiro-retoma-os-trabalhos-com-depoimento-de-ex-diretor-da-abin\/\" target=\"_blank\">CPMI do 8 de Janeiro retoma os trabalhos com depoimento de ex-diretor da Abin<\/a> appeared first on <a rel=\"nofollow noopener\" href=\"https:\/\/www.infomoney.com.br\/\" target=\"_blank\">InfoMoney<\/a>.<\/p>\n","protected":false},"excerpt":{"rendered":"<p><img loading=\"lazy\" decoding=\"async\" width=\"300\" height=\"200\" src=\"https:\/\/www.infomoney.com.br\/wp-content\/uploads\/2023\/01\/ENQ20230108029.jpg?fit=300%2C200&amp;quality=70&amp;strip=all\" class=\"attachment-medium size-medium wp-post-image\" alt=\"Apoiadores do ex-presidente Jair Bolsonaro durante a invas\u00e3o ao Pal\u00e1cio do Planalto (Foto: LUCAS NEVES\/ENQUADRAR\/ESTAD\u00c3O CONTE\u00daDO)\" data-attachment-id=\"2025189\" data-permalink=\"https:\/\/www.infomoney.com.br\/bolsonaristas-invadem-o-congresso-nacional\/\" data-orig-file=\"https:\/\/www.infomoney.com.br\/wp-content\/uploads\/2023\/01\/ENQ20230108029.jpg?fit=2048%2C1366&amp;quality=70&amp;strip=all\" data-orig-size=\"2048,1366\" data-comments-opened=\"0\" data-image-meta='{\"aperture\":\"0\",\"credit\":\"ESTAD\\u00c3O CONTE\\u00daDO\",\"camera\":\"\",\"caption\":\"DF - LULA\\\/VIT\\u00d3RIA\\\/ATOS ANTIDEMOCR\\u00c1TICOS\\\/CONGRESSO\\\/INVAS\\u00c3O - GERAL - Apoiadores do ex-presidente Jair Bolsonaro durante a invas\\u00e3o ao Pal\\u00e1cio do Planalto, na Esplanada dos     Minist\\u00e9rios, em Bras\\u00edlia, neste domingo (8). Os participantes de atos antidemocr\\u00e1ticos que invadiram na tarde deste     domingo as sedes dos Tr\\u00eas Poderes em Bras\\u00edlia promoveram quebradeira no Pal\\u00e1cio do Planalto, no Congresso Nacional,     e no Plen\\u00e1rio do Supremo Tribunal Federal (STF).      08\\\/01\\\/2023 - Foto: LUCAS NEVES\\\/ENQUADRAR\\\/ESTAD\\u00c3O CONTE\\u00daDO\",\"created_timestamp\":\"0\",\"copyright\":\"Copyright \\u00a9 Ag\\u00eancia Estado. Todos os direitos reservados\",\"focal_length\":\"0\",\"iso\":\"0\",\"shutter_speed\":\"0\",\"title\":\"Bolsonaristas invadem o Congresso Nacional\",\"orientation\":\"0\"}' data-image-title=\"Bolsonaristas invadem o Congresso Nacional\" data-image-description=\"&lt;p&gt;Apoiadores do ex-presidente Jair Bolsonaro durante a invas\u00e3o ao Pal\u00e1cio do Planalto (Foto: LUCAS NEVES\/ENQUADRAR\/ESTAD\u00c3O CONTE\u00daDO)&lt;\/p&gt;\n\" data-image-caption=\"&lt;p&gt;Apoiadores do ex-presidente Jair Bolsonaro durante a invas\u00e3o ao Pal\u00e1cio do Planalto (Foto: LUCAS NEVES\/ENQUADRAR\/ESTAD\u00c3O CONTE\u00daDO)&lt;\/p&gt;\n\" data-medium-file=\"https:\/\/www.infomoney.com.br\/wp-content\/uploads\/2023\/01\/ENQ20230108029.jpg?fit=300%2C200&amp;quality=70&amp;strip=all\" data-large-file=\"https:\/\/www.infomoney.com.br\/wp-content\/uploads\/2023\/01\/ENQ20230108029.jpg?fit=1280%2C854&amp;quality=70&amp;strip=all\">Oposi\u00e7\u00e3o diz que presen\u00e7a de Saulo da Cunha colabora com &#8220;transpar\u00eancia nas apura\u00e7\u00f5es&#8221;; cinco requerimentos foram apresentados<\/p>\n<p>The post <a rel=\"nofollow\" href=\"https:\/\/www.infomoney.com.br\/politica\/cpmi-do-8-de-janeiro-retoma-os-trabalhos-com-depoimento-de-ex-diretor-da-abin\/\">CPMI do 8 de Janeiro retoma os trabalhos com depoimento de ex-diretor da Abin<\/a> appeared first on <a rel=\"nofollow\" href=\"https:\/\/www.infomoney.com.br\/\">InfoMoney<\/a>.<\/p>\n","protected":false},"author":47,"featured_media":0,"comment_status":"closed","ping_status":"closed","sticky":false,"template":"","format":"standard","meta":{"advgb_blocks_editor_width":"","advgb_blocks_columns_visual_guide":"","footnotes":""},"categories":[358,359,1306,34,513,47],"tags":[35],"class_list":["post-27681","post","type-post","status-publish","format-standard","hentry","category-ataque-em-brasilia","category-congresso-nacional","category-cpmi","category-g1","category-poder-legislativo","category-politica","tag-g1"],"author_meta":{"display_name":"luispereira","author_link":"https:\/\/sindaopcpb.org.br\/author\/luispereira\/"},"featured_img":null,"coauthors":[],"tax_additional":{"categories":{"linked":["<a href=\"https:\/\/sindaopcpb.org.br\/ataque-em-brasilia\/\" class=\"advgb-post-tax-term\">Ataque em Bras\u00edlia<\/a>","<a href=\"https:\/\/sindaopcpb.org.br\/congresso-nacional\/\" class=\"advgb-post-tax-term\">Congresso Nacional<\/a>","<a href=\"https:\/\/sindaopcpb.org.br\/cpmi\/\" class=\"advgb-post-tax-term\">CPMI<\/a>","<a href=\"https:\/\/sindaopcpb.org.br\/g1\/\" class=\"advgb-post-tax-term\">G1<\/a>","<a href=\"https:\/\/sindaopcpb.org.br\/poder-legislativo\/\" class=\"advgb-post-tax-term\">Poder Legislativo<\/a>","<a href=\"https:\/\/sindaopcpb.org.br\/politica\/\" class=\"advgb-post-tax-term\">POLITICA<\/a>"],"unlinked":["<span class=\"advgb-post-tax-term\">Ataque em Bras\u00edlia<\/span>","<span class=\"advgb-post-tax-term\">Congresso Nacional<\/span>","<span class=\"advgb-post-tax-term\">CPMI<\/span>","<span class=\"advgb-post-tax-term\">G1<\/span>","<span class=\"advgb-post-tax-term\">Poder Legislativo<\/span>","<span class=\"advgb-post-tax-term\">POLITICA<\/span>"]},"tags":{"linked":["<a href=\"https:\/\/sindaopcpb.org.br\/politica\/\" class=\"advgb-post-tax-term\">g1<\/a>"],"unlinked":["<span class=\"advgb-post-tax-term\">g1<\/span>"]}},"comment_count":"0","relative_dates":{"created":"Publicado 3 anos atr\u00e1s","modified":"Atualizado 3 anos atr\u00e1s"},"absolute_dates":{"created":"Publicado em 31 de julho de 2023","modified":"Atualizado em 31 de julho de 2023"},"absolute_dates_time":{"created":"Publicado em 31 de julho de 2023 12:30","modified":"Atualizado em 31 de julho de 2023 12:30"},"featured_img_caption":"","series_order":"","_links":{"self":[{"href":"https:\/\/sindaopcpb.org.br\/index.php\/wp-json\/wp\/v2\/posts\/27681","targetHints":{"allow":["GET"]}}],"collection":[{"href":"https:\/\/sindaopcpb.org.br\/index.php\/wp-json\/wp\/v2\/posts"}],"about":[{"href":"https:\/\/sindaopcpb.org.br\/index.php\/wp-json\/wp\/v2\/types\/post"}],"author":[{"embeddable":true,"href":"https:\/\/sindaopcpb.org.br\/index.php\/wp-json\/wp\/v2\/users\/47"}],"replies":[{"embeddable":true,"href":"https:\/\/sindaopcpb.org.br\/index.php\/wp-json\/wp\/v2\/comments?post=27681"}],"version-history":[{"count":1,"href":"https:\/\/sindaopcpb.org.br\/index.php\/wp-json\/wp\/v2\/posts\/27681\/revisions"}],"predecessor-version":[{"id":27682,"href":"https:\/\/sindaopcpb.org.br\/index.php\/wp-json\/wp\/v2\/posts\/27681\/revisions\/27682"}],"wp:attachment":[{"href":"https:\/\/sindaopcpb.org.br\/index.php\/wp-json\/wp\/v2\/media?parent=27681"}],"wp:term":[{"taxonomy":"category","embeddable":true,"href":"https:\/\/sindaopcpb.org.br\/index.php\/wp-json\/wp\/v2\/categories?post=27681"},{"taxonomy":"post_tag","embeddable":true,"href":"https:\/\/sindaopcpb.org.br\/index.php\/wp-json\/wp\/v2\/tags?post=27681"}],"curies":[{"name":"wp","href":"https:\/\/api.w.org\/{rel}","templated":true}]}}