{"id":27656,"date":"2023-07-31T08:26:01","date_gmt":"2023-07-31T11:26:01","guid":{"rendered":"https:\/\/wpa.wscom.com.br\/?p=914935"},"modified":"2023-07-31T08:26:01","modified_gmt":"2023-07-31T11:26:01","slug":"agressao-no-flamengo-clube-vai-punir-pedro-por-ato-de-indisciplina-contra-o-atletico-mg","status":"publish","type":"post","link":"https:\/\/sindaopcpb.org.br\/index.php\/2023\/07\/31\/agressao-no-flamengo-clube-vai-punir-pedro-por-ato-de-indisciplina-contra-o-atletico-mg\/","title":{"rendered":"Agress\u00e3o no Flamengo: clube vai punir Pedro por ato de indisciplina contra o Atl\u00e9tico-MG"},"content":{"rendered":"<p>&nbsp;<\/p>\n<p>&nbsp;<\/p>\n<p>Ap\u00f3s optar por dispensar o preparador f\u00edsico Pablo Fern\u00e1ndez e manter Jorge Sampaoli como t\u00e9cnico da equipe, o Flamengo aplicou uma san\u00e7\u00e3o a Pedro devido a um ato de indisciplina. Durante a vit\u00f3ria sobre o Atl\u00e9tico-MG no \u00faltimo s\u00e1bado, Pedro se recusou a fazer o aquecimento antes de entrar em campo. No entanto, Pedro alega que o tratamento que recebeu n\u00e3o foi justo e que tem sido alvo de cr\u00edticas desde o in\u00edcio do trabalho. Infelizmente, Fern\u00e1ndez reagiu de forma agressiva, atingindo o jogador com um soco na boca.<\/p>\n<p>De acordo com o\u00a0Globo Esporte, a diretoria considera que a atitude de recusar-se a se aquecer equivale a negar-se a entrar em campo. O vice-presidente de futebol, Marcos Braz, conduzir\u00e1 uma conversa pessoal com Pedro para abordar o ocorrido.<\/p>\n<p>Embora ainda n\u00e3o tenha sido determinada a puni\u00e7\u00e3o, h\u00e1 uma inclina\u00e7\u00e3o para que seja aplicada uma multa, seguindo o padr\u00e3o adotado recentemente em casos de indisciplina envolvendo outros atletas. Devido a quest\u00f5es legais, o Flamengo mant\u00e9m em sigilo qual ser\u00e1 exatamente a puni\u00e7\u00e3o adotada.<\/p>\n<p>O post <a rel=\"nofollow noopener\" href=\"https:\/\/wscom.com.br\/agressao-no-flamengo-clube-vai-punir-pedro-por-ato-de-indisciplina-contra-o-atletico-mg\/\" target=\"_blank\">Agress\u00e3o no Flamengo: clube vai punir Pedro por ato de indisciplina contra o Atl\u00e9tico-MG<\/a> apareceu primeiro em <a rel=\"nofollow noopener\" href=\"https:\/\/wscom.com.br\/\" target=\"_blank\">WSCOM<\/a>.<\/p>\n","protected":false},"excerpt":{"rendered":"<p>\u00a0 \u00a0 Ap\u00f3s optar por dispensar o preparador f\u00edsico Pablo Fern\u00e1ndez e manter Jorge Sampaoli como t\u00e9cnico da equipe, o Flamengo aplicou uma san\u00e7\u00e3o a Pedro devido a um ato de indisciplina. Durante a vit\u00f3ria sobre o Atl\u00e9tico-MG no \u00faltimo s\u00e1bado, Pedro se recusou a fazer o aquecimento antes de entrar em campo. No entanto, [\u2026]<\/p>\n<p>O post <a rel=\"nofollow\" href=\"https:\/\/wscom.com.br\/agressao-no-flamengo-clube-vai-punir-pedro-por-ato-de-indisciplina-contra-o-atletico-mg\/\">Agress\u00e3o no Flamengo: clube vai punir Pedro por ato de indisciplina contra o Atl\u00e9tico-MG<\/a> apareceu primeiro em <a rel=\"nofollow\" href=\"https:\/\/wscom.com.br\/\">WSCOM<\/a>.<\/p>\n","protected":false},"author":42,"featured_media":0,"comment_status":"closed","ping_status":"closed","sticky":false,"template":"","format":"standard","meta":{"advgb_blocks_editor_width":"","advgb_blocks_columns_visual_guide":"","footnotes":""},"categories":[7104,293,79,34,7105,1615,7106],"tags":[35],"class_list":["post-27656","post","type-post","status-publish","format-standard","hentry","category-aquecimento","category-flamengo","category-futebol","category-g1","category-indisciplina","category-pedro","category-punicao","tag-g1"],"author_meta":{"display_name":"Rafael Andrade","author_link":"https:\/\/sindaopcpb.org.br\/author\/rafael-andrade\/"},"featured_img":null,"coauthors":[],"tax_additional":{"categories":{"linked":["<a href=\"https:\/\/sindaopcpb.org.br\/aquecimento\/\" class=\"advgb-post-tax-term\">aquecimento<\/a>","<a href=\"https:\/\/sindaopcpb.org.br\/flamengo\/\" class=\"advgb-post-tax-term\">flamengo<\/a>","<a href=\"https:\/\/sindaopcpb.org.br\/futebol\/\" class=\"advgb-post-tax-term\">Futebol<\/a>","<a href=\"https:\/\/sindaopcpb.org.br\/g1\/\" class=\"advgb-post-tax-term\">G1<\/a>","<a href=\"https:\/\/sindaopcpb.org.br\/indisciplina\/\" class=\"advgb-post-tax-term\">indisciplina<\/a>","<a href=\"https:\/\/sindaopcpb.org.br\/pedro\/\" class=\"advgb-post-tax-term\">PEdro<\/a>","<a href=\"https:\/\/sindaopcpb.org.br\/punicao\/\" class=\"advgb-post-tax-term\">puni\u00e7\u00e3o<\/a>"],"unlinked":["<span class=\"advgb-post-tax-term\">aquecimento<\/span>","<span class=\"advgb-post-tax-term\">flamengo<\/span>","<span class=\"advgb-post-tax-term\">Futebol<\/span>","<span class=\"advgb-post-tax-term\">G1<\/span>","<span class=\"advgb-post-tax-term\">indisciplina<\/span>","<span class=\"advgb-post-tax-term\">PEdro<\/span>","<span class=\"advgb-post-tax-term\">puni\u00e7\u00e3o<\/span>"]},"tags":{"linked":["<a href=\"https:\/\/sindaopcpb.org.br\/punicao\/\" class=\"advgb-post-tax-term\">g1<\/a>"],"unlinked":["<span class=\"advgb-post-tax-term\">g1<\/span>"]}},"comment_count":"0","relative_dates":{"created":"Publicado 3 anos atr\u00e1s","modified":"Atualizado 3 anos atr\u00e1s"},"absolute_dates":{"created":"Publicado em 31 de julho de 2023","modified":"Atualizado em 31 de julho de 2023"},"absolute_dates_time":{"created":"Publicado em 31 de julho de 2023 08:26","modified":"Atualizado em 31 de julho de 2023 08:26"},"featured_img_caption":"","series_order":"","_links":{"self":[{"href":"https:\/\/sindaopcpb.org.br\/index.php\/wp-json\/wp\/v2\/posts\/27656","targetHints":{"allow":["GET"]}}],"collection":[{"href":"https:\/\/sindaopcpb.org.br\/index.php\/wp-json\/wp\/v2\/posts"}],"about":[{"href":"https:\/\/sindaopcpb.org.br\/index.php\/wp-json\/wp\/v2\/types\/post"}],"author":[{"embeddable":true,"href":"https:\/\/sindaopcpb.org.br\/index.php\/wp-json\/wp\/v2\/users\/42"}],"replies":[{"embeddable":true,"href":"https:\/\/sindaopcpb.org.br\/index.php\/wp-json\/wp\/v2\/comments?post=27656"}],"version-history":[{"count":1,"href":"https:\/\/sindaopcpb.org.br\/index.php\/wp-json\/wp\/v2\/posts\/27656\/revisions"}],"predecessor-version":[{"id":27657,"href":"https:\/\/sindaopcpb.org.br\/index.php\/wp-json\/wp\/v2\/posts\/27656\/revisions\/27657"}],"wp:attachment":[{"href":"https:\/\/sindaopcpb.org.br\/index.php\/wp-json\/wp\/v2\/media?parent=27656"}],"wp:term":[{"taxonomy":"category","embeddable":true,"href":"https:\/\/sindaopcpb.org.br\/index.php\/wp-json\/wp\/v2\/categories?post=27656"},{"taxonomy":"post_tag","embeddable":true,"href":"https:\/\/sindaopcpb.org.br\/index.php\/wp-json\/wp\/v2\/tags?post=27656"}],"curies":[{"name":"wp","href":"https:\/\/api.w.org\/{rel}","templated":true}]}}