{"id":27652,"date":"2023-07-31T08:41:47","date_gmt":"2023-07-31T11:41:47","guid":{"rendered":"https:\/\/wpa.wscom.com.br\/?p=914943"},"modified":"2023-07-31T08:41:47","modified_gmt":"2023-07-31T11:41:47","slug":"chilique-de-pique-apos-publico-gritar-shakira-viraliza-nas-redes-e-rende-piadas","status":"publish","type":"post","link":"https:\/\/sindaopcpb.org.br\/index.php\/2023\/07\/31\/chilique-de-pique-apos-publico-gritar-shakira-viraliza-nas-redes-e-rende-piadas\/","title":{"rendered":"\u201cChilique\u201d de Piqu\u00e9 ap\u00f3s p\u00fablico gritar \u201cShakira\u201d viraliza nas redes e rende piadas"},"content":{"rendered":"<p>&nbsp;<\/p>\n<p>&nbsp;<\/p>\n<p>Piqu\u00e9 estava no palco de um clube noturno em Madri, na Espanha, para dizer algumas palavras quando deu um \u201cchilique\u201d ao ouvir a plateia gritar o nome de Shakira.<\/p>\n<p>Em v\u00eddeos publicados por pessoas que estavam no local e que viralizaram nas redes sociais, \u00e9 poss\u00edvel ver o p\u00fablico gritando &#8220;Shakira! Shakira!, \u00a0demonstrando apoio \u00e0 ex-mulher dele, que terminou o casamento ap\u00f3s ser tra\u00edda pelo atleta com Clara Chia, \u00a0de 24 anos, de acordo com a m\u00eddia do pa\u00eds.<\/p>\n<p>Visivelmente incomodado, Piqu\u00e9 tentou minimizar. &#8220;O que que tem?&#8221;, perguntou v\u00e1rias vezes. Segundo o jornal espanhol La Vanguardia, ele ainda completou dizendo: &#8220;Tanto faz, eu sou campe\u00e3o mundial, e voc\u00eas n\u00e3o s\u00e3o ningu\u00e9m&#8221;.<\/p>\n<p>Veja:<\/p>\n<blockquote class=\"twitter-tweet\" data-width=\"550\" data-dnt=\"true\">\n<p lang=\"pt\" dir=\"ltr\"><img decoding=\"async\" src=\"https:\/\/s.w.org\/images\/core\/emoji\/13.0.1\/72x72\/1f6a8.png\" alt=\"\ud83d\udea8\" class=\"wp-smiley\" style=\"height: 1em; max-height: 1em;\" title=\"\">FAMOSOS: P\u00fablico da Kings League come\u00e7a a gritar o nome de Shakira para Piqu\u00e9, que estava no palco, e o jogador responde: \u201cTanto faz, eu sou campe\u00e3o mundial e voc\u00eas n\u00e3o s\u00e3o ningu\u00e9m\u201d.<\/p>\n<p> <a href=\"https:\/\/t.co\/cP2GiZqrL7\" rel=\"nofollow\">pic.twitter.com\/cP2GiZqrL7<\/a><\/p>\n<p>&mdash; CHOQUEI (@choquei) <a href=\"https:\/\/twitter.com\/choquei\/status\/1685758548687433728?ref_src=twsrc%5Etfw\" rel=\"nofollow noopener\" target=\"_blank\">July 30, 2023<\/a><\/p>\n<\/blockquote>\n<p><script async src=\"https:\/\/platform.twitter.com\/widgets.js\" charset=\"utf-8\"><\/script><\/p>\n<p>O post <a rel=\"nofollow noopener\" href=\"https:\/\/wscom.com.br\/chilique-de-pique-apos-publico-gritar-shakira-viraliza-nas-redes-e-rende-piadas\/\" target=\"_blank\">&#8220;Chilique&#8221; de Piqu\u00e9 ap\u00f3s p\u00fablico gritar &#8220;Shakira&#8221; viraliza nas redes e rende piadas<\/a> apareceu primeiro em <a rel=\"nofollow noopener\" href=\"https:\/\/wscom.com.br\/\" target=\"_blank\">WSCOM<\/a>.<\/p>\n","protected":false},"excerpt":{"rendered":"<p>\u00a0 \u00a0 Piqu\u00e9 estava no palco de um clube noturno em Madri, na Espanha, para dizer algumas palavras quando deu um \u201cchilique\u201d ao ouvir a plateia gritar o nome de Shakira. Em v\u00eddeos publicados por pessoas que estavam no local e que viralizaram nas redes sociais, \u00e9 poss\u00edvel ver o p\u00fablico gritando \u201cShakira! Shakira!, \u00a0demonstrando [\u2026]<\/p>\n<p>O post <a rel=\"nofollow\" href=\"https:\/\/wscom.com.br\/chilique-de-pique-apos-publico-gritar-shakira-viraliza-nas-redes-e-rende-piadas\/\">\u201cChilique\u201d de Piqu\u00e9 ap\u00f3s p\u00fablico gritar \u201cShakira\u201d viraliza nas redes e rende piadas<\/a> apareceu primeiro em <a rel=\"nofollow\" href=\"https:\/\/wscom.com.br\/\">WSCOM<\/a>.<\/p>\n","protected":false},"author":42,"featured_media":0,"comment_status":"closed","ping_status":"closed","sticky":false,"template":"","format":"standard","meta":{"advgb_blocks_editor_width":"","advgb_blocks_columns_visual_guide":"","footnotes":""},"categories":[7101,436,7102,1640,34,7103,2072],"tags":[35],"class_list":["post-27652","post","type-post","status-publish","format-standard","hentry","category-boate","category-celebridades","category-clube-noturno","category-espanha","category-g1","category-pique","category-shakira","tag-g1"],"author_meta":{"display_name":"Rafael Andrade","author_link":"https:\/\/sindaopcpb.org.br\/author\/rafael-andrade\/"},"featured_img":null,"coauthors":[],"tax_additional":{"categories":{"linked":["<a href=\"https:\/\/sindaopcpb.org.br\/boate\/\" class=\"advgb-post-tax-term\">Boate<\/a>","<a href=\"https:\/\/sindaopcpb.org.br\/celebridades\/\" class=\"advgb-post-tax-term\">Celebridades<\/a>","<a href=\"https:\/\/sindaopcpb.org.br\/clube-noturno\/\" class=\"advgb-post-tax-term\">Clube noturno<\/a>","<a href=\"https:\/\/sindaopcpb.org.br\/espanha\/\" class=\"advgb-post-tax-term\">Espanha<\/a>","<a href=\"https:\/\/sindaopcpb.org.br\/g1\/\" class=\"advgb-post-tax-term\">G1<\/a>","<a href=\"https:\/\/sindaopcpb.org.br\/pique\/\" class=\"advgb-post-tax-term\">pique<\/a>","<a href=\"https:\/\/sindaopcpb.org.br\/shakira\/\" class=\"advgb-post-tax-term\">Shakira<\/a>"],"unlinked":["<span class=\"advgb-post-tax-term\">Boate<\/span>","<span class=\"advgb-post-tax-term\">Celebridades<\/span>","<span class=\"advgb-post-tax-term\">Clube noturno<\/span>","<span class=\"advgb-post-tax-term\">Espanha<\/span>","<span class=\"advgb-post-tax-term\">G1<\/span>","<span class=\"advgb-post-tax-term\">pique<\/span>","<span class=\"advgb-post-tax-term\">Shakira<\/span>"]},"tags":{"linked":["<a href=\"https:\/\/sindaopcpb.org.br\/shakira\/\" class=\"advgb-post-tax-term\">g1<\/a>"],"unlinked":["<span class=\"advgb-post-tax-term\">g1<\/span>"]}},"comment_count":"0","relative_dates":{"created":"Publicado 3 anos atr\u00e1s","modified":"Atualizado 3 anos atr\u00e1s"},"absolute_dates":{"created":"Publicado em 31 de julho de 2023","modified":"Atualizado em 31 de julho de 2023"},"absolute_dates_time":{"created":"Publicado em 31 de julho de 2023 08:41","modified":"Atualizado em 31 de julho de 2023 08:41"},"featured_img_caption":"","series_order":"","_links":{"self":[{"href":"https:\/\/sindaopcpb.org.br\/index.php\/wp-json\/wp\/v2\/posts\/27652","targetHints":{"allow":["GET"]}}],"collection":[{"href":"https:\/\/sindaopcpb.org.br\/index.php\/wp-json\/wp\/v2\/posts"}],"about":[{"href":"https:\/\/sindaopcpb.org.br\/index.php\/wp-json\/wp\/v2\/types\/post"}],"author":[{"embeddable":true,"href":"https:\/\/sindaopcpb.org.br\/index.php\/wp-json\/wp\/v2\/users\/42"}],"replies":[{"embeddable":true,"href":"https:\/\/sindaopcpb.org.br\/index.php\/wp-json\/wp\/v2\/comments?post=27652"}],"version-history":[{"count":1,"href":"https:\/\/sindaopcpb.org.br\/index.php\/wp-json\/wp\/v2\/posts\/27652\/revisions"}],"predecessor-version":[{"id":27653,"href":"https:\/\/sindaopcpb.org.br\/index.php\/wp-json\/wp\/v2\/posts\/27652\/revisions\/27653"}],"wp:attachment":[{"href":"https:\/\/sindaopcpb.org.br\/index.php\/wp-json\/wp\/v2\/media?parent=27652"}],"wp:term":[{"taxonomy":"category","embeddable":true,"href":"https:\/\/sindaopcpb.org.br\/index.php\/wp-json\/wp\/v2\/categories?post=27652"},{"taxonomy":"post_tag","embeddable":true,"href":"https:\/\/sindaopcpb.org.br\/index.php\/wp-json\/wp\/v2\/tags?post=27652"}],"curies":[{"name":"wp","href":"https:\/\/api.w.org\/{rel}","templated":true}]}}