{"id":27593,"date":"2023-07-30T16:33:20","date_gmt":"2023-07-30T19:33:20","guid":{"rendered":"https:\/\/wpa.wscom.com.br\/?p=914757"},"modified":"2023-07-30T16:33:20","modified_gmt":"2023-07-30T19:33:20","slug":"sindicato-dos-motoristas-de-transporte-publico-de-jp-anuncia-protesto-apos-morte-de-trabalhador-em-atentado","status":"publish","type":"post","link":"https:\/\/sindaopcpb.org.br\/index.php\/2023\/07\/30\/sindicato-dos-motoristas-de-transporte-publico-de-jp-anuncia-protesto-apos-morte-de-trabalhador-em-atentado\/","title":{"rendered":"Sindicato dos motoristas de transporte p\u00fablico de JP anuncia\u00a0protesto ap\u00f3s morte de trabalhador em atentado"},"content":{"rendered":"<div class=\"elementor-element elementor-element-2df8ee9 elementor-widget elementor-widget-theme-post-title elementor-page-title elementor-widget-heading\" data-id=\"2df8ee9\" data-element_type=\"widget\" data-widget_type=\"theme-post-title.default\">\n<div class=\"elementor-widget-container\">\n<p>Ap\u00f3s o atentado do ultimo dia 18 a um \u00f4nibus da capital paraibana, que foi incendiado com coquet\u00e9is molotov, e culminou em tr\u00eas passageiros feridos e levou a morte o motorista do ve\u00edculo, Silvano da Silva, de 48 anos, motoristas do transporte p\u00fablico de Jo\u00e3o Pessoa est\u00e3o organizando um protesto em busca de melhores condi\u00e7\u00f5es de trabalho e mais seguran\u00e7a.<\/p>\n<p>De acordo com Ricardo Pereira, diretor do sindicato, uma reuni\u00e3o foi convocada e est\u00e1 prevista para acontecer no final da tarde\/inicio da noite deste domingo (30) para que a entidade possa discutir e deliberar sobre as a\u00e7\u00f5es de protesto a serem tomadas. Ainda segundo Ricardo o objetivo \u00e9 \u00a0reivindicar pol\u00edticas de seguran\u00e7a com foco nos transportes p\u00fablicos coletivos para coibir que mais a\u00e7\u00f5es tr\u00e1gicas aconte\u00e7am, garantindo assim a seguran\u00e7a dos motoristas e passageiros, al\u00e9m da prote\u00e7\u00e3o dos ve\u00edculos de transporte p\u00fablico.<\/p>\n<p>O sindicato enviou \u00e0 imprensa paraibana uma nota, onde deixa explicito tamb\u00e9m que a inten\u00e7\u00e3o n\u00e3o \u00e9 prejudicar a popula\u00e7\u00e3o, mas que \u00e9 necess\u00e1rio haver press\u00e3o para garantir que a viol\u00eancia que a categoria est\u00e1 sofrendo n\u00e3o se prolongue.<\/p>\n<p><strong>Confira na \u00edntegra a nota:<br \/>\n<\/strong><\/p>\n<p><em>&#8220;O SINDICATO vai reunir\u00a0 nossa diretoria hoje para que possamos deliberar as a\u00e7\u00f5es de protestos e reivindicar pol\u00edticas de seguran\u00e7a voltada aos transportes coletivos.<\/em><\/p>\n<p><em>A popula\u00e7\u00e3o n\u00e3o pode ser prejudicada, mas a categoria est\u00e1 sendo prejudicada e hoje somos menos um trabalhador que perdeu sua vida por conta da viol\u00eancia.<br \/>\nRepito, a popula\u00e7\u00e3o n\u00e3o pode ser prejudicada mas poderemos ter interrup\u00e7\u00f5es instant\u00e2neas no curso das viagens para chamar aten\u00e7\u00e3o das autoridades!<\/em><\/p>\n<p><em>Final da tarde de hoje teremos uma reuni\u00e3o e tudo isso ser\u00e1 decidido.<\/em><\/p>\n<p><em>Perdemos um amigo <img decoding=\"async\" src=\"https:\/\/s.w.org\/images\/core\/emoji\/13.0.1\/72x72\/1f3f4.png\" alt=\"\ud83c\udff4\" class=\"wp-smiley\" style=\"height: 1em; max-height: 1em;\" title=\"\">&#8221;<\/em><\/p>\n<p>&nbsp;<\/p>\n<\/div>\n<\/div>\n<p class=\"bodytext\">\n<p>O post <a rel=\"nofollow noopener\" href=\"https:\/\/wscom.com.br\/sindicato-dos-motoristas-de-transporte-publico-de-jp-anuncia-protesto-apos-morte-de-trabalhador-em-atentado\/\" target=\"_blank\">Sindicato dos motoristas de transporte p\u00fablico de JP anuncia\u00a0protesto ap\u00f3s morte de trabalhador em atentado<\/a> apareceu primeiro em <a rel=\"nofollow noopener\" href=\"https:\/\/wscom.com.br\/\" target=\"_blank\">WSCOM<\/a>.<\/p>\n","protected":false},"excerpt":{"rendered":"<p>Ap\u00f3s o atentado do ultimo dia 18 a um \u00f4nibus da capital paraibana, que foi incendiado com coquet\u00e9is molotov, e culminou em tr\u00eas passageiros feridos e levou a morte o motorista do ve\u00edculo, Silvano da Silva, de 48 anos, motoristas do transporte p\u00fablico de Jo\u00e3o Pessoa est\u00e3o organizando um protesto em busca de melhores condi\u00e7\u00f5es [\u2026]<\/p>\n<p>O post <a rel=\"nofollow\" href=\"https:\/\/wscom.com.br\/sindicato-dos-motoristas-de-transporte-publico-de-jp-anuncia-protesto-apos-morte-de-trabalhador-em-atentado\/\">Sindicato dos motoristas de transporte p\u00fablico de JP anuncia\u00a0protesto ap\u00f3s morte de trabalhador em atentado<\/a> apareceu primeiro em <a rel=\"nofollow\" href=\"https:\/\/wscom.com.br\/\">WSCOM<\/a>.<\/p>\n","protected":false},"author":58,"featured_media":0,"comment_status":"closed","ping_status":"closed","sticky":false,"template":"","format":"standard","meta":{"advgb_blocks_editor_width":"","advgb_blocks_columns_visual_guide":"","footnotes":""},"categories":[148,34,71,418,175,2494],"tags":[35],"class_list":["post-27593","post","type-post","status-publish","format-standard","hentry","category-atentado","category-g1","category-joao-pessoa","category-noticias","category-onibus","category-protesto","tag-g1"],"author_meta":{"display_name":"Juliana Terra","author_link":"https:\/\/sindaopcpb.org.br\/author\/juliana-terra\/"},"featured_img":null,"coauthors":[],"tax_additional":{"categories":{"linked":["<a href=\"https:\/\/sindaopcpb.org.br\/atentado\/\" class=\"advgb-post-tax-term\">atentado<\/a>","<a href=\"https:\/\/sindaopcpb.org.br\/g1\/\" class=\"advgb-post-tax-term\">G1<\/a>","<a href=\"https:\/\/sindaopcpb.org.br\/joao-pessoa\/\" class=\"advgb-post-tax-term\">Jo\u00e3o Pessoa<\/a>","<a href=\"https:\/\/sindaopcpb.org.br\/noticias\/\" class=\"advgb-post-tax-term\">Not\u00edcias<\/a>","<a href=\"https:\/\/sindaopcpb.org.br\/onibus\/\" class=\"advgb-post-tax-term\">\u00d4nibus<\/a>","<a href=\"https:\/\/sindaopcpb.org.br\/protesto\/\" class=\"advgb-post-tax-term\">Protesto<\/a>"],"unlinked":["<span class=\"advgb-post-tax-term\">atentado<\/span>","<span class=\"advgb-post-tax-term\">G1<\/span>","<span class=\"advgb-post-tax-term\">Jo\u00e3o Pessoa<\/span>","<span class=\"advgb-post-tax-term\">Not\u00edcias<\/span>","<span class=\"advgb-post-tax-term\">\u00d4nibus<\/span>","<span class=\"advgb-post-tax-term\">Protesto<\/span>"]},"tags":{"linked":["<a href=\"https:\/\/sindaopcpb.org.br\/protesto\/\" class=\"advgb-post-tax-term\">g1<\/a>"],"unlinked":["<span class=\"advgb-post-tax-term\">g1<\/span>"]}},"comment_count":"0","relative_dates":{"created":"Publicado 3 anos atr\u00e1s","modified":"Atualizado 3 anos atr\u00e1s"},"absolute_dates":{"created":"Publicado em 30 de julho de 2023","modified":"Atualizado em 30 de julho de 2023"},"absolute_dates_time":{"created":"Publicado em 30 de julho de 2023 16:33","modified":"Atualizado em 30 de julho de 2023 16:33"},"featured_img_caption":"","series_order":"","_links":{"self":[{"href":"https:\/\/sindaopcpb.org.br\/index.php\/wp-json\/wp\/v2\/posts\/27593","targetHints":{"allow":["GET"]}}],"collection":[{"href":"https:\/\/sindaopcpb.org.br\/index.php\/wp-json\/wp\/v2\/posts"}],"about":[{"href":"https:\/\/sindaopcpb.org.br\/index.php\/wp-json\/wp\/v2\/types\/post"}],"author":[{"embeddable":true,"href":"https:\/\/sindaopcpb.org.br\/index.php\/wp-json\/wp\/v2\/users\/58"}],"replies":[{"embeddable":true,"href":"https:\/\/sindaopcpb.org.br\/index.php\/wp-json\/wp\/v2\/comments?post=27593"}],"version-history":[{"count":1,"href":"https:\/\/sindaopcpb.org.br\/index.php\/wp-json\/wp\/v2\/posts\/27593\/revisions"}],"predecessor-version":[{"id":27594,"href":"https:\/\/sindaopcpb.org.br\/index.php\/wp-json\/wp\/v2\/posts\/27593\/revisions\/27594"}],"wp:attachment":[{"href":"https:\/\/sindaopcpb.org.br\/index.php\/wp-json\/wp\/v2\/media?parent=27593"}],"wp:term":[{"taxonomy":"category","embeddable":true,"href":"https:\/\/sindaopcpb.org.br\/index.php\/wp-json\/wp\/v2\/categories?post=27593"},{"taxonomy":"post_tag","embeddable":true,"href":"https:\/\/sindaopcpb.org.br\/index.php\/wp-json\/wp\/v2\/tags?post=27593"}],"curies":[{"name":"wp","href":"https:\/\/api.w.org\/{rel}","templated":true}]}}