{"id":27591,"date":"2023-07-30T16:34:39","date_gmt":"2023-07-30T19:34:39","guid":{"rendered":"https:\/\/wpa.wscom.com.br\/?p=914674"},"modified":"2023-07-30T16:34:39","modified_gmt":"2023-07-30T19:34:39","slug":"governo-federal-prepara-plano-para-populacao-em-situacao-de-rua","status":"publish","type":"post","link":"https:\/\/sindaopcpb.org.br\/index.php\/2023\/07\/30\/governo-federal-prepara-plano-para-populacao-em-situacao-de-rua\/","title":{"rendered":"Governo Federal prepara plano para popula\u00e7\u00e3o em situa\u00e7\u00e3o de rua"},"content":{"rendered":"<p>O ministro dos Direitos Humanos e Cidadania, Silvio Almeida, informou neste s\u00e1bado (29) que o governo federal prepara um plano voltado para a popula\u00e7\u00e3o em situa\u00e7\u00e3o de rua. \u201cEstamos desenhando, sob a coordena\u00e7\u00e3o do presidente Lula, uma grande pol\u00edtica nacional em defesa das pessoas em situa\u00e7\u00e3o de rua. Vai mobilizar uma s\u00e9rie de outros minist\u00e9rios, como o do Trabalho, da Sa\u00fade, do Desenvolvimento Social e Regional\u201d.<img decoding=\"async\" src=\"https:\/\/agenciabrasil.ebc.com.br\/ebc.png?id=1546266&amp;o=node\" alt=\"\" title=\"\"><img decoding=\"async\" src=\"https:\/\/agenciabrasil.ebc.com.br\/ebc.gif?id=1546266&amp;o=node\" alt=\"\" title=\"\"><\/p>\n<div class=\"dnd-widget-wrapper context-cheio_8colunas type-image\">\n<div class=\"dnd-atom-rendered\">\n<div class=\"shadow overflow-hidden rounded-lg d-block zoom-on-hover-sm shadow-hover w-100\"><img decoding=\"async\" class=\"flex-fill img-cover\" title=\"T\u00e2nia R\u00eago\/Ag\u00eancia Brasil\" src=\"https:\/\/imagens.ebc.com.br\/d5rwWu5JrjMGG27v1lx0spUQY2Q=\/\/d3rf2zoedgusog.cloudfront.net\/754x0\/smart\/https:\/\/agenciabrasil.ebc.com.br\/sites\/default\/files\/thumbnails\/image\/trbr0547.jpg?itok=APaeyiby\" alt=\"Rio de Janeiro (RJ), 29\/07\/2023 - O ministro dos Direitos Humanos e da Cidadania, Silvio Almeida, fala durante a confer\u00eancia: Reflex\u00f5es sobre Economia, Favela e Direitos Humanos, na Expo Favela Innovation, na Cidade das Artes, zona oeste do Rio. Foto:T\u00e2nia R\u00eago\/Ag\u00eancia Brasil\" \/><\/div>\n<\/div>\n<div class=\"dnd-caption-wrapper\">\n<p class=\"meta\">Entre as a\u00e7\u00f5es est\u00e1 a regulamenta\u00e7\u00e3o que veda uso de arquitetura hostil a presen\u00e7a de pessoas em situa\u00e7\u00e3o de rua, diz Silvio Almeida\u00a0&#8211; Foto: &#8211;\u00a0<strong>T\u00e2nia R\u00eago\/Ag\u00eancia Brasil<\/strong><\/p>\n<\/div>\n<\/div>\n<p>O ministro deu a declara\u00e7\u00e3o ao participar da Expo Favela Innovation 2023, feira de\u00a0empreendedorismo que estabelece conex\u00f5es entre favela e asfalto,\u00a0na Cidade da Artes, na zona oeste da capital fluminense.<\/p>\n<p>Entre as a\u00e7\u00f5es, segundo o ministro, est\u00e1 a regulamenta\u00e7\u00e3o da Lei Padre\u00a0Julio\u00a0Lancellotti, que veda o uso da arquitetura hostil que cria elementos que dificultam a presen\u00e7a das pessoas em situa\u00e7\u00e3o de rua, o programa Moradia Primeiro, que \u00e9 pensar a moradia como elemento fundamental para pessoas em situa\u00e7\u00e3o cr\u00f4nica na rua, al\u00e9m de programas de sa\u00fade e de emprego.<\/p>\n<p>\u201cN\u00e3o \u00e9 s\u00f3 dar a casa, \u00e9 tamb\u00e9m organizar a vida das pessoas. Tem tamb\u00e9m as cotas do Minha Casa, Minha Vida para pessoas em situa\u00e7\u00e3o de rua. Isso tamb\u00e9m j\u00e1 foi conversado com o ministro [das Cidades] Jader [Filho] e vamos produzir um decreto. O presidente Lula deve avaliar e vamos dar sentido e concretiza\u00e7\u00e3o para essa pol\u00edtica\u201d, disse Almeida.<\/p>\n<p><strong><span style=\"font-size: 10pt;\">Ag\u00eancia Brasil<\/span><\/strong><\/p>\n<p>O post <a rel=\"nofollow noopener\" href=\"https:\/\/wscom.com.br\/governo-federal-prepara-plano-para-populacao-em-situacao-de-rua\/\" target=\"_blank\">Governo Federal prepara plano para popula\u00e7\u00e3o em situa\u00e7\u00e3o de rua<\/a> apareceu primeiro em <a rel=\"nofollow noopener\" href=\"https:\/\/wscom.com.br\/\" target=\"_blank\">WSCOM<\/a>.<\/p>\n","protected":false},"excerpt":{"rendered":"<p>O ministro dos Direitos Humanos e Cidadania, Silvio Almeida, informou neste s\u00e1bado (29) que o governo federal prepara um plano voltado para a popula\u00e7\u00e3o em situa\u00e7\u00e3o de rua. \u201cEstamos desenhando, sob a coordena\u00e7\u00e3o do presidente Lula, uma grande pol\u00edtica nacional em defesa das pessoas em situa\u00e7\u00e3o de rua. Vai mobilizar uma s\u00e9rie de outros minist\u00e9rios, [\u2026]<\/p>\n<p>O post <a rel=\"nofollow\" href=\"https:\/\/wscom.com.br\/governo-federal-prepara-plano-para-populacao-em-situacao-de-rua\/\">Governo Federal prepara plano para popula\u00e7\u00e3o em situa\u00e7\u00e3o de rua<\/a> apareceu primeiro em <a rel=\"nofollow\" href=\"https:\/\/wscom.com.br\/\">WSCOM<\/a>.<\/p>\n","protected":false},"author":58,"featured_media":0,"comment_status":"closed","ping_status":"closed","sticky":false,"template":"","format":"standard","meta":{"advgb_blocks_editor_width":"","advgb_blocks_columns_visual_guide":"","footnotes":""},"categories":[115,34,695,7088],"tags":[35],"class_list":["post-27591","post","type-post","status-publish","format-standard","hentry","category-brasil","category-g1","category-politicas-publicas","category-populacao-em-situacao-de-rua","tag-g1"],"author_meta":{"display_name":"Juliana Terra","author_link":"https:\/\/sindaopcpb.org.br\/author\/juliana-terra\/"},"featured_img":null,"coauthors":[],"tax_additional":{"categories":{"linked":["<a href=\"https:\/\/sindaopcpb.org.br\/brasil\/\" class=\"advgb-post-tax-term\">Brasil<\/a>","<a href=\"https:\/\/sindaopcpb.org.br\/g1\/\" class=\"advgb-post-tax-term\">G1<\/a>","<a href=\"https:\/\/sindaopcpb.org.br\/politicas-publicas\/\" class=\"advgb-post-tax-term\">Pol\u00edticas p\u00fablicas<\/a>","<a href=\"https:\/\/sindaopcpb.org.br\/populacao-em-situacao-de-rua\/\" class=\"advgb-post-tax-term\">Popula\u00e7\u00e3o em situa\u00e7\u00e3o de rua<\/a>"],"unlinked":["<span class=\"advgb-post-tax-term\">Brasil<\/span>","<span class=\"advgb-post-tax-term\">G1<\/span>","<span class=\"advgb-post-tax-term\">Pol\u00edticas p\u00fablicas<\/span>","<span class=\"advgb-post-tax-term\">Popula\u00e7\u00e3o em situa\u00e7\u00e3o de rua<\/span>"]},"tags":{"linked":["<a href=\"https:\/\/sindaopcpb.org.br\/populacao-em-situacao-de-rua\/\" class=\"advgb-post-tax-term\">g1<\/a>"],"unlinked":["<span class=\"advgb-post-tax-term\">g1<\/span>"]}},"comment_count":"0","relative_dates":{"created":"Publicado 3 anos atr\u00e1s","modified":"Atualizado 3 anos atr\u00e1s"},"absolute_dates":{"created":"Publicado em 30 de julho de 2023","modified":"Atualizado em 30 de julho de 2023"},"absolute_dates_time":{"created":"Publicado em 30 de julho de 2023 16:34","modified":"Atualizado em 30 de julho de 2023 16:34"},"featured_img_caption":"","series_order":"","_links":{"self":[{"href":"https:\/\/sindaopcpb.org.br\/index.php\/wp-json\/wp\/v2\/posts\/27591","targetHints":{"allow":["GET"]}}],"collection":[{"href":"https:\/\/sindaopcpb.org.br\/index.php\/wp-json\/wp\/v2\/posts"}],"about":[{"href":"https:\/\/sindaopcpb.org.br\/index.php\/wp-json\/wp\/v2\/types\/post"}],"author":[{"embeddable":true,"href":"https:\/\/sindaopcpb.org.br\/index.php\/wp-json\/wp\/v2\/users\/58"}],"replies":[{"embeddable":true,"href":"https:\/\/sindaopcpb.org.br\/index.php\/wp-json\/wp\/v2\/comments?post=27591"}],"version-history":[{"count":1,"href":"https:\/\/sindaopcpb.org.br\/index.php\/wp-json\/wp\/v2\/posts\/27591\/revisions"}],"predecessor-version":[{"id":27592,"href":"https:\/\/sindaopcpb.org.br\/index.php\/wp-json\/wp\/v2\/posts\/27591\/revisions\/27592"}],"wp:attachment":[{"href":"https:\/\/sindaopcpb.org.br\/index.php\/wp-json\/wp\/v2\/media?parent=27591"}],"wp:term":[{"taxonomy":"category","embeddable":true,"href":"https:\/\/sindaopcpb.org.br\/index.php\/wp-json\/wp\/v2\/categories?post=27591"},{"taxonomy":"post_tag","embeddable":true,"href":"https:\/\/sindaopcpb.org.br\/index.php\/wp-json\/wp\/v2\/tags?post=27591"}],"curies":[{"name":"wp","href":"https:\/\/api.w.org\/{rel}","templated":true}]}}