{"id":27377,"date":"2023-07-28T15:44:44","date_gmt":"2023-07-28T18:44:44","guid":{"rendered":"https:\/\/g1.globo.com\/pb\/paraiba\/noticia\/2023\/07\/28\/concurso-da-dataprev-tem-29-vagas-imediatas-na-paraiba-com-salario-de-r-87-mil.ghtml"},"modified":"2023-07-28T15:44:44","modified_gmt":"2023-07-28T18:44:44","slug":"concurso-da-dataprev-tem-29-vagas-imediatas-na-paraiba-com-salario-de-r-87-mil","status":"publish","type":"post","link":"https:\/\/sindaopcpb.org.br\/index.php\/2023\/07\/28\/concurso-da-dataprev-tem-29-vagas-imediatas-na-paraiba-com-salario-de-r-87-mil\/","title":{"rendered":"Concurso da Dataprev tem 29 vagas imediatas na Para\u00edba com sal\u00e1rio de R$ 8,7 mil"},"content":{"rendered":"   <img src=\"https:\/\/s2.glbimg.com\/LakfP8xXf7v8HdJasBwBv6uzhfA=\/i.s3.glbimg.com\/v1\/AUTH_59edd422c0c84a879bd37670ae4f538a\/internal_photos\/bs\/2020\/A\/6\/EsLZdCSxuatOQb8nLKKg\/predio-dataprev.jpg\" \/><br \/>     As oportunidades s\u00e3o para analista de tecnologia da informa\u00e7\u00e3o, com sete perfis diferentes.  Sede da Dataprev em Jo\u00e3o Pessoa\nDivulga\u00e7\u00e3o\/Dataprev\nA Empresa de Tecnologia e Informa\u00e7\u00e3o da Previd\u00eancia (Dataprev) abriu concurso p\u00fablico, nesta sexta-feira (28), com 29 vagas imediatas e 226 vagas de cadastro de reserva na Para\u00edba. Os sal\u00e1rios s\u00e3o de R$ 8,7 mil.\nO edital abre vagas para analista de tecnologia da informa\u00e7\u00e3o, com sete perfis diferentes, que v\u00e3o desde desenvolvimento de software at\u00e9 gest\u00e3o de pessoas. Os candidatos devem ter ensino superior completo.\nO edital\nO edital est\u00e1 dispon\u00edvel no Di\u00e1rio Oficial da Uni\u00e3o. Para participar do processo seletivo, a taxa de inscri\u00e7\u00e3o \u00e9 de R$ 80 para n\u00edvel m\u00e9dio e de R$ 100 para o n\u00edvel superior. \nO certame oferta 220 vagas imediatas e mais de 2 mil para a forma\u00e7\u00e3o de cadastro de reserva em cargos de n\u00edvel m\u00e9dio e superior. As oportunidades tamb\u00e9m s\u00e3o para Bras\u00edlia, S\u00e3o Paulo, Florian\u00f3polis, Fortaleza, Natal e Rio de Janeiro. \nAs inscri\u00e7\u00f5es\nAs inscri\u00e7\u00f5es come\u00e7am a partir de segunda-feira (31) e terminam no dia 18 de agosto, no site da banca organizadora. O candidato pode pedir isen\u00e7\u00e3o da taxa de inscri\u00e7\u00e3o dentro do mesmo per\u00edodo. \nO processo seletivo \u00e9 organizado pelo Centro Brasileiro de Pesquisa em Avalia\u00e7\u00e3o e Sele\u00e7\u00e3o e de Promo\u00e7\u00e3o de Eventos (Cebraspe).\nA prova\nA prova objetiva ter\u00e1 quest\u00f5es de conhecimentos gerais sobre a l\u00edngua portuguesa, ingl\u00eas, racioc\u00ednio l\u00f3gico, atualidades e legisla\u00e7\u00e3o acerca de Seguran\u00e7a de Informa\u00e7\u00f5es e Prote\u00e7\u00e3o de Dados, e de conhecimentos espec\u00edficos.\nOs candidatos a cargos de n\u00edvel superior devem fazer a prova no dia 1\u00b0 de outubro, no turno da manh\u00e3. A prova ter\u00e1 dura\u00e7\u00e3o de 3 horas e 30 minutos e ser\u00e1 realizada em Jo\u00e3o Pessoa. \nVagas na Para\u00edba\nAnalista de Tecnologia da Informa\u00e7\u00e3o - Perfil: Arquitetura e Engenharia Tecnol\u00f3gica (4 vagas e 30 vagas de cadastro de reserva)\nAnalista de Tecnologia da Informa\u00e7\u00e3o - Perfil: Desenvolvimento de Software (17 vagas e 130 vagas de cadastro de reserva)\nAnalista de Tecnologia da Informa\u00e7\u00e3o - Perfil: Engenheiro de Dados (1 vaga e 10 vagas de cadastro de reserva) \nAnalista de Tecnologia da Informa\u00e7\u00e3o - Perfil: Gest\u00e3o de Pessoas (1 vaga e 8 vagas de cadastro de reserva) \nAnalista de Tecnologia da Informa\u00e7\u00e3o - Perfil: Intelig\u00eancia da Informa\u00e7\u00e3o (2 vagas e 15 vagas de cadastro de reserva) \nAnalista de Tecnologia da Informa\u00e7\u00e3o - Perfil: Log\u00edstica, Aquisi\u00e7\u00f5es e Contratos (2 vagas e 8 vagas de cadastro de reserva)\nAnalista de Tecnologia da Informa\u00e7\u00e3o - Perfil: Seguran\u00e7a da Informa\u00e7\u00e3o e Prote\u00e7\u00e3o de Dados (2 vagas e 25 vagas de cadastro de reserva) \nBenef\u00edcios oferecidos\nOs contratados ter\u00e3o direito aos seguintes benef\u00edcios:\nAux\u00edlio-alimenta\u00e7\u00e3o de R$ 1.111,20 (pago em forma de cr\u00e9dito em cart\u00e3o eletr\u00f4nico, com participa\u00e7\u00e3o percentual dos trabalhadores de acordo com o n\u00edvel salarial);\nReembolso pr\u00e9-escolar ou escolar de at\u00e9 R$ 1.513,03;\nAux\u00edlio para tratamento especializado para filhos com defici\u00eancia de at\u00e9 R$ 1.230;\nAssist\u00eancia \u00e0 sa\u00fade;\nPrevid\u00eancia complementar;\nParticipa\u00e7\u00e3o nos lucros e resultados;\nGratifica\u00e7\u00e3o Vari\u00e1vel por Resultado (GVR).\nConcurso Dataprev na Para\u00edba\nVagas: 29 vagas imediatas e 226 para forma\u00e7\u00e3o de cadastro de reserva\nN\u00edvel: superior\nPrazo de Inscri\u00e7\u00e3o: 31 de julho at\u00e9 18 de agosto\nLocal de inscri\u00e7\u00e3o: Site da banca organizadora\nTaxas de inscri\u00e7\u00e3o: R$ 100 para o n\u00edvel superior\nSal\u00e1rios: R$ 8.747,61\nProvas: 1\u00b0 de outubro\nEdital do concurso da UFPB\nV\u00eddeos mais assistidos do g1 Para\u00edba  ","protected":false},"excerpt":{"rendered":"<p>        As oportunidades s\u00e3o para analista de tecnologia da informa\u00e7\u00e3o, com sete perfis diferentes.  Sede da Dataprev em Jo\u00e3o Pessoa<br \/>\nDivulga\u00e7\u00e3o\/Dataprev<br \/>\nA Empresa de Tecnologia e Informa\u00e7\u00e3o da Previd\u00eancia (Dataprev) abriu concurso p\u00fablico, nesta sexta-&#8230;<\/p>\n","protected":false},"author":2,"featured_media":0,"comment_status":"closed","ping_status":"closed","sticky":false,"template":"","format":"standard","meta":{"advgb_blocks_editor_width":"","advgb_blocks_columns_visual_guide":"","footnotes":""},"categories":[34],"tags":[35],"class_list":["post-27377","post","type-post","status-publish","format-standard","hentry","category-g1","tag-g1"],"author_meta":{"display_name":"g1 &gt; Para\u00edba","author_link":"https:\/\/sindaopcpb.org.br\/author\/g1-paraiba\/"},"featured_img":null,"coauthors":[],"tax_additional":{"categories":{"linked":["<a href=\"https:\/\/sindaopcpb.org.br\/g1\/\" class=\"advgb-post-tax-term\">G1<\/a>"],"unlinked":["<span class=\"advgb-post-tax-term\">G1<\/span>"]},"tags":{"linked":["<a href=\"https:\/\/sindaopcpb.org.br\/g1\/\" class=\"advgb-post-tax-term\">g1<\/a>"],"unlinked":["<span class=\"advgb-post-tax-term\">g1<\/span>"]}},"comment_count":"0","relative_dates":{"created":"Publicado 3 anos atr\u00e1s","modified":"Atualizado 3 anos atr\u00e1s"},"absolute_dates":{"created":"Publicado em 28 de julho de 2023","modified":"Atualizado em 28 de julho de 2023"},"absolute_dates_time":{"created":"Publicado em 28 de julho de 2023 15:44","modified":"Atualizado em 28 de julho de 2023 15:44"},"featured_img_caption":"","series_order":"","_links":{"self":[{"href":"https:\/\/sindaopcpb.org.br\/index.php\/wp-json\/wp\/v2\/posts\/27377","targetHints":{"allow":["GET"]}}],"collection":[{"href":"https:\/\/sindaopcpb.org.br\/index.php\/wp-json\/wp\/v2\/posts"}],"about":[{"href":"https:\/\/sindaopcpb.org.br\/index.php\/wp-json\/wp\/v2\/types\/post"}],"author":[{"embeddable":true,"href":"https:\/\/sindaopcpb.org.br\/index.php\/wp-json\/wp\/v2\/users\/2"}],"replies":[{"embeddable":true,"href":"https:\/\/sindaopcpb.org.br\/index.php\/wp-json\/wp\/v2\/comments?post=27377"}],"version-history":[{"count":2,"href":"https:\/\/sindaopcpb.org.br\/index.php\/wp-json\/wp\/v2\/posts\/27377\/revisions"}],"predecessor-version":[{"id":27379,"href":"https:\/\/sindaopcpb.org.br\/index.php\/wp-json\/wp\/v2\/posts\/27377\/revisions\/27379"}],"wp:attachment":[{"href":"https:\/\/sindaopcpb.org.br\/index.php\/wp-json\/wp\/v2\/media?parent=27377"}],"wp:term":[{"taxonomy":"category","embeddable":true,"href":"https:\/\/sindaopcpb.org.br\/index.php\/wp-json\/wp\/v2\/categories?post=27377"},{"taxonomy":"post_tag","embeddable":true,"href":"https:\/\/sindaopcpb.org.br\/index.php\/wp-json\/wp\/v2\/tags?post=27377"}],"curies":[{"name":"wp","href":"https:\/\/api.w.org\/{rel}","templated":true}]}}