{"id":27373,"date":"2023-07-28T15:11:39","date_gmt":"2023-07-28T18:11:39","guid":{"rendered":"https:\/\/wpa.wscom.com.br\/?p=914389"},"modified":"2023-07-28T15:11:39","modified_gmt":"2023-07-28T18:11:39","slug":"psol-e-rede-acionam-justica-contra-emenda-que-da-aumento-de-salario-de-bruno-cunha-lima","status":"publish","type":"post","link":"https:\/\/sindaopcpb.org.br\/index.php\/2023\/07\/28\/psol-e-rede-acionam-justica-contra-emenda-que-da-aumento-de-salario-de-bruno-cunha-lima\/","title":{"rendered":"Psol e Rede acionam Justi\u00e7a contra emenda que d\u00e1 aumento de sal\u00e1rio de Bruno Cunha Lima"},"content":{"rendered":"<p>&nbsp;<\/p>\n<p>A Federa\u00e7\u00e3o Psol\/Rede da Para\u00edba entrou com uma a\u00e7\u00e3o no Tribunal de Justi\u00e7a do Estado (TJPB) contra a emenda que vinculou o aumento do sal\u00e1rio do prefeito de Campina Grande, Bruno Cunha Lima (PSD), a subs\u00eddios dos ministros do Supremo Tribunal Federal (STF).<\/p>\n<p>Segundo os advogados Ol\u00edmpio Rocha e Alexandre Soares, autores da A\u00e7\u00e3o Direta de Inconstitucionalidade, a emenda da lei org\u00e2nica do munic\u00edpio d\u00e1 aumento do sal\u00e1rio do prefeito a cada vez que os ministros tamb\u00e9m tiverem. Para eles, a medida \u00e9 inconstitucional por &#8220;afrontar o princ\u00edpio federativo&#8221;.<\/p>\n<p>&#8220;N\u00f3s ajuizamos essa a\u00e7\u00e3o ontem. Est\u00e1 conclusa para decis\u00e3o da relatora Maria das Gra\u00e7as Morais Guedes, desembargadora do Tribunal de Justi\u00e7a. Esperamos que ela determine a suspens\u00e3o cautelar dessa lei e depois, uma vez que a lei seja levada ao julgamento em plen\u00e1rio, ela seja finalmente declarada inconstitucional&#8221;, disse Ol\u00edmpio.<\/p>\n<p>O post <a rel=\"nofollow noopener\" href=\"https:\/\/wscom.com.br\/psol-e-rede-acionam-justica-contra-emenda-que-da-aumento-do-salario-de-bruno-cunha-lima\/\" target=\"_blank\">Psol e Rede acionam Justi\u00e7a contra emenda que d\u00e1 aumento de sal\u00e1rio de Bruno Cunha Lima<\/a> apareceu primeiro em <a rel=\"nofollow noopener\" href=\"https:\/\/wscom.com.br\/\" target=\"_blank\">WSCOM<\/a>.<\/p>\n","protected":false},"excerpt":{"rendered":"<p>\u00a0 A Federa\u00e7\u00e3o Psol\/Rede da Para\u00edba entrou com uma a\u00e7\u00e3o no Tribunal de Justi\u00e7a do Estado (TJPB) contra a emenda que vinculou o aumento do sal\u00e1rio do prefeito de Campina Grande, Bruno Cunha Lima (PSD), a subs\u00eddios dos ministros do Supremo Tribunal Federal (STF). Segundo os advogados Ol\u00edmpio Rocha e Alexandre Soares, autores da A\u00e7\u00e3o [\u2026]<\/p>\n<p>O post <a rel=\"nofollow\" href=\"https:\/\/wscom.com.br\/psol-e-rede-acionam-justica-contra-emenda-que-da-aumento-do-salario-de-bruno-cunha-lima\/\">Psol e Rede acionam Justi\u00e7a contra emenda que d\u00e1 aumento de sal\u00e1rio de Bruno Cunha Lima<\/a> apareceu primeiro em <a rel=\"nofollow\" href=\"https:\/\/wscom.com.br\/\">WSCOM<\/a>.<\/p>\n","protected":false},"author":42,"featured_media":0,"comment_status":"closed","ping_status":"closed","sticky":false,"template":"","format":"standard","meta":{"advgb_blocks_editor_width":"","advgb_blocks_columns_visual_guide":"","footnotes":""},"categories":[578,34,278,975,4645,3930,350],"tags":[35],"class_list":["post-27373","post","type-post","status-publish","format-standard","hentry","category-bruno-cunha-lima","category-g1","category-justica","category-psol","category-rede","category-salario","category-tjpb","tag-g1"],"author_meta":{"display_name":"Rafael Andrade","author_link":"https:\/\/sindaopcpb.org.br\/author\/rafael-andrade\/"},"featured_img":null,"coauthors":[],"tax_additional":{"categories":{"linked":["<a href=\"https:\/\/sindaopcpb.org.br\/bruno-cunha-lima\/\" class=\"advgb-post-tax-term\">bruno cunha lima<\/a>","<a href=\"https:\/\/sindaopcpb.org.br\/g1\/\" class=\"advgb-post-tax-term\">G1<\/a>","<a href=\"https:\/\/sindaopcpb.org.br\/justica\/\" class=\"advgb-post-tax-term\">Justi\u00e7a<\/a>","<a href=\"https:\/\/sindaopcpb.org.br\/psol\/\" class=\"advgb-post-tax-term\">PSOL<\/a>","<a href=\"https:\/\/sindaopcpb.org.br\/rede\/\" class=\"advgb-post-tax-term\">Rede<\/a>","<a href=\"https:\/\/sindaopcpb.org.br\/salario\/\" class=\"advgb-post-tax-term\">Sal\u00e1rio<\/a>","<a href=\"https:\/\/sindaopcpb.org.br\/tjpb\/\" class=\"advgb-post-tax-term\">tjpb<\/a>"],"unlinked":["<span class=\"advgb-post-tax-term\">bruno cunha lima<\/span>","<span class=\"advgb-post-tax-term\">G1<\/span>","<span class=\"advgb-post-tax-term\">Justi\u00e7a<\/span>","<span class=\"advgb-post-tax-term\">PSOL<\/span>","<span class=\"advgb-post-tax-term\">Rede<\/span>","<span class=\"advgb-post-tax-term\">Sal\u00e1rio<\/span>","<span class=\"advgb-post-tax-term\">tjpb<\/span>"]},"tags":{"linked":["<a href=\"https:\/\/sindaopcpb.org.br\/tjpb\/\" class=\"advgb-post-tax-term\">g1<\/a>"],"unlinked":["<span class=\"advgb-post-tax-term\">g1<\/span>"]}},"comment_count":"0","relative_dates":{"created":"Publicado 3 anos atr\u00e1s","modified":"Atualizado 3 anos atr\u00e1s"},"absolute_dates":{"created":"Publicado em 28 de julho de 2023","modified":"Atualizado em 28 de julho de 2023"},"absolute_dates_time":{"created":"Publicado em 28 de julho de 2023 15:11","modified":"Atualizado em 28 de julho de 2023 15:11"},"featured_img_caption":"","series_order":"","_links":{"self":[{"href":"https:\/\/sindaopcpb.org.br\/index.php\/wp-json\/wp\/v2\/posts\/27373","targetHints":{"allow":["GET"]}}],"collection":[{"href":"https:\/\/sindaopcpb.org.br\/index.php\/wp-json\/wp\/v2\/posts"}],"about":[{"href":"https:\/\/sindaopcpb.org.br\/index.php\/wp-json\/wp\/v2\/types\/post"}],"author":[{"embeddable":true,"href":"https:\/\/sindaopcpb.org.br\/index.php\/wp-json\/wp\/v2\/users\/42"}],"replies":[{"embeddable":true,"href":"https:\/\/sindaopcpb.org.br\/index.php\/wp-json\/wp\/v2\/comments?post=27373"}],"version-history":[{"count":1,"href":"https:\/\/sindaopcpb.org.br\/index.php\/wp-json\/wp\/v2\/posts\/27373\/revisions"}],"predecessor-version":[{"id":27374,"href":"https:\/\/sindaopcpb.org.br\/index.php\/wp-json\/wp\/v2\/posts\/27373\/revisions\/27374"}],"wp:attachment":[{"href":"https:\/\/sindaopcpb.org.br\/index.php\/wp-json\/wp\/v2\/media?parent=27373"}],"wp:term":[{"taxonomy":"category","embeddable":true,"href":"https:\/\/sindaopcpb.org.br\/index.php\/wp-json\/wp\/v2\/categories?post=27373"},{"taxonomy":"post_tag","embeddable":true,"href":"https:\/\/sindaopcpb.org.br\/index.php\/wp-json\/wp\/v2\/tags?post=27373"}],"curies":[{"name":"wp","href":"https:\/\/api.w.org\/{rel}","templated":true}]}}