{"id":27371,"date":"2023-07-28T15:22:07","date_gmt":"2023-07-28T18:22:07","guid":{"rendered":"https:\/\/wpa.wscom.com.br\/?p=914391"},"modified":"2023-07-28T15:22:07","modified_gmt":"2023-07-28T18:22:07","slug":"diretor-da-fiep-posta-imagem-com-ameaca-de-morte-na-entidade-depois-de-ter-reuniao-cancelada-em-face-de-pedido-judicial-de-seu-grupo-de-oposicao","status":"publish","type":"post","link":"https:\/\/sindaopcpb.org.br\/index.php\/2023\/07\/28\/diretor-da-fiep-posta-imagem-com-ameaca-de-morte-na-entidade-depois-de-ter-reuniao-cancelada-em-face-de-pedido-judicial-de-seu-grupo-de-oposicao\/","title":{"rendered":"Diretor da FIEP posta imagem com \u201camea\u00e7a de morte\u201d na entidade, depois de ter reuni\u00e3o cancelada em face de pedido judicial de seu grupo de Oposi\u00e7\u00e3o"},"content":{"rendered":"<p style=\"font-weight: 400;\">Por Walter Santos<\/p>\n<p style=\"font-weight: 400;\"><span style=\"font-weight: 400;\">A conjuntura nos bastidores da Federa\u00e7\u00e3o das Ind\u00fastrias da Para\u00edba chegou ao cl\u00edmax da agressividade humana inadmiss\u00edvel, agora registrando amea\u00e7a de morte pelo diretor Eduardo Ribeiro Coutinho, que assim reagiu ao ser notificado da suspens\u00e3o de reuni\u00e3o na FIEP, em face da diretoria ter cumprido decis\u00e3o judicial decorrente de pedido do grupo de Oposi\u00e7\u00e3o na entidade do qual ele faz parte.<\/span><\/p>\n<p>&nbsp;<\/p>\n<p style=\"font-weight: 400;\"><span style=\"font-weight: 400;\">Imediatamente ao ser informado da suspens\u00e3o, ele postou em sua conta de whatsaap imagens com desfile de \u201ccaix\u00e3o de defunto\u201d com os dizeres:<strong> \u201c O PIOR EST\u00c1 POR VIR. ACREDITE\u201d, <\/strong>\u00a0diz a postagem tratada como pela diretoria da FIEP como amea\u00e7a velada de morte na Federa\u00e7\u00e3o.<\/span><\/p>\n<p>&nbsp;<\/p>\n<p style=\"font-weight: 400;\"><span style=\"font-weight: 400;\">Diante da conjuntura, o setor jur\u00eddico da FIEP entrou com outra medida judicial apontando responsabilidades ao ameacador e pedido de provid\u00eancias de seguran\u00e7a em torno dos demais diretores da entidade, amea\u00e7ados pelo empres\u00e1rio.<\/span><\/p>\n<p>&nbsp;<\/p>\n<p style=\"font-weight: 400;\"><span style=\"font-weight: 400;\">Eis, a seguir, a \u00edntegra do documento de encaminhado aos diretores gerando a rea\u00e7\u00e3o do diretor :<\/span><\/p>\n<p><br style=\"font-weight: 400;\" \/><br style=\"font-weight: 400;\" \/><\/p>\n<p style=\"font-weight: 400;\"><span style=\"font-weight: 400;\">\u201c O Presidente da Federa\u00e7\u00e3o das Ind\u00fastrias do Estado da Para\u00edba &#8211; FIEP, o senhor Francisco de Assis Benevides Gadelha, ap\u00f3s consulta formulada ao setor jur\u00eddico desta Federa\u00e7\u00e3o, sobre o recebimento da Decis\u00e3o de Antecipa\u00e7\u00e3o de Tutela Judicial, proferida pela Ju\u00edza da 4\u00aa Vara do Trabalho de Campina Grande, nos autos do processo n\u00ba 0000916-74.2023.5.13.0023, decide por seguran\u00e7a jur\u00eddica, com vistas a evitar eventuais aplicabilidades sancionat\u00f3rias pecuni\u00e1rias, e para maior efetividade das delibera\u00e7\u00f5es pelos membros integrantes do Conselho de Representantes da FIEP, cancelar a Reuni\u00e3o Ordin\u00e1ria agendada para esta data, qual seja, 27 de julho de 2023, \u00e0s 17h, no pr\u00e9dio da Federa\u00e7\u00e3o das Ind\u00fastrias, no 6\u00ba andar, em Campi\u2026\u201d<\/span><\/p>\n<p>&nbsp;<\/p>\n<p style=\"font-weight: 400;\"><span style=\"font-weight: 400;\"><strong>Nota da Reda\u00e7\u00e3o<\/strong> &#8211; O <strong>portal WSCOM<\/strong> n\u00e3o conseguiu falar com o dirigente mas se coloca sempre \u00e0 disposi\u00e7\u00e3o para sua vers\u00e3o .<\/span><\/p>\n<p>&nbsp;<\/p>\n<p><strong>OPINI\u00c3O<\/strong><\/p>\n<p>&nbsp;<\/p>\n<p><strong>Quando a disputa pol\u00edtica \u00e9 nutrida pelo \u00f3dio absurdo admitindo trag\u00e9dia inaceit\u00e1vel; a disputa n\u00e3o pode enveredar por esse conceito e realidade<\/strong><\/p>\n<p>&nbsp;<\/p>\n<p>O n\u00edvel de rea\u00e7\u00e3o promovida por empres\u00e1rios vinculados \u00e0 Federa\u00e7\u00e3o das Ind\u00fastrias da Para\u00edba, como registrado ontem na postagem do industrial Eduardo Ribeiro Coutinho em seu whatassap fazendo men\u00e7\u00e3o a possibilidade de morte na FIEP em face de disputa na entidade \u00e9 o maior exemplo da insanidade pol\u00edtica em curso.<\/p>\n<p>&nbsp;<\/p>\n<p>Pior \u00e9 que a manifesta\u00e7\u00e3o \u00e9 produzida por um empres\u00e1rio com forma\u00e7\u00e3o humanista e liberal a partir de seu imortal pai Odilon Ribeiro Coutinho levando-o a conviver com personalidades nacionais e internacionais, portanto a manifesta\u00e7\u00e3o incivilizada posta n\u00e3o cabe da hist\u00f3ria do autor.<\/p>\n<p>&nbsp;<\/p>\n<p>Eduardo Ribeiro com sua forma\u00e7\u00e3o e hist\u00f3rico n\u00e3o pode reproduzir a p\u00e9ssima conduta bolsonarista e de extrema direita at\u00e9 porque a condi\u00e7\u00e3o humana e liberal em seu entorno impede tamanha impostura.<\/p>\n<p>&nbsp;<\/p>\n<p>Chegou a hora dele liderar movimento de oposi\u00e7\u00e3o sensata aceitando o resultado que em todas as inst\u00e2ncias, em especial no voto, seu agrupamento perdeu com larga vantagem ao vencedor, no caso Buega Gadelha.<\/p>\n<p>&nbsp;<\/p>\n<p>Ele deve , antes de tudo, um pedido de desculpas.<\/p>\n<p>&nbsp;<\/p>\n<p>ULTIMA<\/p>\n<p>&nbsp;<\/p>\n<p>\u201c O olho que existe \/ \u00e9 o que v\u00ea\u201d<\/p>\n<p>O post <a rel=\"nofollow noopener\" href=\"https:\/\/wscom.com.br\/diretor-da-fiep-posta-imagem-com-ameaca-de-morte-na-entidade-depois-de-ter-reuniao-cancelada-em-face-de-pedido-judicial-de-seu-grupo-de-oposicao\/\" target=\"_blank\">Diretor da FIEP posta imagem com \u201camea\u00e7a de morte\u201d na entidade, depois de ter reuni\u00e3o cancelada em face de pedido judicial de seu grupo de Oposi\u00e7\u00e3o<\/a> apareceu primeiro em <a rel=\"nofollow noopener\" href=\"https:\/\/wscom.com.br\/\" target=\"_blank\">WSCOM<\/a>.<\/p>\n","protected":false},"excerpt":{"rendered":"<p>Por Walter Santos A conjuntura nos bastidores da Federa\u00e7\u00e3o das Ind\u00fastrias da Para\u00edba chegou ao cl\u00edmax da agressividade humana inadmiss\u00edvel, agora registrando amea\u00e7a de morte pelo diretor Eduardo Ribeiro Coutinho, que assim reagiu ao ser notificado da suspens\u00e3o de reuni\u00e3o na FIEP, em face da diretoria ter cumprido decis\u00e3o judicial decorrente de pedido do grupo [\u2026]<\/p>\n<p>O post <a rel=\"nofollow\" href=\"https:\/\/wscom.com.br\/diretor-da-fiep-posta-imagem-com-ameaca-de-morte-na-entidade-depois-de-ter-reuniao-cancelada-em-face-de-pedido-judicial-de-seu-grupo-de-oposicao\/\">Diretor da FIEP posta imagem com \u201camea\u00e7a de morte\u201d na entidade, depois de ter reuni\u00e3o cancelada em face de pedido judicial de seu grupo de Oposi\u00e7\u00e3o<\/a> apareceu primeiro em <a rel=\"nofollow\" href=\"https:\/\/wscom.com.br\/\">WSCOM<\/a>.<\/p>\n","protected":false},"author":48,"featured_media":0,"comment_status":"closed","ping_status":"closed","sticky":false,"template":"","format":"standard","meta":{"advgb_blocks_editor_width":"","advgb_blocks_columns_visual_guide":"","footnotes":""},"categories":[34,54],"tags":[35],"class_list":["post-27371","post","type-post","status-publish","format-standard","hentry","category-g1","category-paraiba","tag-g1"],"author_meta":{"display_name":"Walter Santos","author_link":"https:\/\/sindaopcpb.org.br\/author\/walter-santos\/"},"featured_img":null,"coauthors":[],"tax_additional":{"categories":{"linked":["<a href=\"https:\/\/sindaopcpb.org.br\/g1\/\" class=\"advgb-post-tax-term\">G1<\/a>","<a href=\"https:\/\/sindaopcpb.org.br\/paraiba\/\" class=\"advgb-post-tax-term\">Para\u00edba<\/a>"],"unlinked":["<span class=\"advgb-post-tax-term\">G1<\/span>","<span class=\"advgb-post-tax-term\">Para\u00edba<\/span>"]},"tags":{"linked":["<a href=\"https:\/\/sindaopcpb.org.br\/paraiba\/\" class=\"advgb-post-tax-term\">g1<\/a>"],"unlinked":["<span class=\"advgb-post-tax-term\">g1<\/span>"]}},"comment_count":"0","relative_dates":{"created":"Publicado 3 anos atr\u00e1s","modified":"Atualizado 3 anos atr\u00e1s"},"absolute_dates":{"created":"Publicado em 28 de julho de 2023","modified":"Atualizado em 28 de julho de 2023"},"absolute_dates_time":{"created":"Publicado em 28 de julho de 2023 15:22","modified":"Atualizado em 28 de julho de 2023 15:22"},"featured_img_caption":"","series_order":"","_links":{"self":[{"href":"https:\/\/sindaopcpb.org.br\/index.php\/wp-json\/wp\/v2\/posts\/27371","targetHints":{"allow":["GET"]}}],"collection":[{"href":"https:\/\/sindaopcpb.org.br\/index.php\/wp-json\/wp\/v2\/posts"}],"about":[{"href":"https:\/\/sindaopcpb.org.br\/index.php\/wp-json\/wp\/v2\/types\/post"}],"author":[{"embeddable":true,"href":"https:\/\/sindaopcpb.org.br\/index.php\/wp-json\/wp\/v2\/users\/48"}],"replies":[{"embeddable":true,"href":"https:\/\/sindaopcpb.org.br\/index.php\/wp-json\/wp\/v2\/comments?post=27371"}],"version-history":[{"count":1,"href":"https:\/\/sindaopcpb.org.br\/index.php\/wp-json\/wp\/v2\/posts\/27371\/revisions"}],"predecessor-version":[{"id":27372,"href":"https:\/\/sindaopcpb.org.br\/index.php\/wp-json\/wp\/v2\/posts\/27371\/revisions\/27372"}],"wp:attachment":[{"href":"https:\/\/sindaopcpb.org.br\/index.php\/wp-json\/wp\/v2\/media?parent=27371"}],"wp:term":[{"taxonomy":"category","embeddable":true,"href":"https:\/\/sindaopcpb.org.br\/index.php\/wp-json\/wp\/v2\/categories?post=27371"},{"taxonomy":"post_tag","embeddable":true,"href":"https:\/\/sindaopcpb.org.br\/index.php\/wp-json\/wp\/v2\/tags?post=27371"}],"curies":[{"name":"wp","href":"https:\/\/api.w.org\/{rel}","templated":true}]}}