{"id":27369,"date":"2023-07-28T15:34:19","date_gmt":"2023-07-28T18:34:19","guid":{"rendered":"https:\/\/wpa.wscom.com.br\/?p=914394"},"modified":"2023-07-28T15:34:19","modified_gmt":"2023-07-28T18:34:19","slug":"presidente-da-fundac-esclarece-situacao-com-sindicato-nega-autoritarismo-expoe-acoes-para-servidores-e-anuncia-nova-reuniao","status":"publish","type":"post","link":"https:\/\/sindaopcpb.org.br\/index.php\/2023\/07\/28\/presidente-da-fundac-esclarece-situacao-com-sindicato-nega-autoritarismo-expoe-acoes-para-servidores-e-anuncia-nova-reuniao\/","title":{"rendered":"Presidente da FUNDAC esclarece situa\u00e7\u00e3o com sindicato, nega autoritarismo, exp\u00f5e a\u00e7\u00f5es para servidores e anuncia nova reuni\u00e3o"},"content":{"rendered":"<p>&nbsp;<\/p>\n<p>&nbsp;<\/p>\n<p><strong>Por Walter Santos<\/strong><\/p>\n<p>\u201cGostar\u00edamos de registrar nosso respeito ao jornalismo \u00e9tico praticado pelo WSCOM, por isso em nome disso buscamos esclarecer a abordagem feita nesta 6a feira pois, na verdade, conduzimos uma gest\u00e3o democr\u00e1tica com os servidores adicionando ganhos reais e sem nenhum ato autorit\u00e1rio tamb\u00e9m considerando a doa\u00e7\u00e3o de sangue pelos volunt\u00e1rios, apenas reconhecemos que o presidente do Sindac gerou posi\u00e7\u00e3o de confronto sem necessidade conosco quando a maioria dos servidores convive com \u00f3tima rela\u00e7\u00e3o\u201d.<\/p>\n<p>Em s\u00edntese, esta foi a rea\u00e7\u00e3o do presidente da FUNDAC, Fl\u00e1vio Moreira, lembrando que tem origem no movimento sindical de seu pai como engenheiro e dele pr\u00f3prio na Associa\u00e7\u00e3o da Pol\u00edcia, por isso nega e recusa qualquer problema com o segmento.<\/p>\n<p>Ele admitiu ter encaminhado processos contra o sindicalista Tarcio Teixeira para se explicar na justi\u00e7a de acusa\u00e7\u00f5es improcedentes, \u201craz\u00e3o pela qual em nome da verdade dos fatos tem buscado a esfera judicial para n\u00e3o deixar proliferar inverdades\u201d.<\/p>\n<p>\u201cNossa gest\u00e3o na FUNDAC \u00e9 muito operosa e democr\u00e1tica com in\u00fameros benef\u00edcios consolidados em favor dos servidores, tanto que estamos chamando reuni\u00e3o com todos os segmentos na pr\u00f3xima segunda-feira para construir novos passos em favor de todos\u201d, frisou ele registrando que concedeu na sua gest\u00e3o 10% no vale alimenta\u00e7\u00e3o, entre outros benef\u00edcios.<\/p>\n<p>Sobre as solicita\u00e7\u00f5es de doa\u00e7\u00e3o de sangue, ele considera tudo bem resolvido sem problemas. \u201cTemos o cuidado apenas de alinhar as possibilidades com o tamanho da estrutura de funcion\u00e1rios para evitar desfalques na presta\u00e7\u00e3o de servi\u00e7os\u201d.<\/p>\n<p>Ele ainda enviou a lista de alguns servi\u00e7os prestados:<\/p>\n<p>\u2022 reforma do CSE &#8211; Centro Socioeducativo Edson Motta com investimento de 4,9mi<br \/>\n\u2022 reforma da parte el\u00e9trica do Lar do Garoto em Lagoa Seca<br \/>\n\u2022 resolu\u00e7\u00e3o do problema de falta d\u2019\u00e1gua no Complexo do Lar do Garoto em Lagoa Seca com resolu\u00e7\u00e3o de \u201cgatos\u201d que existiam na rede hidr\u00e1ulica<br \/>\n\u2022 Obras de reparo no CEA Jo\u00e3o Pessoa com constru\u00e7\u00e3o de alojamentos para servidores em regime de plant\u00e3o<br \/>\n\u2022 reforma emergencial no CEJ para resolu\u00e7\u00e3o dos alagamentos<br \/>\n\u2022 constru\u00e7\u00e3o da guarita da semi liberdade para implanta\u00e7\u00e3o de equipamento de inspe\u00e7\u00e3o corporal e de bagagens<br \/>\n\u2022 reequipagem de todos os gabinetes odontol\u00f3gicos por meio de conv\u00eanio federal (em curso)<br \/>\n\u2022 atendimento odontol\u00f3gico aos servidores<br \/>\n\u2022 fortalecimento da ger\u00eancia p\u00f3s medida para acompanhamento dos adolescentes e jovens egressos<br \/>\n\u2022 implanta\u00e7\u00e3o de Consult\u00f3rio psiqui\u00e1trico para os adolescentes, demanda antiga da Rede de Prote\u00e7\u00e3o \u00e0 Crian\u00e7a<br \/>\n\u2022 ponto de servidores por reconhecimento facial (em processo de implanta\u00e7\u00e3o)<br \/>\n\u2022 implanta\u00e7\u00e3o de sala de monitoramento das unidades para controle de situa\u00e7\u00f5es de risco (em fase final para implanta\u00e7\u00e3o)<br \/>\n\u2022 implanta\u00e7\u00e3o de intelig\u00eancia artificial com reconhecimento de comportamentos agressivos no sistema de monitoramento (em processo para licita\u00e7\u00e3o)<br \/>\n\u2022 Fardamento para servidores<br \/>\n\u2022 Constru\u00e7\u00e3o de alojamentos<br \/>\n\u2022 Unidades dirigidas por servidores efetivos<br \/>\n\u2022 destravamento de conv\u00eanios<br \/>\n\u2022 constru\u00e7\u00e3o autorizada de duas novas unidades<br \/>\n\u2022 redu\u00e7\u00e3o dos casos de tortura a quase zero<br \/>\n\u2022 cria\u00e7\u00e3o da central de vagas<br \/>\n\u2022 lei de reestrutura\u00e7\u00e3o da Fundac encaminhada e em an\u00e1lise na Secretaria de Administra\u00e7\u00e3o<br \/>\n\u2022 lei de implanta\u00e7\u00e3o do incentivo funcional dos Agentes Socioeducativos em tr\u00e2mite<br \/>\n\u2022 realiza\u00e7\u00e3o de cursos de profissionaliza\u00e7\u00e3o para fam\u00edlias de adolescentes, buscando a promo\u00e7\u00e3o da renda familiar<br \/>\n\u2022 realiza\u00e7\u00e3o de cursos de qualifica\u00e7\u00e3o para servidores<br \/>\n\u2022 forma\u00e7\u00e3o continuada para Agentes Socioeducativos<br \/>\n\u2022 implanta\u00e7\u00e3o do Grupo de A\u00e7\u00f5es R\u00e1pidas &#8211; GAR para intervir em situa\u00e7\u00f5es de crise<br \/>\n\u2022 apura\u00e7\u00e3o rigorosa de todas as den\u00fancias recebidas, por meio de corregedoria isenta<br \/>\n\u2022 redu\u00e7\u00e3o dos gastos com plant\u00f5es extras de 180 mil para 65 mil por m\u00eas<br \/>\n\u2022 ve\u00edculos renovados por meio de nova licita\u00e7\u00e3o e com economia para os cofres p\u00fablicos<br \/>\n\u2022 saneamento de 133 processos antigos encontrados trancados em um arm\u00e1rio<br \/>\n\u2022 reconstru\u00e7\u00e3o e moderniza\u00e7\u00e3o da f\u00e1brica de material de limpeza<br \/>\n\u2022 conserto de todos os equipamentos da Padaria Escola e implanta\u00e7\u00e3o de controle de produ\u00e7\u00e3o e fornecimento<br \/>\n\u2022 instala\u00e7\u00e3o da Comiss\u00e3o de Avalia\u00e7\u00e3o e Desempenho de Est\u00e1gio Probat\u00f3rio (que n\u00e3o vinha sendo realizada)<br \/>\n\u2022 fiscaliza\u00e7\u00e3o de acumula\u00e7\u00e3o de cargos<br \/>\n\u2022 duplica\u00e7\u00e3o do valor da gratifica\u00e7\u00e3o dos supervisores de plant\u00e3o (somente com cortes de gratifica\u00e7\u00f5es sem motivo &#8211; sem aumento de folha)<br \/>\n\u2022 cria\u00e7\u00e3o do l\u00edder de plant\u00e3o e implanta\u00e7\u00e3o de gratifica\u00e7\u00e3o (sem aumento de folha)<br \/>\n\u2022 an\u00e1lise de processos de progress\u00e3o funcional, abono previdenci\u00e1rio e outros direitos de servidores<br \/>\n\u2022 celebra\u00e7\u00e3o de conv\u00eanio com a Unimed com oferta de plano de sa\u00fade aos servidores a partir de R$ 139<\/p>\n<p>O post <a rel=\"nofollow noopener\" href=\"https:\/\/wscom.com.br\/presidente-da-fundac-esclarece-situacao-com-sindicato-nega-autoritarismo-expoe-acoes-para-servidores-e-anuncia-nova-reuniao\/\" target=\"_blank\">Presidente da FUNDAC esclarece situa\u00e7\u00e3o com sindicato, nega autoritarismo, exp\u00f5e a\u00e7\u00f5es para servidores e anuncia nova reuni\u00e3o<\/a> apareceu primeiro em <a rel=\"nofollow noopener\" href=\"https:\/\/wscom.com.br\/\" target=\"_blank\">WSCOM<\/a>.<\/p>\n","protected":false},"excerpt":{"rendered":"<p>\u00a0 \u00a0 Por Walter Santos \u201cGostar\u00edamos de registrar nosso respeito ao jornalismo \u00e9tico praticado pelo WSCOM, por isso em nome disso buscamos esclarecer a abordagem feita nesta 6a feira pois, na verdade, conduzimos uma gest\u00e3o democr\u00e1tica com os servidores adicionando ganhos reais e sem nenhum ato autorit\u00e1rio tamb\u00e9m considerando a doa\u00e7\u00e3o de sangue pelos volunt\u00e1rios, [\u2026]<\/p>\n<p>O post <a rel=\"nofollow\" href=\"https:\/\/wscom.com.br\/presidente-da-fundac-esclarece-situacao-com-sindicato-nega-autoritarismo-expoe-acoes-para-servidores-e-anuncia-nova-reuniao\/\">Presidente da FUNDAC esclarece situa\u00e7\u00e3o com sindicato, nega autoritarismo, exp\u00f5e a\u00e7\u00f5es para servidores e anuncia nova reuni\u00e3o<\/a> apareceu primeiro em <a rel=\"nofollow\" href=\"https:\/\/wscom.com.br\/\">WSCOM<\/a>.<\/p>\n","protected":false},"author":42,"featured_media":0,"comment_status":"closed","ping_status":"closed","sticky":false,"template":"","format":"standard","meta":{"advgb_blocks_editor_width":"","advgb_blocks_columns_visual_guide":"","footnotes":""},"categories":[7047,7048,34,54,1629],"tags":[35],"class_list":["post-27369","post","type-post","status-publish","format-standard","hentry","category-flavio-moreira","category-fundac","category-g1","category-paraiba","category-walter-santos","tag-g1"],"author_meta":{"display_name":"Rafael Andrade","author_link":"https:\/\/sindaopcpb.org.br\/author\/rafael-andrade\/"},"featured_img":null,"coauthors":[],"tax_additional":{"categories":{"linked":["<a href=\"https:\/\/sindaopcpb.org.br\/flavio-moreira\/\" class=\"advgb-post-tax-term\">Fl\u00e1vio Moreira<\/a>","<a href=\"https:\/\/sindaopcpb.org.br\/fundac\/\" class=\"advgb-post-tax-term\">Fundac<\/a>","<a href=\"https:\/\/sindaopcpb.org.br\/g1\/\" class=\"advgb-post-tax-term\">G1<\/a>","<a href=\"https:\/\/sindaopcpb.org.br\/paraiba\/\" class=\"advgb-post-tax-term\">Para\u00edba<\/a>","<a href=\"https:\/\/sindaopcpb.org.br\/walter-santos\/\" class=\"advgb-post-tax-term\">Walter Santos<\/a>"],"unlinked":["<span class=\"advgb-post-tax-term\">Fl\u00e1vio Moreira<\/span>","<span class=\"advgb-post-tax-term\">Fundac<\/span>","<span class=\"advgb-post-tax-term\">G1<\/span>","<span class=\"advgb-post-tax-term\">Para\u00edba<\/span>","<span class=\"advgb-post-tax-term\">Walter Santos<\/span>"]},"tags":{"linked":["<a href=\"https:\/\/sindaopcpb.org.br\/walter-santos\/\" class=\"advgb-post-tax-term\">g1<\/a>"],"unlinked":["<span class=\"advgb-post-tax-term\">g1<\/span>"]}},"comment_count":"0","relative_dates":{"created":"Publicado 3 anos atr\u00e1s","modified":"Atualizado 3 anos atr\u00e1s"},"absolute_dates":{"created":"Publicado em 28 de julho de 2023","modified":"Atualizado em 28 de julho de 2023"},"absolute_dates_time":{"created":"Publicado em 28 de julho de 2023 15:34","modified":"Atualizado em 28 de julho de 2023 15:34"},"featured_img_caption":"","series_order":"","_links":{"self":[{"href":"https:\/\/sindaopcpb.org.br\/index.php\/wp-json\/wp\/v2\/posts\/27369","targetHints":{"allow":["GET"]}}],"collection":[{"href":"https:\/\/sindaopcpb.org.br\/index.php\/wp-json\/wp\/v2\/posts"}],"about":[{"href":"https:\/\/sindaopcpb.org.br\/index.php\/wp-json\/wp\/v2\/types\/post"}],"author":[{"embeddable":true,"href":"https:\/\/sindaopcpb.org.br\/index.php\/wp-json\/wp\/v2\/users\/42"}],"replies":[{"embeddable":true,"href":"https:\/\/sindaopcpb.org.br\/index.php\/wp-json\/wp\/v2\/comments?post=27369"}],"version-history":[{"count":1,"href":"https:\/\/sindaopcpb.org.br\/index.php\/wp-json\/wp\/v2\/posts\/27369\/revisions"}],"predecessor-version":[{"id":27370,"href":"https:\/\/sindaopcpb.org.br\/index.php\/wp-json\/wp\/v2\/posts\/27369\/revisions\/27370"}],"wp:attachment":[{"href":"https:\/\/sindaopcpb.org.br\/index.php\/wp-json\/wp\/v2\/media?parent=27369"}],"wp:term":[{"taxonomy":"category","embeddable":true,"href":"https:\/\/sindaopcpb.org.br\/index.php\/wp-json\/wp\/v2\/categories?post=27369"},{"taxonomy":"post_tag","embeddable":true,"href":"https:\/\/sindaopcpb.org.br\/index.php\/wp-json\/wp\/v2\/tags?post=27369"}],"curies":[{"name":"wp","href":"https:\/\/api.w.org\/{rel}","templated":true}]}}