{"id":27365,"date":"2023-07-28T15:31:00","date_gmt":"2023-07-28T18:31:00","guid":{"rendered":"https:\/\/www.infomoney.com.br\/?p=2200068"},"modified":"2023-07-28T15:31:00","modified_gmt":"2023-07-28T18:31:00","slug":"alckmin-taxa-de-juros-atual-nao-e-razoavel","status":"publish","type":"post","link":"https:\/\/sindaopcpb.org.br\/index.php\/2023\/07\/28\/alckmin-taxa-de-juros-atual-nao-e-razoavel\/","title":{"rendered":"Alckmin: Taxa de juros atual n\u00e3o \u00e9 razo\u00e1vel"},"content":{"rendered":"<p><img loading=\"lazy\" width=\"300\" height=\"225\" src=\"https:\/\/www.infomoney.com.br\/wp-content\/uploads\/2022\/11\/7.-08112022-pzzb1494.jpg?fit=300%2C225&amp;quality=70&amp;strip=all\" class=\"attachment-medium size-medium wp-post-image\" alt=\"\" decoding=\"async\" style=\"float:right; margin:0 0 10px 10px;\" srcset=\"https:\/\/www.infomoney.com.br\/wp-content\/uploads\/2022\/11\/7.-08112022-pzzb1494.jpg?w=1024&amp;quality=70&amp;strip=all 1024w, https:\/\/www.infomoney.com.br\/wp-content\/uploads\/2022\/11\/7.-08112022-pzzb1494.jpg?w=300&amp;quality=70&amp;strip=all 300w, https:\/\/www.infomoney.com.br\/wp-content\/uploads\/2022\/11\/7.-08112022-pzzb1494.jpg?w=768&amp;quality=70&amp;strip=all 768w, https:\/\/www.infomoney.com.br\/wp-content\/uploads\/2022\/11\/7.-08112022-pzzb1494.jpg?w=150&amp;quality=70&amp;strip=all 150w\" sizes=\"auto, (max-width: 300px) 100vw, 300px\" data-attachment-id=\"1987730\" data-permalink=\"https:\/\/www.infomoney.com.br\/politica\/alckmin-governo-lula-vai-fechar-contas-no-azul-e-reduzir-divida-mas-nao-em-24h\/attachment\/7-08112022-pzzb1494\/\" data-orig-file=\"https:\/\/www.infomoney.com.br\/wp-content\/uploads\/2022\/11\/7.-08112022-pzzb1494.jpg?fit=1024%2C768&amp;quality=70&amp;strip=all\" data-orig-size=\"1024,768\" data-comments-opened=\"0\" data-image-meta=\"{&quot;aperture&quot;:&quot;2.8&quot;,&quot;credit&quot;:&quot;Fabio Rodrigues-Pozzebom\\\/ Ag\\u00eancia Brasil&quot;,&quot;camera&quot;:&quot;Canon EOS 7D Mark II&quot;,&quot;caption&quot;:&quot;O vice-presidente eleito e coordenador da Transi\\u00e7\\u00e3o, Geraldo Alckmin, apresentou em coletiva nomes que compor\\u00e3o os grupos t\\u00e9cnicos da transi\\u00e7\\u00e3o&quot;,&quot;created_timestamp&quot;:&quot;1667923550&quot;,&quot;copyright&quot;:&quot;Ag\\u00eancia Brasil\\\/EBC&quot;,&quot;focal_length&quot;:&quot;200&quot;,&quot;iso&quot;:&quot;1250&quot;,&quot;shutter_speed&quot;:&quot;0.005&quot;,&quot;title&quot;:&quot;&quot;,&quot;orientation&quot;:&quot;0&quot;}\" data-image-title=\"Geraldo Alckmin\" data-image-description=\"\" data-image-caption=\"&lt;p&gt;O vice-presidente eleito, Geraldo Alckmin (PSB), no CCBB, em Bras\u00edlia (Foto: Fabio Rodrigues-Pozzebom\/ Ag\u00eancia Brasil)&lt;\/p&gt;\n\" data-medium-file=\"https:\/\/www.infomoney.com.br\/wp-content\/uploads\/2022\/11\/7.-08112022-pzzb1494.jpg?fit=300%2C225&amp;quality=70&amp;strip=all\" data-large-file=\"https:\/\/www.infomoney.com.br\/wp-content\/uploads\/2022\/11\/7.-08112022-pzzb1494.jpg?fit=1024%2C768&amp;quality=70&amp;strip=all\" title=\"\"><\/p>\n<p>O vice-presidente da Rep\u00fablica, Geraldo Alckmin, disse nesta sexta-feira (28), que a taxa de juros atual &#8220;n\u00e3o \u00e9 razo\u00e1vel&#8221;. Ele deu a declara\u00e7\u00e3o em Goi\u00e2nia (GO).<\/p>\n<p>Alckmin disse que tem &#8220;estima&#8221; pelo presidente do Banco Central, Roberto Campos Neto, e que defende a autonomia da institui\u00e7\u00e3o, mas que a Selic atual atrapalha a competitividade das empresas brasileiras.<\/p>\n<p>A taxa b\u00e1sica de juros est\u00e1 em 13,75% ao ano. A pr\u00f3xima reuni\u00e3o do Copom est\u00e1 marcada para os dias primeiro e dois de agosto. H\u00e1 forte press\u00e3o para que a taxa baixe.<\/p>\n<p>The post <a rel=\"nofollow noopener\" href=\"https:\/\/www.infomoney.com.br\/politica\/alckmin-taxa-de-juros-atual-nao-e-razoavel\/\" target=\"_blank\">Alckmin: Taxa de juros atual n\u00e3o \u00e9 razo\u00e1vel<\/a> appeared first on <a rel=\"nofollow noopener\" href=\"https:\/\/www.infomoney.com.br\/\" target=\"_blank\">InfoMoney<\/a>.<\/p>\n","protected":false},"excerpt":{"rendered":"<p><img loading=\"lazy\" decoding=\"async\" width=\"300\" height=\"225\" src=\"https:\/\/www.infomoney.com.br\/wp-content\/uploads\/2022\/11\/7.-08112022-pzzb1494.jpg?fit=300%2C225&amp;quality=70&amp;strip=all\" class=\"attachment-medium size-medium wp-post-image\" alt=\"\" data-attachment-id=\"1987730\" data-permalink=\"https:\/\/www.infomoney.com.br\/politica\/alckmin-governo-lula-vai-fechar-contas-no-azul-e-reduzir-divida-mas-nao-em-24h\/attachment\/7-08112022-pzzb1494\/\" data-orig-file=\"https:\/\/www.infomoney.com.br\/wp-content\/uploads\/2022\/11\/7.-08112022-pzzb1494.jpg?fit=1024%2C768&amp;quality=70&amp;strip=all\" data-orig-size=\"1024,768\" data-comments-opened=\"0\" data-image-meta='{\"aperture\":\"2.8\",\"credit\":\"Fabio Rodrigues-Pozzebom\\\/ Ag\\u00eancia Brasil\",\"camera\":\"Canon EOS 7D Mark II\",\"caption\":\"O vice-presidente eleito e coordenador da Transi\\u00e7\\u00e3o, Geraldo Alckmin, apresentou em coletiva nomes que compor\\u00e3o os grupos t\\u00e9cnicos da transi\\u00e7\\u00e3o\",\"created_timestamp\":\"1667923550\",\"copyright\":\"Ag\\u00eancia Brasil\\\/EBC\",\"focal_length\":\"200\",\"iso\":\"1250\",\"shutter_speed\":\"0.005\",\"title\":\"\",\"orientation\":\"0\"}' data-image-title=\"Geraldo Alckmin\" data-image-description=\"\" data-image-caption=\"&lt;p&gt;O vice-presidente eleito, Geraldo Alckmin (PSB), no CCBB, em Bras\u00edlia (Foto: Fabio Rodrigues-Pozzebom\/ Ag\u00eancia Brasil)&lt;\/p&gt;\n\" data-medium-file=\"https:\/\/www.infomoney.com.br\/wp-content\/uploads\/2022\/11\/7.-08112022-pzzb1494.jpg?fit=300%2C225&amp;quality=70&amp;strip=all\" data-large-file=\"https:\/\/www.infomoney.com.br\/wp-content\/uploads\/2022\/11\/7.-08112022-pzzb1494.jpg?fit=1024%2C768&amp;quality=70&amp;strip=all\">Pr\u00f3xima reuni\u00e3o do Copom est\u00e1 marcada para os dias primeiro e dois de agosto<\/p>\n<p>The post <a rel=\"nofollow\" href=\"https:\/\/www.infomoney.com.br\/politica\/alckmin-taxa-de-juros-atual-nao-e-razoavel\/\">Alckmin: Taxa de juros atual n\u00e3o \u00e9 razo\u00e1vel<\/a> appeared first on <a rel=\"nofollow\" href=\"https:\/\/www.infomoney.com.br\/\">InfoMoney<\/a>.<\/p>\n","protected":false},"author":43,"featured_media":0,"comment_status":"closed","ping_status":"closed","sticky":false,"template":"","format":"standard","meta":{"advgb_blocks_editor_width":"","advgb_blocks_columns_visual_guide":"","footnotes":""},"categories":[279,34,340,47,1110,282],"tags":[35],"class_list":["post-27365","post","type-post","status-publish","format-standard","hentry","category-banco-central","category-g1","category-geraldo-alckmin","category-politica","category-selic","category-taxa-de-juros","tag-g1"],"author_meta":{"display_name":"Estad\u00e3o Conte\u00fado","author_link":"https:\/\/sindaopcpb.org.br\/author\/estadao-conteudo\/"},"featured_img":null,"coauthors":[],"tax_additional":{"categories":{"linked":["<a href=\"https:\/\/sindaopcpb.org.br\/banco-central\/\" class=\"advgb-post-tax-term\">Banco Central<\/a>","<a href=\"https:\/\/sindaopcpb.org.br\/g1\/\" class=\"advgb-post-tax-term\">G1<\/a>","<a href=\"https:\/\/sindaopcpb.org.br\/geraldo-alckmin\/\" class=\"advgb-post-tax-term\">Geraldo Alckmin<\/a>","<a href=\"https:\/\/sindaopcpb.org.br\/politica\/\" class=\"advgb-post-tax-term\">POLITICA<\/a>","<a href=\"https:\/\/sindaopcpb.org.br\/selic\/\" class=\"advgb-post-tax-term\">Selic<\/a>","<a href=\"https:\/\/sindaopcpb.org.br\/taxa-de-juros\/\" class=\"advgb-post-tax-term\">Taxa de Juros<\/a>"],"unlinked":["<span class=\"advgb-post-tax-term\">Banco Central<\/span>","<span class=\"advgb-post-tax-term\">G1<\/span>","<span class=\"advgb-post-tax-term\">Geraldo Alckmin<\/span>","<span class=\"advgb-post-tax-term\">POLITICA<\/span>","<span class=\"advgb-post-tax-term\">Selic<\/span>","<span class=\"advgb-post-tax-term\">Taxa de Juros<\/span>"]},"tags":{"linked":["<a href=\"https:\/\/sindaopcpb.org.br\/taxa-de-juros\/\" class=\"advgb-post-tax-term\">g1<\/a>"],"unlinked":["<span class=\"advgb-post-tax-term\">g1<\/span>"]}},"comment_count":"0","relative_dates":{"created":"Publicado 3 anos atr\u00e1s","modified":"Atualizado 3 anos atr\u00e1s"},"absolute_dates":{"created":"Publicado em 28 de julho de 2023","modified":"Atualizado em 28 de julho de 2023"},"absolute_dates_time":{"created":"Publicado em 28 de julho de 2023 15:31","modified":"Atualizado em 28 de julho de 2023 15:31"},"featured_img_caption":"","series_order":"","_links":{"self":[{"href":"https:\/\/sindaopcpb.org.br\/index.php\/wp-json\/wp\/v2\/posts\/27365","targetHints":{"allow":["GET"]}}],"collection":[{"href":"https:\/\/sindaopcpb.org.br\/index.php\/wp-json\/wp\/v2\/posts"}],"about":[{"href":"https:\/\/sindaopcpb.org.br\/index.php\/wp-json\/wp\/v2\/types\/post"}],"author":[{"embeddable":true,"href":"https:\/\/sindaopcpb.org.br\/index.php\/wp-json\/wp\/v2\/users\/43"}],"replies":[{"embeddable":true,"href":"https:\/\/sindaopcpb.org.br\/index.php\/wp-json\/wp\/v2\/comments?post=27365"}],"version-history":[{"count":1,"href":"https:\/\/sindaopcpb.org.br\/index.php\/wp-json\/wp\/v2\/posts\/27365\/revisions"}],"predecessor-version":[{"id":27366,"href":"https:\/\/sindaopcpb.org.br\/index.php\/wp-json\/wp\/v2\/posts\/27365\/revisions\/27366"}],"wp:attachment":[{"href":"https:\/\/sindaopcpb.org.br\/index.php\/wp-json\/wp\/v2\/media?parent=27365"}],"wp:term":[{"taxonomy":"category","embeddable":true,"href":"https:\/\/sindaopcpb.org.br\/index.php\/wp-json\/wp\/v2\/categories?post=27365"},{"taxonomy":"post_tag","embeddable":true,"href":"https:\/\/sindaopcpb.org.br\/index.php\/wp-json\/wp\/v2\/tags?post=27365"}],"curies":[{"name":"wp","href":"https:\/\/api.w.org\/{rel}","templated":true}]}}