{"id":27358,"date":"2023-07-28T12:26:40","date_gmt":"2023-07-28T15:26:40","guid":{"rendered":"https:\/\/wpa.wscom.com.br\/?p=914371"},"modified":"2023-07-28T12:26:40","modified_gmt":"2023-07-28T15:26:40","slug":"desemprego-cai-acima-do-esperado-e-e-o-menor-em-nove-anos-785-mil-saem-da-lista-de-desocupados","status":"publish","type":"post","link":"https:\/\/sindaopcpb.org.br\/index.php\/2023\/07\/28\/desemprego-cai-acima-do-esperado-e-e-o-menor-em-nove-anos-785-mil-saem-da-lista-de-desocupados\/","title":{"rendered":"Desemprego cai acima do esperado e \u00e9 o menor em nove anos; 785 mil saem da lista de desocupados"},"content":{"rendered":"<p>De acordo com o Instituto Brasileiro de Geografia e Estat\u00edstica (IBGE), a taxa de desemprego no Brasil apresentou uma not\u00e1vel queda no trimestre encerrado em junho, atingindo 8%. Essa marca representa o melhor resultado para o indicador durante esse trimestre desde 2014, quando foi registrada uma taxa de 6,9% \u2013 o que j\u00e1 reflete a volta da confian\u00e7a trazida pelo governo Lula. Em compara\u00e7\u00e3o com o trimestre anterior, entre janeiro e mar\u00e7o, a taxa de desocupa\u00e7\u00e3o sofreu uma redu\u00e7\u00e3o de 0,8 ponto percentual, totalizando 8,8%. Al\u00e9m disso, quando comparada ao mesmo per\u00edodo do ano passado, a taxa era de 9,3%, demonstrando uma tend\u00eancia de decl\u00ednio no desemprego no pa\u00eds.<\/p>\n<p>Durante o mesmo per\u00edodo, o n\u00famero absoluto de pessoas desempregadas tamb\u00e9m apresentou uma significativa diminui\u00e7\u00e3o, chegando a 8,6 milh\u00f5es. Essa redu\u00e7\u00e3o corresponde a uma queda de 8,3% em rela\u00e7\u00e3o ao trimestre anterior, representando 785 mil pessoas a menos na condi\u00e7\u00e3o de desocupados. Comparado ao \u00faltimo trimestre do ano anterior, esse decl\u00ednio \u00e9 ainda mais not\u00e1vel, registrando uma diminui\u00e7\u00e3o de 1,4 milh\u00e3o de trabalhadores desempregados.<\/p>\n<p>Por outro lado, o total de pessoas ocupadas no Brasil mostrou um aumento de 1,1% em compara\u00e7\u00e3o ao trimestre anterior, totalizando 98,9 milh\u00f5es de brasileiros empregados. Ao considerar o mesmo per\u00edodo do ano anterior, esse crescimento foi de 0,7%, representando um acr\u00e9scimo de 641 mil pessoas ao grupo de trabalhadores ocupados.<\/p>\n<p>A pesquisa realizada pelo IBGE tamb\u00e9m evidenciou o crescimento da informalidade no mercado de trabalho brasileiro. O n\u00famero de trabalhadores informais, incluindo empregados sem carteira assinada, trabalhadores por conta pr\u00f3pria e trabalhadores dom\u00e9sticos, alcan\u00e7ou 38,7 milh\u00f5es de pessoas, o que representa uma taxa de informalidade de 39,2%. Essa tend\u00eancia tem sido observada em outros momentos e merece aten\u00e7\u00e3o para compreender os desafios enfrentados pelos trabalhadores nesse contexto.<\/p>\n<p>Al\u00e9m disso, os rendimentos reais habituais permaneceram est\u00e1veis em rela\u00e7\u00e3o ao trimestre anterior, mantendo-se em R$ 2.921. No entanto, ao analisar o crescimento ao longo do ano, houve um aumento significativo de 6,2% nesse indicador. A massa de rendimento real habitual, por sua vez, tamb\u00e9m se manteve est\u00e1vel em rela\u00e7\u00e3o ao trimestre anterior, mas registrou crescimento de 7,2% quando comparada ao mesmo per\u00edodo do ano anterior.<\/p>\n<p>Em suma, os dados divulgados pelo IBGE mostram uma melhora no cen\u00e1rio do mercado de trabalho no Brasil, com a taxa de desemprego atingindo seu n\u00edvel mais baixo em nove anos. Entretanto, a informalidade ainda \u00e9 um ponto de aten\u00e7\u00e3o, e o crescimento dos rendimentos requer cont\u00ednuo acompanhamento para garantir um ambiente mais est\u00e1vel e pr\u00f3spero para os trabalhadores do pa\u00eds.<\/p>\n<p>O post <a rel=\"nofollow noopener\" href=\"https:\/\/wscom.com.br\/desemprego-cai-acima-do-esperado-e-e-o-menor-em-nove-anos-785-mil-saem-da-lista-de-desocupados\/\" target=\"_blank\">Desemprego cai acima do esperado e \u00e9 o menor em nove anos; 785 mil saem da lista de desocupados<\/a> apareceu primeiro em <a rel=\"nofollow noopener\" href=\"https:\/\/wscom.com.br\/\" target=\"_blank\">WSCOM<\/a>.<\/p>\n","protected":false},"excerpt":{"rendered":"<p>De acordo com o Instituto Brasileiro de Geografia e Estat\u00edstica (IBGE), a taxa de desemprego no Brasil apresentou uma not\u00e1vel queda no trimestre encerrado em junho, atingindo 8%. Essa marca representa o melhor resultado para o indicador durante esse trimestre desde 2014, quando foi registrada uma taxa de 6,9% \u2013 o que j\u00e1 reflete a [\u2026]<\/p>\n<p>O post <a rel=\"nofollow\" href=\"https:\/\/wscom.com.br\/desemprego-cai-acima-do-esperado-e-e-o-menor-em-nove-anos-785-mil-saem-da-lista-de-desocupados\/\">Desemprego cai acima do esperado e \u00e9 o menor em nove anos; 785 mil saem da lista de desocupados<\/a> apareceu primeiro em <a rel=\"nofollow\" href=\"https:\/\/wscom.com.br\/\">WSCOM<\/a>.<\/p>\n","protected":false},"author":50,"featured_media":0,"comment_status":"closed","ping_status":"closed","sticky":false,"template":"","format":"standard","meta":{"advgb_blocks_editor_width":"","advgb_blocks_columns_visual_guide":"","footnotes":""},"categories":[1586,7042,34,47],"tags":[35],"class_list":["post-27358","post","type-post","status-publish","format-standard","hentry","category-cai","category-desemprego","category-g1","category-politica","tag-g1"],"author_meta":{"display_name":"Wallyson","author_link":"https:\/\/sindaopcpb.org.br\/author\/wallyson\/"},"featured_img":null,"coauthors":[],"tax_additional":{"categories":{"linked":["<a href=\"https:\/\/sindaopcpb.org.br\/cai\/\" class=\"advgb-post-tax-term\">cai<\/a>","<a href=\"https:\/\/sindaopcpb.org.br\/desemprego\/\" class=\"advgb-post-tax-term\">Desemprego<\/a>","<a href=\"https:\/\/sindaopcpb.org.br\/g1\/\" class=\"advgb-post-tax-term\">G1<\/a>","<a href=\"https:\/\/sindaopcpb.org.br\/politica\/\" class=\"advgb-post-tax-term\">POLITICA<\/a>"],"unlinked":["<span class=\"advgb-post-tax-term\">cai<\/span>","<span class=\"advgb-post-tax-term\">Desemprego<\/span>","<span class=\"advgb-post-tax-term\">G1<\/span>","<span class=\"advgb-post-tax-term\">POLITICA<\/span>"]},"tags":{"linked":["<a href=\"https:\/\/sindaopcpb.org.br\/politica\/\" class=\"advgb-post-tax-term\">g1<\/a>"],"unlinked":["<span class=\"advgb-post-tax-term\">g1<\/span>"]}},"comment_count":"0","relative_dates":{"created":"Publicado 3 anos atr\u00e1s","modified":"Atualizado 3 anos atr\u00e1s"},"absolute_dates":{"created":"Publicado em 28 de julho de 2023","modified":"Atualizado em 28 de julho de 2023"},"absolute_dates_time":{"created":"Publicado em 28 de julho de 2023 12:26","modified":"Atualizado em 28 de julho de 2023 12:26"},"featured_img_caption":"","series_order":"","_links":{"self":[{"href":"https:\/\/sindaopcpb.org.br\/index.php\/wp-json\/wp\/v2\/posts\/27358","targetHints":{"allow":["GET"]}}],"collection":[{"href":"https:\/\/sindaopcpb.org.br\/index.php\/wp-json\/wp\/v2\/posts"}],"about":[{"href":"https:\/\/sindaopcpb.org.br\/index.php\/wp-json\/wp\/v2\/types\/post"}],"author":[{"embeddable":true,"href":"https:\/\/sindaopcpb.org.br\/index.php\/wp-json\/wp\/v2\/users\/50"}],"replies":[{"embeddable":true,"href":"https:\/\/sindaopcpb.org.br\/index.php\/wp-json\/wp\/v2\/comments?post=27358"}],"version-history":[{"count":1,"href":"https:\/\/sindaopcpb.org.br\/index.php\/wp-json\/wp\/v2\/posts\/27358\/revisions"}],"predecessor-version":[{"id":27359,"href":"https:\/\/sindaopcpb.org.br\/index.php\/wp-json\/wp\/v2\/posts\/27358\/revisions\/27359"}],"wp:attachment":[{"href":"https:\/\/sindaopcpb.org.br\/index.php\/wp-json\/wp\/v2\/media?parent=27358"}],"wp:term":[{"taxonomy":"category","embeddable":true,"href":"https:\/\/sindaopcpb.org.br\/index.php\/wp-json\/wp\/v2\/categories?post=27358"},{"taxonomy":"post_tag","embeddable":true,"href":"https:\/\/sindaopcpb.org.br\/index.php\/wp-json\/wp\/v2\/tags?post=27358"}],"curies":[{"name":"wp","href":"https:\/\/api.w.org\/{rel}","templated":true}]}}