{"id":27349,"date":"2023-07-28T11:56:45","date_gmt":"2023-07-28T14:56:45","guid":{"rendered":"https:\/\/g1.globo.com\/pb\/paraiba\/noticia\/2023\/07\/28\/imagineland-confira-mapa-do-evento-que-acontece-em-joao-pessoa-este-fim-de-semana.ghtml"},"modified":"2023-07-28T11:56:45","modified_gmt":"2023-07-28T14:56:45","slug":"imagineland-confira-mapa-do-evento-que-acontece-em-joao-pessoa-este-fim-de-semana","status":"publish","type":"post","link":"https:\/\/sindaopcpb.org.br\/index.php\/2023\/07\/28\/imagineland-confira-mapa-do-evento-que-acontece-em-joao-pessoa-este-fim-de-semana\/","title":{"rendered":"&#8216;Imagineland&#8217;: confira mapa do evento que acontece em Jo\u00e3o Pessoa este fim de semana"},"content":{"rendered":"   <img src=\"https:\/\/s2.glbimg.com\/MKpk95TvbDI3It_TdDx0Kk8ywFI=\/i.s3.glbimg.com\/v1\/AUTH_59edd422c0c84a879bd37670ae4f538a\/internal_photos\/bs\/2023\/2\/A\/B4c1o5S3OWYGsUSER7Zg\/imagineland.jpg\" \/><br \/>     Nomes como Seth Gilliam, Bibi Tatto, Fiuk, Gkay e Mauricio de Sousa devem passar pelo Centro de Conven\u00e7\u00f5es, em Jo\u00e3o Pessoa. Imagineland acontece este fim de semana, em Jo\u00e3o Pessoa\nMarcelo Lima\/Imagineland\nAcontece este fim de semana em Jo\u00e3o Pessoa o Imagineland, evento de cultura pop que re\u00fane nomes como Mauricio de Sousa, Gkay e atores de Arrow e The Walking Dead. O evento tem atividades no Centro de Conven\u00e7\u00f5es da capital paraibana, que teve a estrutura dividida em diversos espa\u00e7os (confira o mapa ao fim da mat\u00e9ria).\nLEIA TAMB\u00c9M:\nCAVALEIRO DAS TREVAS: Frank Miller \u00e9 uma das atra\u00e7\u00f5es\nFALE COMIGO: filme da A24 ter\u00e1 primeira exibi\u00e7\u00e3o do Brasil na PB\nCHAVES: Senhor Barriga vai estar no Imagineland\nTURMA DA M\u00d4NICA: Maur\u00edcio de Sousa tamb\u00e9m \u00e9 atra\u00e7\u00e3o\nDe acordo com a organiza\u00e7\u00e3o do evento, o Imagineland tem 150 horas de programa\u00e7\u00e3o e deve receber mais de 100 atra\u00e7\u00f5es de diversos segmentos, como cinema, s\u00e9ries, m\u00fasica e quadrinhos. A estrutura foi dividida em cinco polos com programa\u00e7\u00e3o simult\u00e2nea. \nNo Palco Centerplex Cinemas Pedra do Reino devem passar artistas internacionais, premi\u00e8res de filmes e atra\u00e7\u00f5es como Mauricio de Sousa, Frank Miller, Julie Caitlin Brown, David Ramsey, Edgar Vivar e Seth Gilliam, entre outros artistas.\nBryan Behr, uma das atra\u00e7\u00f5es do Imagineland em Jo\u00e3o Pessoa, Para\u00edba\nDivulga\u00e7\u00e3o\nJ\u00e1 o Palco Claro M\u00fasica ter\u00e1 as apresenta\u00e7\u00f5es \u201cUniversal Music Apresenta\u201d, com o cantor Bryan Behr, as cantoras Lou Garcia e Mar.iana e a rapper Budah; o rapper geek VMZ, al\u00e9m dos campeonatos de cosplay e K-Pop.\nO Palco Artists\u2019 Alley \u00e9 onde vai acontecer os bate-papos e aut\u00f3grafos com artistas de quadrinhos; a Arena Gamer \u00e9 o espa\u00e7o que concentra as finais da Liga Oster Games, com partidas de LOL, CS, al\u00e9m de outras atra\u00e7\u00f5es do mundo da tecnologia.\nImagineland ter\u00e1 competi\u00e7\u00f5es gamer em Jo\u00e3o Pessoa\nMarcelo Lima\/Imagineland\nE, por fim, o Palco Imagine The Future ter\u00e1 programa\u00e7\u00e3o destinada \u00e0 inova\u00e7\u00e3o, que vai receber alguns dos grandes nomes da \u00e1rea de tecnologia e empreendedorismo do Brasil como Joel Jota, Kak\u00e1 Diniz, Leandro Baran, Guga Stocco, Ros\u00e1lia Lucas, entre outros.\n\ud83d\udcf2 Compartilhe no WhatsApp\nImagineland\nPromovido pelas empresas Eleven Dragons, Spola, Non Stop, Ei Nerd e Fpass, com apoio do Governo da Para\u00edba e Prefeitura de Jo\u00e3o Pessoa, o Imagineland acontece nos dias 28, 29 e 30 de julho no Centro de Conven\u00e7\u00f5es de Jo\u00e3o Pessoa.\nEst\u00e3o previstas cerca de 150 horas de conte\u00fado nos tr\u00eas dias de evento, em meio a m\u00fasica, cinema, s\u00e9ries, inova\u00e7\u00e3o, tecnologia, neg\u00f3cios, k-pop, cosplay, talents, influencers e ainda as semifinais e finais, ao vivo, da Liga Osten Games, com times disputando as categorias \u2018League of Legends\u2019 e \u2018CS:GO\u2019.\nMaur\u00edcio de Sousa confirma participa\u00e7\u00e3o em evento de cultura pop na Para\u00edba\nO ingressos est\u00e3o dispon\u00edveis em quatro pontos de vendas presenciais em Jo\u00e3o Pessoa, com 15% de desconto, nos shoppings Mana\u00edra e Mangabeira, na Brasil Mostra Brasil (Centro de Conven\u00e7\u00f5es) e no Busto de Tamandar\u00e9. Os valores come\u00e7am em R$ 75.\nAs entradas tamb\u00e9m podem ser adquiridas pela internet, na plataforma oficial do evento.\nMapa do Imagineland, em Jo\u00e3o Pessoa, PB\nV\u00eddeos mais assistidos do g1 Para\u00edba  ","protected":false},"excerpt":{"rendered":"<p>        Nomes como Seth Gilliam, Bibi Tatto, Fiuk, Gkay e Mauricio de Sousa devem passar pelo Centro de Conven\u00e7\u00f5es, em Jo\u00e3o Pessoa. Imagineland acontece este fim de semana, em Jo\u00e3o Pessoa<br \/>\nMarcelo Lima\/Imagineland<br \/>\nAcontece este fim de semana em Jo\u00e3o Pes&#8230;<\/p>\n","protected":false},"author":2,"featured_media":0,"comment_status":"closed","ping_status":"closed","sticky":false,"template":"","format":"standard","meta":{"advgb_blocks_editor_width":"","advgb_blocks_columns_visual_guide":"","footnotes":""},"categories":[34],"tags":[35],"class_list":["post-27349","post","type-post","status-publish","format-standard","hentry","category-g1","tag-g1"],"author_meta":{"display_name":"g1 &gt; Para\u00edba","author_link":"https:\/\/sindaopcpb.org.br\/author\/g1-paraiba\/"},"featured_img":null,"coauthors":[],"tax_additional":{"categories":{"linked":["<a href=\"https:\/\/sindaopcpb.org.br\/g1\/\" class=\"advgb-post-tax-term\">G1<\/a>"],"unlinked":["<span class=\"advgb-post-tax-term\">G1<\/span>"]},"tags":{"linked":["<a href=\"https:\/\/sindaopcpb.org.br\/g1\/\" class=\"advgb-post-tax-term\">g1<\/a>"],"unlinked":["<span class=\"advgb-post-tax-term\">g1<\/span>"]}},"comment_count":"0","relative_dates":{"created":"Publicado 3 anos atr\u00e1s","modified":"Atualizado 3 anos atr\u00e1s"},"absolute_dates":{"created":"Publicado em 28 de julho de 2023","modified":"Atualizado em 28 de julho de 2023"},"absolute_dates_time":{"created":"Publicado em 28 de julho de 2023 11:56","modified":"Atualizado em 28 de julho de 2023 11:56"},"featured_img_caption":"","series_order":"","_links":{"self":[{"href":"https:\/\/sindaopcpb.org.br\/index.php\/wp-json\/wp\/v2\/posts\/27349","targetHints":{"allow":["GET"]}}],"collection":[{"href":"https:\/\/sindaopcpb.org.br\/index.php\/wp-json\/wp\/v2\/posts"}],"about":[{"href":"https:\/\/sindaopcpb.org.br\/index.php\/wp-json\/wp\/v2\/types\/post"}],"author":[{"embeddable":true,"href":"https:\/\/sindaopcpb.org.br\/index.php\/wp-json\/wp\/v2\/users\/2"}],"replies":[{"embeddable":true,"href":"https:\/\/sindaopcpb.org.br\/index.php\/wp-json\/wp\/v2\/comments?post=27349"}],"version-history":[{"count":1,"href":"https:\/\/sindaopcpb.org.br\/index.php\/wp-json\/wp\/v2\/posts\/27349\/revisions"}],"predecessor-version":[{"id":27350,"href":"https:\/\/sindaopcpb.org.br\/index.php\/wp-json\/wp\/v2\/posts\/27349\/revisions\/27350"}],"wp:attachment":[{"href":"https:\/\/sindaopcpb.org.br\/index.php\/wp-json\/wp\/v2\/media?parent=27349"}],"wp:term":[{"taxonomy":"category","embeddable":true,"href":"https:\/\/sindaopcpb.org.br\/index.php\/wp-json\/wp\/v2\/categories?post=27349"},{"taxonomy":"post_tag","embeddable":true,"href":"https:\/\/sindaopcpb.org.br\/index.php\/wp-json\/wp\/v2\/tags?post=27349"}],"curies":[{"name":"wp","href":"https:\/\/api.w.org\/{rel}","templated":true}]}}