{"id":27345,"date":"2023-07-28T12:40:25","date_gmt":"2023-07-28T15:40:25","guid":{"rendered":"https:\/\/g1.globo.com\/pb\/paraiba\/noticia\/2023\/07\/28\/justica-condena-hospital-por-liberar-vitima-de-acidente-de-transito-com-traumatismo-craniano-na-pb.ghtml"},"modified":"2023-07-28T12:40:25","modified_gmt":"2023-07-28T15:40:25","slug":"justica-condena-hospital-por-liberar-vitima-de-acidente-de-transito-com-traumatismo-craniano-na-pb","status":"publish","type":"post","link":"https:\/\/sindaopcpb.org.br\/index.php\/2023\/07\/28\/justica-condena-hospital-por-liberar-vitima-de-acidente-de-transito-com-traumatismo-craniano-na-pb\/","title":{"rendered":"Justi\u00e7a condena hospital por liberar v\u00edtima de acidente de tr\u00e2nsito com traumatismo craniano na PB"},"content":{"rendered":"   <img src=\"https:\/\/s2.glbimg.com\/dr90Jgo11AooVQ-6nVEm2lc3U1I=\/i.s3.glbimg.com\/v1\/AUTH_59edd422c0c84a879bd37670ae4f538a\/internal_photos\/bs\/2018\/u\/4\/k8kMOrQWWKTqRkRnfTxg\/hospital-de-trauma-de-joao-pessoa.jpg\" \/><br \/>     Segundo o processo, paciente teria sofrido um acidente de tr\u00e2nsito e foi liberado do Hospital de Trauma de Jo\u00e3o Pessoa com traumatismo craniano. Hospital de Emerg\u00eancia e Trauma de Jo\u00e3o Pessoa\nReprodu\u00e7\u00e3o\/TV Cabo Branco\nA Justi\u00e7a da Para\u00edba condenou o Hospital de Emerg\u00eancia e Trauma de Jo\u00e3o Pessoa por danos morais contra um paciente que foi liberado mesmo apresentando diagn\u00f3stico de traumatismo craniano. Segundo a decis\u00e3o, o Estado da Para\u00edba deve pagar R$ 15 mil ao homem.\nCompartilhe esta not\u00edcia no WhatsApp\nCompartilhe esta not\u00edcia no Telegram\nDe acordo com o processo, o homem sofreu um acidente de tr\u00e2nsito em janeiro de 2016, em Bananeiras, no Brejo paraibano, e foi socorrido pelo Samu para o Hospital de Trauma de Jo\u00e3o Pessoa. Na unidade, ele passou horas aguardando para ser atendido e foi orientado a tomar um banho. Depois, exames de Raio-X de t\u00f3rax e coluna cervical foram realizados, mas a regi\u00e3o da cabe\u00e7a da v\u00edtima n\u00e3o teria sido examinada.\nO paciente foi diagnosticado com traumatismo craniano leve e recebeu alta hospitalar no dia seguinte ao acidente. Ao voltar para casa, ele desmaiou e foi encaminhado ao Hospital de Trauma de Campina Grande, no Agreste da Para\u00edba, onde foi diagnosticado com traumatismo craniano grave e passou por cirurgia de urg\u00eancia.\nAinda de acordo com o processo, o homem teria ficado internado v\u00e1rios dias na Unidade de Terapia Intensiva (UTI) do Trauma de Campina Grande. Depois do epis\u00f3dio ele entrou na Justi\u00e7a com um pedido de indeniza\u00e7\u00e3o por danos morais.\nNo processo, a defesa do Estado alega que n\u00e3o foram realizados exames periciais, e pede a anula\u00e7\u00e3o da senten\u00e7a. Por outro lado, a Justi\u00e7a evidenciou a responsabilidade exclusiva do Estado pelo sofrimento causado ao paciente.\n\"Verifica-se de forma clara a neglig\u00eancia no atendimento m\u00e9dico prestado ao promovente, bem como o dano \u00e0 sua sa\u00fade, correspondente ao risco de vida por ter recebido alta m\u00e9dica precoce, al\u00e9m do diagn\u00f3stico equivocado\", reitera a decis\u00e3o.\nO g1 entrou em contato com a Secretaria de Estado da Sa\u00fade (SES) para obter respostas sobre o caso e aguarda retorno.\nV\u00eddeos mais assistidos do g1 Para\u00edba  ","protected":false},"excerpt":{"rendered":"<p>        Segundo o processo, paciente teria sofrido um acidente de tr\u00e2nsito e foi liberado do Hospital de Trauma de Jo\u00e3o Pessoa com traumatismo craniano. Hospital de Emerg\u00eancia e Trauma de Jo\u00e3o Pessoa<br \/>\nReprodu\u00e7\u00e3o\/TV Cabo Branco<br \/>\nA Justi\u00e7a da Para\u00edba conde&#8230;<\/p>\n","protected":false},"author":2,"featured_media":0,"comment_status":"closed","ping_status":"closed","sticky":false,"template":"","format":"standard","meta":{"advgb_blocks_editor_width":"","advgb_blocks_columns_visual_guide":"","footnotes":""},"categories":[34],"tags":[35],"class_list":["post-27345","post","type-post","status-publish","format-standard","hentry","category-g1","tag-g1"],"author_meta":{"display_name":"g1 &gt; Para\u00edba","author_link":"https:\/\/sindaopcpb.org.br\/author\/g1-paraiba\/"},"featured_img":null,"coauthors":[],"tax_additional":{"categories":{"linked":["<a href=\"https:\/\/sindaopcpb.org.br\/g1\/\" class=\"advgb-post-tax-term\">G1<\/a>"],"unlinked":["<span class=\"advgb-post-tax-term\">G1<\/span>"]},"tags":{"linked":["<a href=\"https:\/\/sindaopcpb.org.br\/g1\/\" class=\"advgb-post-tax-term\">g1<\/a>"],"unlinked":["<span class=\"advgb-post-tax-term\">g1<\/span>"]}},"comment_count":"0","relative_dates":{"created":"Publicado 3 anos atr\u00e1s","modified":"Atualizado 3 anos atr\u00e1s"},"absolute_dates":{"created":"Publicado em 28 de julho de 2023","modified":"Atualizado em 28 de julho de 2023"},"absolute_dates_time":{"created":"Publicado em 28 de julho de 2023 12:40","modified":"Atualizado em 28 de julho de 2023 12:40"},"featured_img_caption":"","series_order":"","_links":{"self":[{"href":"https:\/\/sindaopcpb.org.br\/index.php\/wp-json\/wp\/v2\/posts\/27345","targetHints":{"allow":["GET"]}}],"collection":[{"href":"https:\/\/sindaopcpb.org.br\/index.php\/wp-json\/wp\/v2\/posts"}],"about":[{"href":"https:\/\/sindaopcpb.org.br\/index.php\/wp-json\/wp\/v2\/types\/post"}],"author":[{"embeddable":true,"href":"https:\/\/sindaopcpb.org.br\/index.php\/wp-json\/wp\/v2\/users\/2"}],"replies":[{"embeddable":true,"href":"https:\/\/sindaopcpb.org.br\/index.php\/wp-json\/wp\/v2\/comments?post=27345"}],"version-history":[{"count":1,"href":"https:\/\/sindaopcpb.org.br\/index.php\/wp-json\/wp\/v2\/posts\/27345\/revisions"}],"predecessor-version":[{"id":27346,"href":"https:\/\/sindaopcpb.org.br\/index.php\/wp-json\/wp\/v2\/posts\/27345\/revisions\/27346"}],"wp:attachment":[{"href":"https:\/\/sindaopcpb.org.br\/index.php\/wp-json\/wp\/v2\/media?parent=27345"}],"wp:term":[{"taxonomy":"category","embeddable":true,"href":"https:\/\/sindaopcpb.org.br\/index.php\/wp-json\/wp\/v2\/categories?post=27345"},{"taxonomy":"post_tag","embeddable":true,"href":"https:\/\/sindaopcpb.org.br\/index.php\/wp-json\/wp\/v2\/tags?post=27345"}],"curies":[{"name":"wp","href":"https:\/\/api.w.org\/{rel}","templated":true}]}}