{"id":27327,"date":"2023-07-28T10:54:32","date_gmt":"2023-07-28T13:54:32","guid":{"rendered":"https:\/\/wpa.wscom.com.br\/?p=914362"},"modified":"2023-07-28T10:54:32","modified_gmt":"2023-07-28T13:54:32","slug":"adriano-galdino-participa-de-audiencia-do-ode-em-pedras-de-fogo","status":"publish","type":"post","link":"https:\/\/sindaopcpb.org.br\/index.php\/2023\/07\/28\/adriano-galdino-participa-de-audiencia-do-ode-em-pedras-de-fogo\/","title":{"rendered":"Adriano Galdino participa de audi\u00eancia do ODE em Pedras de Fogo"},"content":{"rendered":"<p>O presidente da Assembleia Legislativa da Para\u00edba (ALPB), Adriano Galdino, participou, nesta quinta-feira (27), de mais uma audi\u00eancia do Or\u00e7amento Democr\u00e1tico Estadual (ODE), que aconteceu na cidade de Pedras de Fogo.<\/p>\n<p>Adriano avaliou a audi\u00eancia como uma oportunidade de \u00edmpar de a popula\u00e7\u00e3o das mais variadas regi\u00f5es do estado apresentarem suas demandas pessoalmente ao governador do Estado, Jo\u00e3o Azev\u00eado.<\/p>\n<p>&#8220;Aqui, a popula\u00e7\u00e3o fala diretamente com o chefe do Executivo estadual e faz as solicita\u00e7\u00f5es que s\u00e3o relevantes para as suas necessidades. Eles falam direto com o governador. \u00c9 uma oportunidade \u00fanica e, acima de tudo, democr\u00e1tica&#8221;, frisou.<\/p>\n<p>Para Adriano, \u00e9 fundamental que o Legislativo se fa\u00e7a presente, identificando as necessidades da popula\u00e7\u00e3o de cada munic\u00edpio e colaborando com o Executivo na melhoria da qualidade de vida dos paraibanos, inclusive, atrav\u00e9s da destina\u00e7\u00e3o de Emendas.<\/p>\n<p>&#8220;Durante as audi\u00eancias, \u00a0os deputados, eleitos como representantes do povo, t\u00eam acesso \u00e0s demandas mais urgentes da popula\u00e7\u00e3o e por meio das Emendas Impositivas, conquistadas pelo parlamento durante o primeiro mandato de Jo\u00e3o, \u00a0a Assembleia pode colaborar ainda mais na constru\u00e7\u00e3o de uma Para\u00edba melhor e mais justa para todos&#8221;, declarou Adriano.<\/p>\n<p>O post <a rel=\"nofollow noopener\" href=\"https:\/\/wscom.com.br\/adriano-galdino-participa-de-audiencia-do-ode-em-pedras-de-fogo\/\" target=\"_blank\">Adriano Galdino participa de audi\u00eancia do ODE em Pedras de Fogo<\/a> apareceu primeiro em <a rel=\"nofollow noopener\" href=\"https:\/\/wscom.com.br\/\" target=\"_blank\">WSCOM<\/a>.<\/p>\n","protected":false},"excerpt":{"rendered":"<p>O presidente da Assembleia Legislativa da Para\u00edba (ALPB), Adriano Galdino, participou, nesta quinta-feira (27), de mais uma audi\u00eancia do Or\u00e7amento Democr\u00e1tico Estadual (ODE), que aconteceu na cidade de Pedras de Fogo. Adriano avaliou a audi\u00eancia como uma oportunidade de \u00edmpar de a popula\u00e7\u00e3o das mais variadas regi\u00f5es do estado apresentarem suas demandas pessoalmente ao governador [\u2026]<\/p>\n<p>O post <a rel=\"nofollow\" href=\"https:\/\/wscom.com.br\/adriano-galdino-participa-de-audiencia-do-ode-em-pedras-de-fogo\/\">Adriano Galdino participa de audi\u00eancia do ODE em Pedras de Fogo<\/a> apareceu primeiro em <a rel=\"nofollow\" href=\"https:\/\/wscom.com.br\/\">WSCOM<\/a>.<\/p>\n","protected":false},"author":50,"featured_media":0,"comment_status":"closed","ping_status":"closed","sticky":false,"template":"","format":"standard","meta":{"advgb_blocks_editor_width":"","advgb_blocks_columns_visual_guide":"","footnotes":""},"categories":[2386,34,547,4973,6613,47],"tags":[35],"class_list":["post-27327","post","type-post","status-publish","format-standard","hentry","category-fogo","category-g1","category-galdino","category-ode","category-pedras","category-politica","tag-g1"],"author_meta":{"display_name":"Wallyson","author_link":"https:\/\/sindaopcpb.org.br\/author\/wallyson\/"},"featured_img":null,"coauthors":[],"tax_additional":{"categories":{"linked":["<a href=\"https:\/\/sindaopcpb.org.br\/fogo\/\" class=\"advgb-post-tax-term\">fogo<\/a>","<a href=\"https:\/\/sindaopcpb.org.br\/g1\/\" class=\"advgb-post-tax-term\">G1<\/a>","<a href=\"https:\/\/sindaopcpb.org.br\/galdino\/\" class=\"advgb-post-tax-term\">Galdino<\/a>","<a href=\"https:\/\/sindaopcpb.org.br\/ode\/\" class=\"advgb-post-tax-term\">ode<\/a>","<a href=\"https:\/\/sindaopcpb.org.br\/pedras\/\" class=\"advgb-post-tax-term\">pedras<\/a>","<a href=\"https:\/\/sindaopcpb.org.br\/politica\/\" class=\"advgb-post-tax-term\">POLITICA<\/a>"],"unlinked":["<span class=\"advgb-post-tax-term\">fogo<\/span>","<span class=\"advgb-post-tax-term\">G1<\/span>","<span class=\"advgb-post-tax-term\">Galdino<\/span>","<span class=\"advgb-post-tax-term\">ode<\/span>","<span class=\"advgb-post-tax-term\">pedras<\/span>","<span class=\"advgb-post-tax-term\">POLITICA<\/span>"]},"tags":{"linked":["<a href=\"https:\/\/sindaopcpb.org.br\/politica\/\" class=\"advgb-post-tax-term\">g1<\/a>"],"unlinked":["<span class=\"advgb-post-tax-term\">g1<\/span>"]}},"comment_count":"0","relative_dates":{"created":"Publicado 3 anos atr\u00e1s","modified":"Atualizado 3 anos atr\u00e1s"},"absolute_dates":{"created":"Publicado em 28 de julho de 2023","modified":"Atualizado em 28 de julho de 2023"},"absolute_dates_time":{"created":"Publicado em 28 de julho de 2023 10:54","modified":"Atualizado em 28 de julho de 2023 10:54"},"featured_img_caption":"","series_order":"","_links":{"self":[{"href":"https:\/\/sindaopcpb.org.br\/index.php\/wp-json\/wp\/v2\/posts\/27327","targetHints":{"allow":["GET"]}}],"collection":[{"href":"https:\/\/sindaopcpb.org.br\/index.php\/wp-json\/wp\/v2\/posts"}],"about":[{"href":"https:\/\/sindaopcpb.org.br\/index.php\/wp-json\/wp\/v2\/types\/post"}],"author":[{"embeddable":true,"href":"https:\/\/sindaopcpb.org.br\/index.php\/wp-json\/wp\/v2\/users\/50"}],"replies":[{"embeddable":true,"href":"https:\/\/sindaopcpb.org.br\/index.php\/wp-json\/wp\/v2\/comments?post=27327"}],"version-history":[{"count":1,"href":"https:\/\/sindaopcpb.org.br\/index.php\/wp-json\/wp\/v2\/posts\/27327\/revisions"}],"predecessor-version":[{"id":27328,"href":"https:\/\/sindaopcpb.org.br\/index.php\/wp-json\/wp\/v2\/posts\/27327\/revisions\/27328"}],"wp:attachment":[{"href":"https:\/\/sindaopcpb.org.br\/index.php\/wp-json\/wp\/v2\/media?parent=27327"}],"wp:term":[{"taxonomy":"category","embeddable":true,"href":"https:\/\/sindaopcpb.org.br\/index.php\/wp-json\/wp\/v2\/categories?post=27327"},{"taxonomy":"post_tag","embeddable":true,"href":"https:\/\/sindaopcpb.org.br\/index.php\/wp-json\/wp\/v2\/tags?post=27327"}],"curies":[{"name":"wp","href":"https:\/\/api.w.org\/{rel}","templated":true}]}}