{"id":27319,"date":"2023-07-28T10:46:00","date_gmt":"2023-07-28T13:46:00","guid":{"rendered":"https:\/\/www.infomoney.com.br\/?p=2199385"},"modified":"2023-07-28T10:46:00","modified_gmt":"2023-07-28T13:46:00","slug":"pochmann-ja-criticou-pix-e-queria-aliquota-de-60-para-o-ir","status":"publish","type":"post","link":"https:\/\/sindaopcpb.org.br\/index.php\/2023\/07\/28\/pochmann-ja-criticou-pix-e-queria-aliquota-de-60-para-o-ir\/","title":{"rendered":"Pochmann j\u00e1 criticou Pix e queria al\u00edquota de 60% para o IR"},"content":{"rendered":"<p><img loading=\"lazy\" width=\"300\" height=\"224\" src=\"https:\/\/www.infomoney.com.br\/wp-content\/uploads\/2019\/06\/marcio-pochmann.jpg?fit=300%2C224&amp;quality=70&amp;strip=all\" class=\"attachment-medium size-medium wp-post-image\" alt=\"\" decoding=\"async\" style=\"float:right; margin:0 0 10px 10px;\" srcset=\"https:\/\/www.infomoney.com.br\/wp-content\/uploads\/2019\/06\/marcio-pochmann.jpg?w=455&amp;quality=70&amp;strip=all 455w, https:\/\/www.infomoney.com.br\/wp-content\/uploads\/2019\/06\/marcio-pochmann.jpg?w=300&amp;quality=70&amp;strip=all 300w, https:\/\/www.infomoney.com.br\/wp-content\/uploads\/2019\/06\/marcio-pochmann.jpg?w=150&amp;quality=70&amp;strip=all 150w\" sizes=\"auto, (max-width: 300px) 100vw, 300px\" data-attachment-id=\"53473\" data-permalink=\"https:\/\/www.infomoney.com.br\/marcio-pochmann\/\" data-orig-file=\"https:\/\/www.infomoney.com.br\/wp-content\/uploads\/2019\/06\/marcio-pochmann.jpg?fit=455%2C340&amp;quality=70&amp;strip=all\" data-orig-size=\"455,340\" data-comments-opened=\"1\" data-image-meta=\"{&quot;aperture&quot;:&quot;0&quot;,&quot;credit&quot;:&quot;&quot;,&quot;camera&quot;:&quot;&quot;,&quot;caption&quot;:&quot;&quot;,&quot;created_timestamp&quot;:&quot;0&quot;,&quot;copyright&quot;:&quot;&quot;,&quot;focal_length&quot;:&quot;0&quot;,&quot;iso&quot;:&quot;0&quot;,&quot;shutter_speed&quot;:&quot;0&quot;,&quot;title&quot;:&quot;&quot;,&quot;orientation&quot;:&quot;0&quot;}\" data-image-title=\"marcio-pochmann\" data-image-description=\"\" data-image-caption=\"\" data-medium-file=\"https:\/\/www.infomoney.com.br\/wp-content\/uploads\/2019\/06\/marcio-pochmann.jpg?fit=300%2C224&amp;quality=70&amp;strip=all\" data-large-file=\"https:\/\/www.infomoney.com.br\/wp-content\/uploads\/2019\/06\/marcio-pochmann.jpg?fit=455%2C340&amp;quality=70&amp;strip=all\" title=\"\"><\/p>\n<p>Al\u00e9m de uma atua\u00e7\u00e3o contestada como presidente do Instituto de Pesquisa Econ\u00f4mica Aplicada (Ipea), o economista Marcio Pochmann, indicado agora para assumir o comando do Instituto Brasileiro de Geografia e Estat\u00edstica (IBGE), acumula opini\u00f5es controversas.<\/p>\n<p>Pochmann, por exemplo, j\u00e1 criticou o Pix, meio de pagamento instant\u00e2neo criado pelo Banco Central &#8211; que, seis meses depois do seu lan\u00e7amento, j\u00e1 tinha ultrapassado o volume de transa\u00e7\u00f5es da TED e do DOC no Pa\u00eds. Em 13 de outubro de 2020, o economista publicou no Twitter que, com o Pix, o BC dava &#8220;mais um passo na via neocolonial&#8221;. &#8220;Na sequ\u00eancia, vem a abertura financeira escancarada com o real digital e a sua conversibilidade ao d\u00f3lar. Condi\u00e7\u00e3o perfeita ao protetorado dos EUA&#8221;, escreveu ele.<\/p>\n<p>Durante o seu mandato \u00e0 frente do Ipea, entre 2007 e 2012, Pochmann defendeu uma reforma tribut\u00e1ria que acabasse com o PIS e a Cofins, dois tributos federais que incidem sobre o consumo, e que criasse um sistema para o Imposto de Renda com 12 faixas de cobran\u00e7a &#8211; em vez das duas existentes \u00e0 \u00e9poca. O modelo previa a cobran\u00e7a de uma al\u00edquota de 60% para quem tinha renda superior a R$ 50 mil mensais. Al\u00e9m disso, ele disse que deveria haver a cobran\u00e7a de 1% de imposto sobre grandes fortunas.<\/p>\n<h2><b>Explora\u00e7\u00e3o do espa\u00e7o<\/b><\/h2>\n<p>Em entrevista \u00e0 ag\u00eancia Reuters em setembro de 2021, Pochmann afirmou que o Brasil deveria apostar na gera\u00e7\u00e3o de riqueza em frentes \u00e0s quais dedica pouca ou nenhuma aten\u00e7\u00e3o, come\u00e7ando pela explora\u00e7\u00e3o do &#8220;espa\u00e7o sideral&#8221;.<\/p>\n<p>&#8220;Brasil n\u00e3o tem GPS. Como podemos dizer que Brasil \u00e9 pa\u00eds aut\u00f4nomo quando todo seu sistema de informa\u00e7\u00e3o e comunica\u00e7\u00e3o vinculado ao espa\u00e7o sideral, portanto \u00e0 internet, depende de empresas que n\u00e3o s\u00e3o brasileiras?&#8221;, afirmou.<\/p>\n<p>Na mesma entrevista, Pochmann criticou a concentra\u00e7\u00e3o do debate econ\u00f4mico \u00e0 \u00e9poca em temas como a manuten\u00e7\u00e3o ou n\u00e3o do teto de gastos e a alta da infla\u00e7\u00e3o. &#8220;N\u00e3o quero menosprezar o problema da infla\u00e7\u00e3o, sobretudo num Pa\u00eds como o nosso. Mas estabilizemos a infla\u00e7\u00e3o, e da\u00ed? O que acontecer\u00e1? Espontaneamente, vir\u00e3o os investimentos? De onde? Em que setores?&#8221;, questionou.<\/p>\n<p>No m\u00eas passado, Pochmann usou as redes sociais para criticar as reformas trabalhista e previdenci\u00e1ria. Segundo ele, as mudan\u00e7as nas leis e o &#8220;fiscalismo&#8221; colapsaram o Fundo de Amparo ao Trabalhador (FAT).<\/p>\n<p>The post <a rel=\"nofollow noopener\" href=\"https:\/\/www.infomoney.com.br\/politica\/pochmann-ja-criticou-pix-e-queria-aliquota-de-60-para-o-ir\/\" target=\"_blank\">Pochmann j\u00e1 criticou Pix e queria al\u00edquota de 60% para o IR<\/a> appeared first on <a rel=\"nofollow noopener\" href=\"https:\/\/www.infomoney.com.br\/\" target=\"_blank\">InfoMoney<\/a>.<\/p>\n","protected":false},"excerpt":{"rendered":"<p><img loading=\"lazy\" decoding=\"async\" width=\"300\" height=\"224\" src=\"https:\/\/www.infomoney.com.br\/wp-content\/uploads\/2019\/06\/marcio-pochmann.jpg?fit=300%2C224&amp;quality=70&amp;strip=all\" class=\"attachment-medium size-medium wp-post-image\" alt=\"\" data-attachment-id=\"53473\" data-permalink=\"https:\/\/www.infomoney.com.br\/marcio-pochmann\/\" data-orig-file=\"https:\/\/www.infomoney.com.br\/wp-content\/uploads\/2019\/06\/marcio-pochmann.jpg?fit=455%2C340&amp;quality=70&amp;strip=all\" data-orig-size=\"455,340\" data-comments-opened=\"1\" data-image-meta='{\"aperture\":\"0\",\"credit\":\"\",\"camera\":\"\",\"caption\":\"\",\"created_timestamp\":\"0\",\"copyright\":\"\",\"focal_length\":\"0\",\"iso\":\"0\",\"shutter_speed\":\"0\",\"title\":\"\",\"orientation\":\"0\"}' data-image-title=\"marcio-pochmann\" data-image-description=\"\" data-image-caption=\"\" data-medium-file=\"https:\/\/www.infomoney.com.br\/wp-content\/uploads\/2019\/06\/marcio-pochmann.jpg?fit=300%2C224&amp;quality=70&amp;strip=all\" data-large-file=\"https:\/\/www.infomoney.com.br\/wp-content\/uploads\/2019\/06\/marcio-pochmann.jpg?fit=455%2C340&amp;quality=70&amp;strip=all\">Durante o seu mandato \u00e0 frente do Ipea, entre 2007 e 2012, economista defendeu uma reforma tribut\u00e1ria que acabasse com o PIS e a Cofins<\/p>\n<p>The post <a rel=\"nofollow\" href=\"https:\/\/www.infomoney.com.br\/politica\/pochmann-ja-criticou-pix-e-queria-aliquota-de-60-para-o-ir\/\">Pochmann j\u00e1 criticou Pix e queria al\u00edquota de 60% para o IR<\/a> appeared first on <a rel=\"nofollow\" href=\"https:\/\/www.infomoney.com.br\/\">InfoMoney<\/a>.<\/p>\n","protected":false},"author":43,"featured_media":0,"comment_status":"closed","ping_status":"closed","sticky":false,"template":"","format":"standard","meta":{"advgb_blocks_editor_width":"","advgb_blocks_columns_visual_guide":"","footnotes":""},"categories":[34,600,1053,6973,1809,47],"tags":[35],"class_list":["post-27319","post","type-post","status-publish","format-standard","hentry","category-g1","category-ibge","category-imposto-de-renda","category-marcio-pochmann","category-pix","category-politica","tag-g1"],"author_meta":{"display_name":"Estad\u00e3o Conte\u00fado","author_link":"https:\/\/sindaopcpb.org.br\/author\/estadao-conteudo\/"},"featured_img":null,"coauthors":[],"tax_additional":{"categories":{"linked":["<a href=\"https:\/\/sindaopcpb.org.br\/g1\/\" class=\"advgb-post-tax-term\">G1<\/a>","<a href=\"https:\/\/sindaopcpb.org.br\/ibge\/\" class=\"advgb-post-tax-term\">IBGE<\/a>","<a href=\"https:\/\/sindaopcpb.org.br\/imposto-de-renda\/\" class=\"advgb-post-tax-term\">Imposto de Renda<\/a>","<a href=\"https:\/\/sindaopcpb.org.br\/marcio-pochmann\/\" class=\"advgb-post-tax-term\">M\u00e1rcio Pochmann<\/a>","<a href=\"https:\/\/sindaopcpb.org.br\/pix\/\" class=\"advgb-post-tax-term\">Pix<\/a>","<a href=\"https:\/\/sindaopcpb.org.br\/politica\/\" class=\"advgb-post-tax-term\">POLITICA<\/a>"],"unlinked":["<span class=\"advgb-post-tax-term\">G1<\/span>","<span class=\"advgb-post-tax-term\">IBGE<\/span>","<span class=\"advgb-post-tax-term\">Imposto de Renda<\/span>","<span class=\"advgb-post-tax-term\">M\u00e1rcio Pochmann<\/span>","<span class=\"advgb-post-tax-term\">Pix<\/span>","<span class=\"advgb-post-tax-term\">POLITICA<\/span>"]},"tags":{"linked":["<a href=\"https:\/\/sindaopcpb.org.br\/politica\/\" class=\"advgb-post-tax-term\">g1<\/a>"],"unlinked":["<span class=\"advgb-post-tax-term\">g1<\/span>"]}},"comment_count":"0","relative_dates":{"created":"Publicado 3 anos atr\u00e1s","modified":"Atualizado 3 anos atr\u00e1s"},"absolute_dates":{"created":"Publicado em 28 de julho de 2023","modified":"Atualizado em 28 de julho de 2023"},"absolute_dates_time":{"created":"Publicado em 28 de julho de 2023 10:46","modified":"Atualizado em 28 de julho de 2023 10:46"},"featured_img_caption":"","series_order":"","_links":{"self":[{"href":"https:\/\/sindaopcpb.org.br\/index.php\/wp-json\/wp\/v2\/posts\/27319","targetHints":{"allow":["GET"]}}],"collection":[{"href":"https:\/\/sindaopcpb.org.br\/index.php\/wp-json\/wp\/v2\/posts"}],"about":[{"href":"https:\/\/sindaopcpb.org.br\/index.php\/wp-json\/wp\/v2\/types\/post"}],"author":[{"embeddable":true,"href":"https:\/\/sindaopcpb.org.br\/index.php\/wp-json\/wp\/v2\/users\/43"}],"replies":[{"embeddable":true,"href":"https:\/\/sindaopcpb.org.br\/index.php\/wp-json\/wp\/v2\/comments?post=27319"}],"version-history":[{"count":1,"href":"https:\/\/sindaopcpb.org.br\/index.php\/wp-json\/wp\/v2\/posts\/27319\/revisions"}],"predecessor-version":[{"id":27320,"href":"https:\/\/sindaopcpb.org.br\/index.php\/wp-json\/wp\/v2\/posts\/27319\/revisions\/27320"}],"wp:attachment":[{"href":"https:\/\/sindaopcpb.org.br\/index.php\/wp-json\/wp\/v2\/media?parent=27319"}],"wp:term":[{"taxonomy":"category","embeddable":true,"href":"https:\/\/sindaopcpb.org.br\/index.php\/wp-json\/wp\/v2\/categories?post=27319"},{"taxonomy":"post_tag","embeddable":true,"href":"https:\/\/sindaopcpb.org.br\/index.php\/wp-json\/wp\/v2\/tags?post=27319"}],"curies":[{"name":"wp","href":"https:\/\/api.w.org\/{rel}","templated":true}]}}