{"id":27311,"date":"2023-07-28T09:30:00","date_gmt":"2023-07-28T12:30:00","guid":{"rendered":"https:\/\/www.infomoney.com.br\/?p=2199384"},"modified":"2023-07-28T09:30:00","modified_gmt":"2023-07-28T12:30:00","slug":"acoes-de-pochmann-no-ipea-vao-de-concurso-enviesado-a-expurgos","status":"publish","type":"post","link":"https:\/\/sindaopcpb.org.br\/index.php\/2023\/07\/28\/acoes-de-pochmann-no-ipea-vao-de-concurso-enviesado-a-expurgos\/","title":{"rendered":"A\u00e7\u00f5es de Pochmann no Ipea v\u00e3o de concurso enviesado a expurgos"},"content":{"rendered":"<p><img loading=\"lazy\" width=\"300\" height=\"224\" src=\"https:\/\/www.infomoney.com.br\/wp-content\/uploads\/2019\/06\/marcio-pochmann.jpg?fit=300%2C224&amp;quality=70&amp;strip=all\" class=\"attachment-medium size-medium wp-post-image\" alt=\"\" decoding=\"async\" style=\"float:right; margin:0 0 10px 10px;\" srcset=\"https:\/\/www.infomoney.com.br\/wp-content\/uploads\/2019\/06\/marcio-pochmann.jpg?w=455&amp;quality=70&amp;strip=all 455w, https:\/\/www.infomoney.com.br\/wp-content\/uploads\/2019\/06\/marcio-pochmann.jpg?w=300&amp;quality=70&amp;strip=all 300w, https:\/\/www.infomoney.com.br\/wp-content\/uploads\/2019\/06\/marcio-pochmann.jpg?w=150&amp;quality=70&amp;strip=all 150w\" sizes=\"auto, (max-width: 300px) 100vw, 300px\" data-attachment-id=\"53473\" data-permalink=\"https:\/\/www.infomoney.com.br\/marcio-pochmann\/\" data-orig-file=\"https:\/\/www.infomoney.com.br\/wp-content\/uploads\/2019\/06\/marcio-pochmann.jpg?fit=455%2C340&amp;quality=70&amp;strip=all\" data-orig-size=\"455,340\" data-comments-opened=\"1\" data-image-meta=\"{&quot;aperture&quot;:&quot;0&quot;,&quot;credit&quot;:&quot;&quot;,&quot;camera&quot;:&quot;&quot;,&quot;caption&quot;:&quot;&quot;,&quot;created_timestamp&quot;:&quot;0&quot;,&quot;copyright&quot;:&quot;&quot;,&quot;focal_length&quot;:&quot;0&quot;,&quot;iso&quot;:&quot;0&quot;,&quot;shutter_speed&quot;:&quot;0&quot;,&quot;title&quot;:&quot;&quot;,&quot;orientation&quot;:&quot;0&quot;}\" data-image-title=\"marcio-pochmann\" data-image-description=\"\" data-image-caption=\"\" data-medium-file=\"https:\/\/www.infomoney.com.br\/wp-content\/uploads\/2019\/06\/marcio-pochmann.jpg?fit=300%2C224&amp;quality=70&amp;strip=all\" data-large-file=\"https:\/\/www.infomoney.com.br\/wp-content\/uploads\/2019\/06\/marcio-pochmann.jpg?fit=455%2C340&amp;quality=70&amp;strip=all\" title=\"\"><\/p>\n<p>Havia poucos meses que Marcio Pochmann tinha assumido o comando do Instituto de Pesquisa Econ\u00f4mica Aplicada (Ipea), em 2007, quando o economista Paulo Tafner, ent\u00e3o chefe da \u00e1rea de previd\u00eancia do instituto, foi informado de que seriam congeladas novas bolsas de pesquisa para a sua \u00e1rea.<\/p>\n<p>&#8220;Ele disse que os contratos que fossem encerrados n\u00e3o seriam mais repostos, me olhou nos olhos e disse: &#8216;Restri\u00e7\u00e3o or\u00e7ament\u00e1ria, voc\u00ea sabe bem o que \u00e9 isso, n\u00e3o \u00e9?&#8217;&#8221;, lembra Tafner. &#8220;Curioso que o or\u00e7amento do Ipea dobrou na gest\u00e3o dele.&#8221;<\/p>\n<p>Tafner, refer\u00eancia nos estudos de previd\u00eancia, foi testemunha da mudan\u00e7a que Pochmann promoveu no Ipea naqueles anos: expurgos, projetos extintos por inani\u00e7\u00e3o e textos cr\u00edticos \u00e0s pol\u00edticas do governo que &#8220;dormiam&#8221; nas gavetas. &#8220;Os TDs (textos para discuss\u00e3o) simp\u00e1ticos sa\u00edam em dias&#8221;, lembra.<\/p>\n<p>Pochmann chegou ao Ipea pelas m\u00e3os do ent\u00e3o ministro Guido Mantega ap\u00f3s a queda de Antonio Palocci, no governo Lula 1. O ent\u00e3o presidente do instituto era Glauco Arbix, que conservou linhas de pesquisa que eram interpretadas pelo governo como &#8220;neoliberais&#8221;.<\/p>\n<h2><b>Na gaveta<\/b><\/h2>\n<p>&#8220;O Estado de uma na\u00e7\u00e3o&#8221;, coordenada por Tafner, foi engavetada no meio da produ\u00e7\u00e3o da terceira edi\u00e7\u00e3o, quando abordaria o tema da efici\u00eancia da m\u00e1quina estatal. Outra v\u00edtima foi o Boletim de Conjuntura Econ\u00f4mica, publica\u00e7\u00e3o trimestral que era comandada por Fabio Giambiagi, economista do BNDES cedido ao Ipea, e que foi reduzida sob Pochmann com o argumento de que a an\u00e1lise do cen\u00e1rio econ\u00f4mico j\u00e1 era feita por diferentes casas financeiras e que n\u00e3o era mais necess\u00e1rio o esfor\u00e7o do \u00f3rg\u00e3o de pesquisa.<\/p>\n<p>Al\u00e9m dele, outros tr\u00eas economistas j\u00e1 aposentados e que trabalhavam no Ipea foram expurgados do \u00f3rg\u00e3o logo na chegada de Pochmann: o macroeconomista Regis Bonelli, estudioso dos temas da produtividade; Gerv\u00e1sio Rezende, especialista em economia agr\u00edcola; e Ot\u00e1vio Tourinho. Todos &#8220;neoliberais&#8221;, segundo a classifica\u00e7\u00e3o que levaram \u00e0 \u00e9poca.<\/p>\n<p>Em compensa\u00e7\u00e3o, outras \u00e1reas ganharam relevo, como os estudos das Institui\u00e7\u00f5es e da Democracia, voltados a temas da ci\u00eancia pol\u00edtica e que, em 2009, ganhariam uma diretoria no \u00f3rg\u00e3o de pesquisa econ\u00f4mica.<\/p>\n<p>Um ano ap\u00f3s desembarcar no Ipea, Pochmann fez o maior concurso de que se tem not\u00edcia no instituto. Foram selecionados 62 t\u00e9cnicos de pesquisa de forma\u00e7\u00e3o que escapavam \u00e0 economia cl\u00e1ssica, e inclu\u00edam cientistas sociais e soci\u00f3logos &#8211; o que mudaria o perfil da corpora\u00e7\u00e3o, com efeitos que perduram at\u00e9 hoje.<\/p>\n<p>Outros ex-integrantes do \u00f3rg\u00e3o, que preferem o anonimato, lembram que o concurso aboliu quest\u00f5es econ\u00f4micas e se mostrou enviesado para temas afeitos \u00e0 esquerda e \u00e0s linhas econ\u00f4micas heterodoxas.<\/p>\n<p>Procurado, Pochmann n\u00e3o se manifestou.<\/p>\n<p>The post <a rel=\"nofollow noopener\" href=\"https:\/\/www.infomoney.com.br\/politica\/acoes-de-pochmann-no-ipea-vao-de-concurso-enviesado-a-expurgos\/\" target=\"_blank\">A\u00e7\u00f5es de Pochmann no Ipea v\u00e3o de concurso enviesado a expurgos<\/a> appeared first on <a rel=\"nofollow noopener\" href=\"https:\/\/www.infomoney.com.br\/\" target=\"_blank\">InfoMoney<\/a>.<\/p>\n","protected":false},"excerpt":{"rendered":"<p><img loading=\"lazy\" decoding=\"async\" width=\"300\" height=\"224\" src=\"https:\/\/www.infomoney.com.br\/wp-content\/uploads\/2019\/06\/marcio-pochmann.jpg?fit=300%2C224&amp;quality=70&amp;strip=all\" class=\"attachment-medium size-medium wp-post-image\" alt=\"\" data-attachment-id=\"53473\" data-permalink=\"https:\/\/www.infomoney.com.br\/marcio-pochmann\/\" data-orig-file=\"https:\/\/www.infomoney.com.br\/wp-content\/uploads\/2019\/06\/marcio-pochmann.jpg?fit=455%2C340&amp;quality=70&amp;strip=all\" data-orig-size=\"455,340\" data-comments-opened=\"1\" data-image-meta='{\"aperture\":\"0\",\"credit\":\"\",\"camera\":\"\",\"caption\":\"\",\"created_timestamp\":\"0\",\"copyright\":\"\",\"focal_length\":\"0\",\"iso\":\"0\",\"shutter_speed\":\"0\",\"title\":\"\",\"orientation\":\"0\"}' data-image-title=\"marcio-pochmann\" data-image-description=\"\" data-image-caption=\"\" data-medium-file=\"https:\/\/www.infomoney.com.br\/wp-content\/uploads\/2019\/06\/marcio-pochmann.jpg?fit=300%2C224&amp;quality=70&amp;strip=all\" data-large-file=\"https:\/\/www.infomoney.com.br\/wp-content\/uploads\/2019\/06\/marcio-pochmann.jpg?fit=455%2C340&amp;quality=70&amp;strip=all\">Economista chegou ao instituto pelas m\u00e3os do ent\u00e3o ministro Guido Mantega, ap\u00f3s a queda de Antonio Palocci, no governo Lula 1<\/p>\n<p>The post <a rel=\"nofollow\" href=\"https:\/\/www.infomoney.com.br\/politica\/acoes-de-pochmann-no-ipea-vao-de-concurso-enviesado-a-expurgos\/\">A\u00e7\u00f5es de Pochmann no Ipea v\u00e3o de concurso enviesado a expurgos<\/a> appeared first on <a rel=\"nofollow\" href=\"https:\/\/www.infomoney.com.br\/\">InfoMoney<\/a>.<\/p>\n","protected":false},"author":43,"featured_media":0,"comment_status":"closed","ping_status":"closed","sticky":false,"template":"","format":"standard","meta":{"advgb_blocks_editor_width":"","advgb_blocks_columns_visual_guide":"","footnotes":""},"categories":[34,600,992,6973,376,47],"tags":[35],"class_list":["post-27311","post","type-post","status-publish","format-standard","hentry","category-g1","category-ibge","category-ipea","category-marcio-pochmann","category-ministerio-do-planejamento","category-politica","tag-g1"],"author_meta":{"display_name":"Estad\u00e3o Conte\u00fado","author_link":"https:\/\/sindaopcpb.org.br\/author\/estadao-conteudo\/"},"featured_img":null,"coauthors":[],"tax_additional":{"categories":{"linked":["<a href=\"https:\/\/sindaopcpb.org.br\/g1\/\" class=\"advgb-post-tax-term\">G1<\/a>","<a href=\"https:\/\/sindaopcpb.org.br\/ibge\/\" class=\"advgb-post-tax-term\">IBGE<\/a>","<a href=\"https:\/\/sindaopcpb.org.br\/ipea\/\" class=\"advgb-post-tax-term\">IPEA<\/a>","<a href=\"https:\/\/sindaopcpb.org.br\/marcio-pochmann\/\" class=\"advgb-post-tax-term\">M\u00e1rcio Pochmann<\/a>","<a href=\"https:\/\/sindaopcpb.org.br\/ministerio-do-planejamento\/\" class=\"advgb-post-tax-term\">Minist\u00e9rio do Planejamento<\/a>","<a href=\"https:\/\/sindaopcpb.org.br\/politica\/\" class=\"advgb-post-tax-term\">POLITICA<\/a>"],"unlinked":["<span class=\"advgb-post-tax-term\">G1<\/span>","<span class=\"advgb-post-tax-term\">IBGE<\/span>","<span class=\"advgb-post-tax-term\">IPEA<\/span>","<span class=\"advgb-post-tax-term\">M\u00e1rcio Pochmann<\/span>","<span class=\"advgb-post-tax-term\">Minist\u00e9rio do Planejamento<\/span>","<span class=\"advgb-post-tax-term\">POLITICA<\/span>"]},"tags":{"linked":["<a href=\"https:\/\/sindaopcpb.org.br\/politica\/\" class=\"advgb-post-tax-term\">g1<\/a>"],"unlinked":["<span class=\"advgb-post-tax-term\">g1<\/span>"]}},"comment_count":"0","relative_dates":{"created":"Publicado 3 anos atr\u00e1s","modified":"Atualizado 3 anos atr\u00e1s"},"absolute_dates":{"created":"Publicado em 28 de julho de 2023","modified":"Atualizado em 28 de julho de 2023"},"absolute_dates_time":{"created":"Publicado em 28 de julho de 2023 09:30","modified":"Atualizado em 28 de julho de 2023 09:30"},"featured_img_caption":"","series_order":"","_links":{"self":[{"href":"https:\/\/sindaopcpb.org.br\/index.php\/wp-json\/wp\/v2\/posts\/27311","targetHints":{"allow":["GET"]}}],"collection":[{"href":"https:\/\/sindaopcpb.org.br\/index.php\/wp-json\/wp\/v2\/posts"}],"about":[{"href":"https:\/\/sindaopcpb.org.br\/index.php\/wp-json\/wp\/v2\/types\/post"}],"author":[{"embeddable":true,"href":"https:\/\/sindaopcpb.org.br\/index.php\/wp-json\/wp\/v2\/users\/43"}],"replies":[{"embeddable":true,"href":"https:\/\/sindaopcpb.org.br\/index.php\/wp-json\/wp\/v2\/comments?post=27311"}],"version-history":[{"count":1,"href":"https:\/\/sindaopcpb.org.br\/index.php\/wp-json\/wp\/v2\/posts\/27311\/revisions"}],"predecessor-version":[{"id":27312,"href":"https:\/\/sindaopcpb.org.br\/index.php\/wp-json\/wp\/v2\/posts\/27311\/revisions\/27312"}],"wp:attachment":[{"href":"https:\/\/sindaopcpb.org.br\/index.php\/wp-json\/wp\/v2\/media?parent=27311"}],"wp:term":[{"taxonomy":"category","embeddable":true,"href":"https:\/\/sindaopcpb.org.br\/index.php\/wp-json\/wp\/v2\/categories?post=27311"},{"taxonomy":"post_tag","embeddable":true,"href":"https:\/\/sindaopcpb.org.br\/index.php\/wp-json\/wp\/v2\/tags?post=27311"}],"curies":[{"name":"wp","href":"https:\/\/api.w.org\/{rel}","templated":true}]}}