{"id":27307,"date":"2023-07-28T08:05:47","date_gmt":"2023-07-28T11:05:47","guid":{"rendered":"https:\/\/g1.globo.com\/pb\/paraiba\/noticia\/2023\/07\/28\/camera-de-carreta-registra-acidente-que-matou-estudante-na-br-230-em-joao-pessoa.ghtml"},"modified":"2023-07-28T08:05:47","modified_gmt":"2023-07-28T11:05:47","slug":"camera-de-carreta-registra-acidente-que-matou-estudante-na-br-230-em-joao-pessoa","status":"publish","type":"post","link":"https:\/\/sindaopcpb.org.br\/index.php\/2023\/07\/28\/camera-de-carreta-registra-acidente-que-matou-estudante-na-br-230-em-joao-pessoa\/","title":{"rendered":"C\u00e2mera de carreta registra acidente que matou estudante na BR-230, em Jo\u00e3o Pessoa"},"content":{"rendered":"   <img src=\"https:\/\/s2.glbimg.com\/uEQvwrtXM81q4WtiatUJrZ_M43o=\/i.s3.glbimg.com\/v1\/AUTH_59edd422c0c84a879bd37670ae4f538a\/internal_photos\/bs\/2023\/7\/J\/OQMBYBSqiALa5FjOeeZQ\/jonas.png\" \/><br \/>     Acidente aconteceu na manh\u00e3 desta quinta-feira (27). Motorista do caminh\u00e3o-ba\u00fa seguiu viagem. C\u00e2mera de carreta registrou acidente que matou motociclista na Para\u00edba\nA c\u00e2mera de seguran\u00e7a da carreta envolvida em um acidente na BR-230 registrou o momento em que  o motociclista de 20 anos, que seguia para uma universidade da zona sul de Jo\u00e3o Pessoa, caiu embaixo do ve\u00edculo. O acidente aconteceu na manh\u00e3 desta quinta-feira (27). O estudante morreu no local.\nNo v\u00eddeo, o motociclista estava no \u201ccorredor\u201d, entre caminh\u00f5es, quando o guid\u00e3o da moto em que estava bateu no ba\u00fa do caminh\u00e3o que estava \u00e0 sua esquerda. Depois de bater, a moto perde o equil\u00edbrio fazendo a v\u00edtima cair embaixo de outra carreta. O estudante n\u00e3o resistiu aos ferimentos. O motorista do caminh\u00e3o-ba\u00fa seguiu viagem, enquanto que o da carreta permaneceu no local do acidente.\nJonas Trajano Neto era estudante de fisioterapia e morreu a caminho da UFPB\nUFPB\/Divulga\u00e7\u00e3o\nO Samu constatou a morte ao chegar ao local. O jovem, identificado como Jonas Trajano Neto, de 20 anos, era aluno do segundo per\u00edodo do curso de fisioterapia na UFPB. As aulas no departamento foram canceladas na quinta-feira (27), e a UFPB emitiu uma nota lamentando o falecimento precoce de Jonas e prestando condol\u00eancias aos familiares, amigos e colegas de curso.\nO vel\u00f3rio foi realizado na tarde desta quinta-feira na Funer\u00e1ria Sempre, no bairro de Jaguaribe, na capital. O sepultamento foi no Cemit\u00e9rio Mata Redonda, na cidade de Alhandra. \nMotociclista morre em acidente na BR-2030, em Jo\u00e3o Pessoa. No local foram encontrados um jaleco de fisioterapia, cadernos e livros.\nFoto: Ana Beatriz Rocha\/TV Cabo Branco\nV\u00eddeos mais assistidos do g1 Para\u00edba  ","protected":false},"excerpt":{"rendered":"<p>        Acidente aconteceu na manh\u00e3 desta quinta-feira (27). Motorista do caminh\u00e3o-ba\u00fa seguiu viagem. C\u00e2mera de carreta registrou acidente que matou motociclista na Para\u00edba<br \/>\nA c\u00e2mera de seguran\u00e7a da carreta envolvida em um acidente na BR-230 registrou o&#8230;<\/p>\n","protected":false},"author":2,"featured_media":0,"comment_status":"closed","ping_status":"closed","sticky":false,"template":"","format":"standard","meta":{"advgb_blocks_editor_width":"","advgb_blocks_columns_visual_guide":"","footnotes":""},"categories":[34],"tags":[35],"class_list":["post-27307","post","type-post","status-publish","format-standard","hentry","category-g1","tag-g1"],"author_meta":{"display_name":"g1 &gt; Para\u00edba","author_link":"https:\/\/sindaopcpb.org.br\/author\/g1-paraiba\/"},"featured_img":null,"coauthors":[],"tax_additional":{"categories":{"linked":["<a href=\"https:\/\/sindaopcpb.org.br\/g1\/\" class=\"advgb-post-tax-term\">G1<\/a>"],"unlinked":["<span class=\"advgb-post-tax-term\">G1<\/span>"]},"tags":{"linked":["<a href=\"https:\/\/sindaopcpb.org.br\/g1\/\" class=\"advgb-post-tax-term\">g1<\/a>"],"unlinked":["<span class=\"advgb-post-tax-term\">g1<\/span>"]}},"comment_count":"0","relative_dates":{"created":"Publicado 3 anos atr\u00e1s","modified":"Atualizado 3 anos atr\u00e1s"},"absolute_dates":{"created":"Publicado em 28 de julho de 2023","modified":"Atualizado em 28 de julho de 2023"},"absolute_dates_time":{"created":"Publicado em 28 de julho de 2023 08:05","modified":"Atualizado em 28 de julho de 2023 08:05"},"featured_img_caption":"","series_order":"","_links":{"self":[{"href":"https:\/\/sindaopcpb.org.br\/index.php\/wp-json\/wp\/v2\/posts\/27307","targetHints":{"allow":["GET"]}}],"collection":[{"href":"https:\/\/sindaopcpb.org.br\/index.php\/wp-json\/wp\/v2\/posts"}],"about":[{"href":"https:\/\/sindaopcpb.org.br\/index.php\/wp-json\/wp\/v2\/types\/post"}],"author":[{"embeddable":true,"href":"https:\/\/sindaopcpb.org.br\/index.php\/wp-json\/wp\/v2\/users\/2"}],"replies":[{"embeddable":true,"href":"https:\/\/sindaopcpb.org.br\/index.php\/wp-json\/wp\/v2\/comments?post=27307"}],"version-history":[{"count":1,"href":"https:\/\/sindaopcpb.org.br\/index.php\/wp-json\/wp\/v2\/posts\/27307\/revisions"}],"predecessor-version":[{"id":27308,"href":"https:\/\/sindaopcpb.org.br\/index.php\/wp-json\/wp\/v2\/posts\/27307\/revisions\/27308"}],"wp:attachment":[{"href":"https:\/\/sindaopcpb.org.br\/index.php\/wp-json\/wp\/v2\/media?parent=27307"}],"wp:term":[{"taxonomy":"category","embeddable":true,"href":"https:\/\/sindaopcpb.org.br\/index.php\/wp-json\/wp\/v2\/categories?post=27307"},{"taxonomy":"post_tag","embeddable":true,"href":"https:\/\/sindaopcpb.org.br\/index.php\/wp-json\/wp\/v2\/tags?post=27307"}],"curies":[{"name":"wp","href":"https:\/\/api.w.org\/{rel}","templated":true}]}}