{"id":27289,"date":"2023-07-27T18:40:14","date_gmt":"2023-07-27T21:40:14","guid":{"rendered":"https:\/\/wpa.wscom.com.br\/?p=914290"},"modified":"2023-07-27T18:40:14","modified_gmt":"2023-07-27T21:40:14","slug":"julgamento-da-possivel-cassacao-da-prefeita-de-bayeux-no-tre-pb-e-adiado-novamente-placar-esta-em-1-a-1","status":"publish","type":"post","link":"https:\/\/sindaopcpb.org.br\/index.php\/2023\/07\/27\/julgamento-da-possivel-cassacao-da-prefeita-de-bayeux-no-tre-pb-e-adiado-novamente-placar-esta-em-1-a-1\/","title":{"rendered":"Julgamento da poss\u00edvel cassa\u00e7\u00e3o da prefeita de Bayeux no TRE-PB \u00e9 adiado novamente; placar est\u00e1 em 1 a 1"},"content":{"rendered":"<p>Foi adiado novamente para o dia 4 de setembro a continuidade do julgamento da prefeita de Bayeux, Luciene Gomes, e do seu vice, Clecitoni Francisco pelo Tribunal Regional Eleitoral (TRE-PB). O juiz Jos\u00e9 Ferreira Ramos J\u00fanior pediu vistas hoje.<\/p>\n<p>A desembargadora Agamenilde Dias votou hoje e n\u00e3o reconheceu a conduta vedada da prefeita e do vice. Ela divergiu do relator, juiz F\u00e1bio Leandro de Alencar Cunha, que votou pela cassa\u00e7\u00e3o.<\/p>\n<p>O TRE analisa recurso por condena\u00e7\u00e3o dos gestores em primeira inst\u00e2ncia por abuso de poder pol\u00edtico e econ\u00f4mico nas elei\u00e7\u00f5es de 2020. \u00c9 julgada a distribui\u00e7\u00e3o de cestas b\u00e1sicas e contrata\u00e7\u00e3o de servidores em per\u00edodo vedado.<\/p>\n<p>O julgamento havia sido adiado no dia 13 deste m\u00eas, devido ao pedido de vistas da desembargadora Agaminilde Arruda. No \u00faltimo dia 20, ocorreu o segundo adiamento, dessa vez solicitado pelo relator do processo, o juiz F\u00e1bio Leandro, devido a um dos advogados da defesa estar doente.<\/p>\n<p>Na segunda-feira (24), o relator pediu novo adiamento por conta da aus\u00eancia de qu\u00f3rum na Corte.<\/p>\n<p>A condena\u00e7\u00e3o de Luciene e Clecitoni ocorreu em agosto de 2022, pelo ju\u00edzo da 61\u00aa Zona Eleitoral, em virtude da contrata\u00e7\u00e3o de servidores e distribui\u00e7\u00e3o de 6,5 mil cestas b\u00e1sicas em per\u00edodo vedado pela legisla\u00e7\u00e3o eleitoral, durante o ano das elei\u00e7\u00f5es municipais.<\/p>\n<p>A A\u00e7\u00e3o de Investiga\u00e7\u00e3o Judicial Eleitoral (Aije) foi proposta pela coliga\u00e7\u00e3o Bayeux Unida Contra a Corrup\u00e7\u00e3o, formada pelos partidos Democratas (hoje Uni\u00e3o Brasil), PV, PSL (hoje Uni\u00e3o Brasil), PSC e PMB, que tiveram como candidato a prefeito Capit\u00e3o Ant\u00f4nio e a vice L\u00e9o Micena.<\/p>\n<div id=\"ppBoxFinalMateria\">\n<div id=\"P_WSCOM_FINAL_MATERIA_01_0\" data-premium=\"\" data-adunit=\"WSCOM_FINAL_MATERIA_01\" data-sizes-mobile=\"[[336,280],[300,250]]\" data-sizes-desktop=\"[[336,280],[300,250]]\" data-type=\"intext\" data-count=\"2\" data-fetch=\"true\" data-google-query-id=\"COS33JXrr4ADFROFlQIdJOwHWA\"><\/div>\n<\/div>\n<p>O post <a rel=\"nofollow noopener\" href=\"https:\/\/wscom.com.br\/julgamento-da-possivel-cassacao-da-prefeita-de-bayeux-no-tre-pb-e-adiado-novamente-placar-esta-em-1-a-1\/\" target=\"_blank\">Julgamento da poss\u00edvel cassa\u00e7\u00e3o da prefeita de Bayeux no TRE-PB \u00e9 adiado novamente; placar est\u00e1 em 1 a 1<\/a> apareceu primeiro em <a rel=\"nofollow noopener\" href=\"https:\/\/wscom.com.br\/\" target=\"_blank\">WSCOM<\/a>.<\/p>\n","protected":false},"excerpt":{"rendered":"<p>Foi adiado novamente para o dia 4 de setembro a continuidade do julgamento da prefeita de Bayeux, Luciene Gomes, e do seu vice, Clecitoni Francisco pelo Tribunal Regional Eleitoral (TRE-PB). O juiz Jos\u00e9 Ferreira Ramos J\u00fanior pediu vistas hoje. A desembargadora Agamenilde Dias votou hoje e n\u00e3o reconheceu a conduta vedada da prefeita e do [\u2026]<\/p>\n<p>O post <a rel=\"nofollow\" href=\"https:\/\/wscom.com.br\/julgamento-da-possivel-cassacao-da-prefeita-de-bayeux-no-tre-pb-e-adiado-novamente-placar-esta-em-1-a-1\/\">Julgamento da poss\u00edvel cassa\u00e7\u00e3o da prefeita de Bayeux no TRE-PB \u00e9 adiado novamente; placar est\u00e1 em 1 a 1<\/a> apareceu primeiro em <a rel=\"nofollow\" href=\"https:\/\/wscom.com.br\/\">WSCOM<\/a>.<\/p>\n","protected":false},"author":50,"featured_media":0,"comment_status":"closed","ping_status":"closed","sticky":false,"template":"","format":"standard","meta":{"advgb_blocks_editor_width":"","advgb_blocks_columns_visual_guide":"","footnotes":""},"categories":[327,34,3919,6843,47],"tags":[35],"class_list":["post-27289","post","type-post","status-publish","format-standard","hentry","category-bayeux","category-g1","category-gomes","category-luciene","category-politica","tag-g1"],"author_meta":{"display_name":"Wallyson","author_link":"https:\/\/sindaopcpb.org.br\/author\/wallyson\/"},"featured_img":null,"coauthors":[],"tax_additional":{"categories":{"linked":["<a href=\"https:\/\/sindaopcpb.org.br\/bayeux\/\" class=\"advgb-post-tax-term\">bayeux<\/a>","<a href=\"https:\/\/sindaopcpb.org.br\/g1\/\" class=\"advgb-post-tax-term\">G1<\/a>","<a href=\"https:\/\/sindaopcpb.org.br\/gomes\/\" class=\"advgb-post-tax-term\">Gomes<\/a>","<a href=\"https:\/\/sindaopcpb.org.br\/luciene\/\" class=\"advgb-post-tax-term\">luciene<\/a>","<a href=\"https:\/\/sindaopcpb.org.br\/politica\/\" class=\"advgb-post-tax-term\">POLITICA<\/a>"],"unlinked":["<span class=\"advgb-post-tax-term\">bayeux<\/span>","<span class=\"advgb-post-tax-term\">G1<\/span>","<span class=\"advgb-post-tax-term\">Gomes<\/span>","<span class=\"advgb-post-tax-term\">luciene<\/span>","<span class=\"advgb-post-tax-term\">POLITICA<\/span>"]},"tags":{"linked":["<a href=\"https:\/\/sindaopcpb.org.br\/politica\/\" class=\"advgb-post-tax-term\">g1<\/a>"],"unlinked":["<span class=\"advgb-post-tax-term\">g1<\/span>"]}},"comment_count":"0","relative_dates":{"created":"Publicado 3 anos atr\u00e1s","modified":"Atualizado 3 anos atr\u00e1s"},"absolute_dates":{"created":"Publicado em 27 de julho de 2023","modified":"Atualizado em 27 de julho de 2023"},"absolute_dates_time":{"created":"Publicado em 27 de julho de 2023 18:40","modified":"Atualizado em 27 de julho de 2023 18:40"},"featured_img_caption":"","series_order":"","_links":{"self":[{"href":"https:\/\/sindaopcpb.org.br\/index.php\/wp-json\/wp\/v2\/posts\/27289","targetHints":{"allow":["GET"]}}],"collection":[{"href":"https:\/\/sindaopcpb.org.br\/index.php\/wp-json\/wp\/v2\/posts"}],"about":[{"href":"https:\/\/sindaopcpb.org.br\/index.php\/wp-json\/wp\/v2\/types\/post"}],"author":[{"embeddable":true,"href":"https:\/\/sindaopcpb.org.br\/index.php\/wp-json\/wp\/v2\/users\/50"}],"replies":[{"embeddable":true,"href":"https:\/\/sindaopcpb.org.br\/index.php\/wp-json\/wp\/v2\/comments?post=27289"}],"version-history":[{"count":1,"href":"https:\/\/sindaopcpb.org.br\/index.php\/wp-json\/wp\/v2\/posts\/27289\/revisions"}],"predecessor-version":[{"id":27290,"href":"https:\/\/sindaopcpb.org.br\/index.php\/wp-json\/wp\/v2\/posts\/27289\/revisions\/27290"}],"wp:attachment":[{"href":"https:\/\/sindaopcpb.org.br\/index.php\/wp-json\/wp\/v2\/media?parent=27289"}],"wp:term":[{"taxonomy":"category","embeddable":true,"href":"https:\/\/sindaopcpb.org.br\/index.php\/wp-json\/wp\/v2\/categories?post=27289"},{"taxonomy":"post_tag","embeddable":true,"href":"https:\/\/sindaopcpb.org.br\/index.php\/wp-json\/wp\/v2\/tags?post=27289"}],"curies":[{"name":"wp","href":"https:\/\/api.w.org\/{rel}","templated":true}]}}