{"id":27272,"date":"2023-07-27T18:28:39","date_gmt":"2023-07-27T21:28:39","guid":{"rendered":"https:\/\/wpa.wscom.com.br\/?p=914287"},"modified":"2023-07-27T18:28:39","modified_gmt":"2023-07-27T21:28:39","slug":"orquestra-sinfonica-da-ufpb-realiza-concerto-com-o-cantor-daniel-pina","status":"publish","type":"post","link":"https:\/\/sindaopcpb.org.br\/index.php\/2023\/07\/27\/orquestra-sinfonica-da-ufpb-realiza-concerto-com-o-cantor-daniel-pina\/","title":{"rendered":"Orquestra Sinf\u00f4nica da UFPB realiza concerto com o cantor Daniel Pina"},"content":{"rendered":"<p style=\"font-weight: 400;\">O cantor e compositor paraibano Daniel Pina \u00e9 o convidado da OSUFPB para o concerto desta sexta-feira, dia 28, \u00e0s 20h, que ser\u00e1 realizado na Sala de Concertos Radegundis Feitosa, no Campus de Jo\u00e3o Pessoa. A entrada \u00e9 gratuita e por ordem de chegada.<\/p>\n<p style=\"font-weight: 400;\">Daniel Pina, que tamb\u00e9m \u00e9 m\u00fasico da Orquestra, ter\u00e1 suas composi\u00e7\u00f5es acompanhadas por esse primoroso grupo orquestral, fazendo soar os arranjos dos tamb\u00e9m m\u00fasicos e compositores paraibanos S\u00e9rgio Gallo, Xisto Medeiros, Tom Drummond, Victor Mesquita e dos irm\u00e3os Uan\u00e1 e Rud\u00e1 Barreto. Neste concerto, o contrabaixista se despede da OSUFPB para viver uma temporada de quatro anos nos Estados Unidos, onde vai cursar seu doutorado em m\u00fasica.<\/p>\n<p style=\"font-weight: 400;\">Como sempre costuma fazer, Daniel Pina convida para este concerto outros artistas com quem tem intimidade no seu fazer art\u00edstico, como \u00e9 o caso de Andr\u00e9 Rodrigues, Victor Mesquita, Lukete, Matheus Pimenta, o grupo As Calungas, al\u00e9m, claro, da cantora Maria Kamila, que \u00e9 sua esposa e que o acompanhar\u00e1 em sua estada no pa\u00eds norte-americano.<\/p>\n<p style=\"font-weight: 400;\">Al\u00e9m de tocar e cantar suas pr\u00f3prias can\u00e7\u00f5es, cuja repercuss\u00e3o j\u00e1 fez com que o compositor contabilizasse milhares de seguidores em suas redes sociais, Pina tamb\u00e9m traz para o show obras de amigos como o violinista Rucker Bezerra, com uma composi\u00e7\u00e3o instrumental intitulada \u201cLuz\u201d, al\u00e9m de \u201cCandeeiro D\u2019\u00e1gua\u201d, dos compositores Abdias S\u00e1 e Danylo Aguiar, da can\u00e7\u00e3o \u201cTu Soi\u201d, de Lukete, com quem tem parceria nas m\u00fasicas \u201cSempre \u00e9 Cedo para o Sempre\u201d e \u201cBeijo Caf\u00e9\u201d. O compositor toca ainda, acompanhado apenas de seu viol\u00e3o, a can\u00e7\u00e3o \u201cLeve e Suave\u201d, do compositor pernambucano Lenine.<\/p>\n<p style=\"font-weight: 400;\"><strong>A OSUFPB<\/strong><\/p>\n<p style=\"font-weight: 400;\">A OSUFPB \u00e9 um equipamento cultural da UFPB pertencente ao Centro de Comunica\u00e7\u00e3o, Turismo e Artes (CCTA) e ligado aos Departamentos de M\u00fasica e Educa\u00e7\u00e3o Musical da institui\u00e7\u00e3o. A Orquestra tem finalidades pedag\u00f3gicas que envolvem professores e alunos da UFPB, al\u00e9m de contribuir para a forma\u00e7\u00e3o de plateia para o p\u00fablico pessoense. Atualmente conta com 21 m\u00fasicos fixos \u2013 todos de cordas &#8211; e com a participa\u00e7\u00e3o eventual de professores e alunos dos cursos de m\u00fasica da UFPB, al\u00e9m de colaboradores volunt\u00e1rios da cena sinf\u00f4nica paraibana.<\/p>\n<p style=\"font-weight: 400;\"><strong>Garanta sua vaga<\/strong><\/p>\n<p style=\"font-weight: 400;\">A coordena\u00e7\u00e3o do Laborat\u00f3rio de M\u00fasica Aplicada (Lamusi), que administra a Sala Radegundis Feitosa, recomenda que o p\u00fablico chegue com, pelo menos, meia hora de anteced\u00eancia, pois uma vez alcan\u00e7ada a lota\u00e7\u00e3o da sala, que \u00e9 de 300 pessoas, n\u00e3o ser\u00e1 permitida a entrada, por quest\u00e3o de seguran\u00e7a. Depois da sala cheia, com todos devidamente acomodados, a porta ser\u00e1 fechada, s\u00f3 permitindo a entrada caso algu\u00e9m saia antes do final do concerto.<\/p>\n<p style=\"font-weight: 400;\">O<a href=\"https:\/\/www.ufpb.br\/lamusi\/contents\/documentos\/osufpb-programa-pina-28-07.pdf\" rel=\"nofollow noopener\" target=\"_blank\">\u00a0programa do concerto<\/a>\u00a0est\u00e1 dispon\u00edvel na p\u00e1gina do Laborat\u00f3rio de M\u00fasica Aplicada (Lamusi) da UFPB.<\/p>\n<p>O post <a rel=\"nofollow noopener\" href=\"https:\/\/wscom.com.br\/orquestra-sinfonica-da-ufpb-realiza-concerto-com-o-cantor-daniel-pina\/\" target=\"_blank\">Orquestra Sinf\u00f4nica da UFPB realiza concerto com o cantor Daniel Pina<\/a> apareceu primeiro em <a rel=\"nofollow noopener\" href=\"https:\/\/wscom.com.br\/\" target=\"_blank\">WSCOM<\/a>.<\/p>\n","protected":false},"excerpt":{"rendered":"<p>O cantor e compositor paraibano Daniel Pina \u00e9 o convidado da OSUFPB para o concerto desta sexta-feira, dia 28, \u00e0s 20h, que ser\u00e1 realizado na Sala de Concertos Radegundis Feitosa, no Campus de Jo\u00e3o Pessoa. A entrada \u00e9 gratuita e por ordem de chegada. Daniel Pina, que tamb\u00e9m \u00e9 m\u00fasico da Orquestra, ter\u00e1 suas composi\u00e7\u00f5es [\u2026]<\/p>\n<p>O post <a rel=\"nofollow\" href=\"https:\/\/wscom.com.br\/orquestra-sinfonica-da-ufpb-realiza-concerto-com-o-cantor-daniel-pina\/\">Orquestra Sinf\u00f4nica da UFPB realiza concerto com o cantor Daniel Pina<\/a> apareceu primeiro em <a rel=\"nofollow\" href=\"https:\/\/wscom.com.br\/\">WSCOM<\/a>.<\/p>\n","protected":false},"author":50,"featured_media":0,"comment_status":"closed","ping_status":"closed","sticky":false,"template":"","format":"standard","meta":{"advgb_blocks_editor_width":"","advgb_blocks_columns_visual_guide":"","footnotes":""},"categories":[170,5029,34,7025],"tags":[35],"class_list":["post-27272","post","type-post","status-publish","format-standard","hentry","category-cultura","category-daniel","category-g1","category-pina","tag-g1"],"author_meta":{"display_name":"Wallyson","author_link":"https:\/\/sindaopcpb.org.br\/author\/wallyson\/"},"featured_img":null,"coauthors":[],"tax_additional":{"categories":{"linked":["<a href=\"https:\/\/sindaopcpb.org.br\/cultura\/\" class=\"advgb-post-tax-term\">Cultura<\/a>","<a href=\"https:\/\/sindaopcpb.org.br\/daniel\/\" class=\"advgb-post-tax-term\">daniel<\/a>","<a href=\"https:\/\/sindaopcpb.org.br\/g1\/\" class=\"advgb-post-tax-term\">G1<\/a>","<a href=\"https:\/\/sindaopcpb.org.br\/pina\/\" class=\"advgb-post-tax-term\">pina<\/a>"],"unlinked":["<span class=\"advgb-post-tax-term\">Cultura<\/span>","<span class=\"advgb-post-tax-term\">daniel<\/span>","<span class=\"advgb-post-tax-term\">G1<\/span>","<span class=\"advgb-post-tax-term\">pina<\/span>"]},"tags":{"linked":["<a href=\"https:\/\/sindaopcpb.org.br\/pina\/\" class=\"advgb-post-tax-term\">g1<\/a>"],"unlinked":["<span class=\"advgb-post-tax-term\">g1<\/span>"]}},"comment_count":"0","relative_dates":{"created":"Publicado 3 anos atr\u00e1s","modified":"Atualizado 3 anos atr\u00e1s"},"absolute_dates":{"created":"Publicado em 27 de julho de 2023","modified":"Atualizado em 27 de julho de 2023"},"absolute_dates_time":{"created":"Publicado em 27 de julho de 2023 18:28","modified":"Atualizado em 27 de julho de 2023 18:28"},"featured_img_caption":"","series_order":"","_links":{"self":[{"href":"https:\/\/sindaopcpb.org.br\/index.php\/wp-json\/wp\/v2\/posts\/27272","targetHints":{"allow":["GET"]}}],"collection":[{"href":"https:\/\/sindaopcpb.org.br\/index.php\/wp-json\/wp\/v2\/posts"}],"about":[{"href":"https:\/\/sindaopcpb.org.br\/index.php\/wp-json\/wp\/v2\/types\/post"}],"author":[{"embeddable":true,"href":"https:\/\/sindaopcpb.org.br\/index.php\/wp-json\/wp\/v2\/users\/50"}],"replies":[{"embeddable":true,"href":"https:\/\/sindaopcpb.org.br\/index.php\/wp-json\/wp\/v2\/comments?post=27272"}],"version-history":[{"count":1,"href":"https:\/\/sindaopcpb.org.br\/index.php\/wp-json\/wp\/v2\/posts\/27272\/revisions"}],"predecessor-version":[{"id":27273,"href":"https:\/\/sindaopcpb.org.br\/index.php\/wp-json\/wp\/v2\/posts\/27272\/revisions\/27273"}],"wp:attachment":[{"href":"https:\/\/sindaopcpb.org.br\/index.php\/wp-json\/wp\/v2\/media?parent=27272"}],"wp:term":[{"taxonomy":"category","embeddable":true,"href":"https:\/\/sindaopcpb.org.br\/index.php\/wp-json\/wp\/v2\/categories?post=27272"},{"taxonomy":"post_tag","embeddable":true,"href":"https:\/\/sindaopcpb.org.br\/index.php\/wp-json\/wp\/v2\/tags?post=27272"}],"curies":[{"name":"wp","href":"https:\/\/api.w.org\/{rel}","templated":true}]}}