{"id":27264,"date":"2023-07-27T16:37:13","date_gmt":"2023-07-27T19:37:13","guid":{"rendered":"https:\/\/wpa.wscom.com.br\/?p=914277"},"modified":"2023-07-27T16:37:13","modified_gmt":"2023-07-27T19:37:13","slug":"jackson-macedo-diz-que-filiacao-de-nilvan-ferreira-ao-pt-foi-feita-de-forma-indevida-alguem-entrou-no-sistema","status":"publish","type":"post","link":"https:\/\/sindaopcpb.org.br\/index.php\/2023\/07\/27\/jackson-macedo-diz-que-filiacao-de-nilvan-ferreira-ao-pt-foi-feita-de-forma-indevida-alguem-entrou-no-sistema\/","title":{"rendered":"Jackson Macedo diz que filia\u00e7\u00e3o de Nilvan Ferreira ao PT foi feita de forma indevida: \u201cAlgu\u00e9m entrou no sistema\u201d"},"content":{"rendered":"<p>O presidente estadual do PT, Jackson Macedo, explicou nesta quinta-feira (27) que a filia\u00e7\u00e3o do comunicador Nilvan Ferreira (PL) ao partido foi realizada de forma indevida e sem a autoriza\u00e7\u00e3o de ambas as partes. Segundo Jackson, algu\u00e9m com m\u00e1s inten\u00e7\u00f5es acessou o site aberto do PT e fez a ficha de filia\u00e7\u00e3o em nome de Nilvan.<\/p>\n<p>Apesar de ter sido cadastrada no site do PT, tanto o partido quanto Nilvan negam qualquer iniciativa nesse sentido.\u00a0 O presidente estadual do PT enfatizou que o sistema de filia\u00e7\u00e3o do partido \u00e9 aberto, permitindo que qualquer pessoa, ao inserir t\u00edtulo de eleitor e CPF, possa realizar uma filia\u00e7\u00e3o.<\/p>\n<p>\u201cA filia\u00e7\u00e3o de Nilvan n\u00e3o foi iniciativa nem de Nilvan nem do PT. Algu\u00e9m entrou no sistema do PT, que \u00e9 aberto. O site do PT \u00e9 aberto, qualquer pessoa entra l\u00e1 com o t\u00edtulo \u00e9 o CPF de algu\u00e9m e faz a filia\u00e7\u00e3o. Automaticamente, essa filia\u00e7\u00e3o vai para o TRE. Essa quest\u00e3o j\u00e1 est\u00e1 resolvida. No sistema interna do PT ele j\u00e1 foi retirado e j\u00e1 estamos peticionando para informar \u00e0 justi\u00e7a eleitoral\u201d, disse.<\/p>\n<p>Macedo destacou que esse tipo de situa\u00e7\u00e3o n\u00e3o \u00e9 incomum e citou um caso recente em que a presidente do PT, Gleisi Hoffmann, tamb\u00e9m passou por situa\u00e7\u00e3o similar ao ser filiada de forma indevida ao Patriotas.<\/p>\n<p>O post <a rel=\"nofollow noopener\" href=\"https:\/\/wscom.com.br\/jackson-macedo-diz-que-filiacao-de-nilvan-ferreira-ao-pt-foi-feita-de-forma-indevida-alguem-entrou-no-sistema\/\" target=\"_blank\">Jackson Macedo diz que filia\u00e7\u00e3o de Nilvan Ferreira ao PT foi feita de forma indevida: &#8220;Algu\u00e9m entrou no sistema&#8221;<\/a> apareceu primeiro em <a rel=\"nofollow noopener\" href=\"https:\/\/wscom.com.br\/\" target=\"_blank\">WSCOM<\/a>.<\/p>\n","protected":false},"excerpt":{"rendered":"<p>O presidente estadual do PT, Jackson Macedo, explicou nesta quinta-feira (27) que a filia\u00e7\u00e3o do comunicador Nilvan Ferreira (PL) ao partido foi realizada de forma indevida e sem a autoriza\u00e7\u00e3o de ambas as partes. Segundo Jackson, algu\u00e9m com m\u00e1s inten\u00e7\u00f5es acessou o site aberto do PT e fez a ficha de filia\u00e7\u00e3o em nome de [\u2026]<\/p>\n<p>O post <a rel=\"nofollow\" href=\"https:\/\/wscom.com.br\/jackson-macedo-diz-que-filiacao-de-nilvan-ferreira-ao-pt-foi-feita-de-forma-indevida-alguem-entrou-no-sistema\/\">Jackson Macedo diz que filia\u00e7\u00e3o de Nilvan Ferreira ao PT foi feita de forma indevida: \u201cAlgu\u00e9m entrou no sistema\u201d<\/a> apareceu primeiro em <a rel=\"nofollow\" href=\"https:\/\/wscom.com.br\/\">WSCOM<\/a>.<\/p>\n","protected":false},"author":50,"featured_media":0,"comment_status":"closed","ping_status":"closed","sticky":false,"template":"","format":"standard","meta":{"advgb_blocks_editor_width":"","advgb_blocks_columns_visual_guide":"","footnotes":""},"categories":[34,986,2825,47],"tags":[35],"class_list":["post-27264","post","type-post","status-publish","format-standard","hentry","category-g1","category-jackson","category-macedo","category-politica","tag-g1"],"author_meta":{"display_name":"Wallyson","author_link":"https:\/\/sindaopcpb.org.br\/author\/wallyson\/"},"featured_img":null,"coauthors":[],"tax_additional":{"categories":{"linked":["<a href=\"https:\/\/sindaopcpb.org.br\/g1\/\" class=\"advgb-post-tax-term\">G1<\/a>","<a href=\"https:\/\/sindaopcpb.org.br\/jackson\/\" class=\"advgb-post-tax-term\">jackson<\/a>","<a href=\"https:\/\/sindaopcpb.org.br\/macedo\/\" class=\"advgb-post-tax-term\">macedo<\/a>","<a href=\"https:\/\/sindaopcpb.org.br\/politica\/\" class=\"advgb-post-tax-term\">POLITICA<\/a>"],"unlinked":["<span class=\"advgb-post-tax-term\">G1<\/span>","<span class=\"advgb-post-tax-term\">jackson<\/span>","<span class=\"advgb-post-tax-term\">macedo<\/span>","<span class=\"advgb-post-tax-term\">POLITICA<\/span>"]},"tags":{"linked":["<a href=\"https:\/\/sindaopcpb.org.br\/politica\/\" class=\"advgb-post-tax-term\">g1<\/a>"],"unlinked":["<span class=\"advgb-post-tax-term\">g1<\/span>"]}},"comment_count":"0","relative_dates":{"created":"Publicado 3 anos atr\u00e1s","modified":"Atualizado 3 anos atr\u00e1s"},"absolute_dates":{"created":"Publicado em 27 de julho de 2023","modified":"Atualizado em 27 de julho de 2023"},"absolute_dates_time":{"created":"Publicado em 27 de julho de 2023 16:37","modified":"Atualizado em 27 de julho de 2023 16:37"},"featured_img_caption":"","series_order":"","_links":{"self":[{"href":"https:\/\/sindaopcpb.org.br\/index.php\/wp-json\/wp\/v2\/posts\/27264","targetHints":{"allow":["GET"]}}],"collection":[{"href":"https:\/\/sindaopcpb.org.br\/index.php\/wp-json\/wp\/v2\/posts"}],"about":[{"href":"https:\/\/sindaopcpb.org.br\/index.php\/wp-json\/wp\/v2\/types\/post"}],"author":[{"embeddable":true,"href":"https:\/\/sindaopcpb.org.br\/index.php\/wp-json\/wp\/v2\/users\/50"}],"replies":[{"embeddable":true,"href":"https:\/\/sindaopcpb.org.br\/index.php\/wp-json\/wp\/v2\/comments?post=27264"}],"version-history":[{"count":1,"href":"https:\/\/sindaopcpb.org.br\/index.php\/wp-json\/wp\/v2\/posts\/27264\/revisions"}],"predecessor-version":[{"id":27265,"href":"https:\/\/sindaopcpb.org.br\/index.php\/wp-json\/wp\/v2\/posts\/27264\/revisions\/27265"}],"wp:attachment":[{"href":"https:\/\/sindaopcpb.org.br\/index.php\/wp-json\/wp\/v2\/media?parent=27264"}],"wp:term":[{"taxonomy":"category","embeddable":true,"href":"https:\/\/sindaopcpb.org.br\/index.php\/wp-json\/wp\/v2\/categories?post=27264"},{"taxonomy":"post_tag","embeddable":true,"href":"https:\/\/sindaopcpb.org.br\/index.php\/wp-json\/wp\/v2\/tags?post=27264"}],"curies":[{"name":"wp","href":"https:\/\/api.w.org\/{rel}","templated":true}]}}