{"id":27256,"date":"2023-07-27T16:24:42","date_gmt":"2023-07-27T19:24:42","guid":{"rendered":"https:\/\/www.infomoney.com.br\/?p=2198450"},"modified":"2023-07-27T16:24:42","modified_gmt":"2023-07-27T19:24:42","slug":"projeto-estende-desoneracao-da-folha-de-pagamentos-ate-2027","status":"publish","type":"post","link":"https:\/\/sindaopcpb.org.br\/index.php\/2023\/07\/27\/projeto-estende-desoneracao-da-folha-de-pagamentos-ate-2027\/","title":{"rendered":"Projeto estende desonera\u00e7\u00e3o da folha de pagamentos at\u00e9 2027"},"content":{"rendered":"<p><img loading=\"lazy\" width=\"300\" height=\"199\" src=\"https:\/\/www.infomoney.com.br\/wp-content\/uploads\/2023\/04\/fachada-senado_Foto-Leonardo-Sa-Agencia-Senado.jpg?fit=300%2C199&amp;quality=70&amp;strip=all\" class=\"attachment-medium size-medium wp-post-image\" alt=\"\" decoding=\"async\" style=\"float:right; margin:0 0 10px 10px;\" srcset=\"https:\/\/www.infomoney.com.br\/wp-content\/uploads\/2023\/04\/fachada-senado_Foto-Leonardo-Sa-Agencia-Senado.jpg?w=2047&amp;quality=70&amp;strip=all 2047w, https:\/\/www.infomoney.com.br\/wp-content\/uploads\/2023\/04\/fachada-senado_Foto-Leonardo-Sa-Agencia-Senado.jpg?w=300&amp;quality=70&amp;strip=all 300w, https:\/\/www.infomoney.com.br\/wp-content\/uploads\/2023\/04\/fachada-senado_Foto-Leonardo-Sa-Agencia-Senado.jpg?w=768&amp;quality=70&amp;strip=all 768w, https:\/\/www.infomoney.com.br\/wp-content\/uploads\/2023\/04\/fachada-senado_Foto-Leonardo-Sa-Agencia-Senado.jpg?w=1280&amp;quality=70&amp;strip=all 1280w, https:\/\/www.infomoney.com.br\/wp-content\/uploads\/2023\/04\/fachada-senado_Foto-Leonardo-Sa-Agencia-Senado.jpg?w=1536&amp;quality=70&amp;strip=all 1536w, https:\/\/www.infomoney.com.br\/wp-content\/uploads\/2023\/04\/fachada-senado_Foto-Leonardo-Sa-Agencia-Senado.jpg?w=150&amp;quality=70&amp;strip=all 150w\" sizes=\"auto, (max-width: 300px) 100vw, 300px\" data-attachment-id=\"2107631\" data-permalink=\"https:\/\/www.infomoney.com.br\/minhas-financas\/desarquivada-no-senado-proposta-com-novas-regras-para-o-seguro-e-criticada-por-representantes-do-setor\/attachment\/fachada-senado_foto-leonardo-sa-agencia-senado\/\" data-orig-file=\"https:\/\/www.infomoney.com.br\/wp-content\/uploads\/2023\/04\/fachada-senado_Foto-Leonardo-Sa-Agencia-Senado.jpg?fit=2047%2C1357&amp;quality=70&amp;strip=all\" data-orig-size=\"2047,1357\" data-comments-opened=\"0\" data-image-meta=\"{&quot;aperture&quot;:&quot;0&quot;,&quot;credit&quot;:&quot;Leonardo S\\u00e1\\\/Ag\\u00eancia Senado&quot;,&quot;camera&quot;:&quot;&quot;,&quot;caption&quot;:&quot;&quot;,&quot;created_timestamp&quot;:&quot;0&quot;,&quot;copyright&quot;:&quot;Senado Federal do Brasil&quot;,&quot;focal_length&quot;:&quot;0&quot;,&quot;iso&quot;:&quot;0&quot;,&quot;shutter_speed&quot;:&quot;0&quot;,&quot;title&quot;:&quot;&quot;,&quot;orientation&quot;:&quot;0&quot;}\" data-image-title=\"Fachada do Congresso (Foto: Leonardo S\u00e1\/Ag\u00eancia Senado)\" data-image-description=\"\" data-image-caption=\"\" data-medium-file=\"https:\/\/www.infomoney.com.br\/wp-content\/uploads\/2023\/04\/fachada-senado_Foto-Leonardo-Sa-Agencia-Senado.jpg?fit=300%2C199&amp;quality=70&amp;strip=all\" data-large-file=\"https:\/\/www.infomoney.com.br\/wp-content\/uploads\/2023\/04\/fachada-senado_Foto-Leonardo-Sa-Agencia-Senado.jpg?fit=1280%2C849&amp;quality=70&amp;strip=all\" title=\"\"><\/p>\n<p>O Projeto de Lei 334\/23 prorroga at\u00e9 31 de dezembro de 2027 a desonera\u00e7\u00e3o da folha de pagamentos para 17 setores da economia. O texto altera a Lei 12.546\/11, que prev\u00ea o benef\u00edcio somente at\u00e9 o final deste ano. J\u00e1 aprovado no Senado, o texto tramita agora na C\u00e2mara dos Deputados.<\/p>\n<p>A desonera\u00e7\u00e3o da folha substitui a contribui\u00e7\u00e3o previdenci\u00e1ria patronal, de 20% sobre a folha de sal\u00e1rios, por al\u00edquotas de 1% a 4,5% sobre a receita bruta. A ideia \u00e9 que esse mecanismo reduza os encargos trabalhistas dos setores desonerados e estimule a contrata\u00e7\u00e3o de pessoas.<\/p>\n<p>Os 17 setores alcan\u00e7ados pela prorroga\u00e7\u00e3o s\u00e3o: confec\u00e7\u00e3o e vestu\u00e1rio, cal\u00e7ados, constru\u00e7\u00e3o civil, call center, comunica\u00e7\u00e3o, empresas de constru\u00e7\u00e3o e obras de infraestrutura, couro, fabrica\u00e7\u00e3o de ve\u00edculos e carro\u00e7arias, m\u00e1quinas e equipamentos, prote\u00edna animal, t\u00eaxtil, tecnologia da informa\u00e7\u00e3o (TI), tecnologia de comunica\u00e7\u00e3o (TIC), projeto de circuitos integrados, transporte metroferrovi\u00e1rio de passageiros, transporte rodovi\u00e1rio coletivo e transporte rodovi\u00e1rio de cargas.<\/p>\n<h2><strong>Aumento da Cofins-Importa\u00e7\u00e3o<\/strong><\/h2>\n<p>Como a desonera\u00e7\u00e3o reduz a arrecada\u00e7\u00e3o, o projeto prev\u00ea uma medida compensat\u00f3ria: estende, pelo mesmo per\u00edodo (2027), o aumento de 1% na al\u00edquota da Cofins-Importa\u00e7\u00e3o, que tamb\u00e9m vigora at\u00e9 dezembro deste ano.<\/p>\n<p>A contribui\u00e7\u00e3o incide sobre a importa\u00e7\u00e3o de produtos estrangeiros. A nova al\u00edquota entra em vigor ap\u00f3s 90 dias da aprova\u00e7\u00e3o da lei.<\/p>\n<h2><strong>Munic\u00edpios<\/strong><\/h2>\n<p>O texto em an\u00e1lise na C\u00e2mara traz ainda uma medida, de car\u00e1ter permanente, que beneficia os munic\u00edpios. Um dispositivo determina que prefeituras de cidades com popula\u00e7\u00e3o inferior a 142.633 habitantes ter\u00e3o a al\u00edquota da contribui\u00e7\u00e3o previdenci\u00e1ria sobre a folha de sal\u00e1rios reduzida de 20% para 8%.<\/p>\n<p>O objetivo da medida, que beneficia cerca de tr\u00eas mil munic\u00edpios, \u00e9 dar um f\u00f4lego financeiro \u00e0s prefeituras que n\u00e3o recebem o Fundo de Participa\u00e7\u00e3o dos Munic\u00edpios (FPM)-Reserva, uma parcela do FPM destinada \u00e0s cidades interioranas com popula\u00e7\u00e3o superior a 142.633 habitantes.<\/p>\n<h2><strong>Tramita\u00e7\u00e3o<\/strong><\/h2>\n<p>O projeto ser\u00e1 distribu\u00eddo para as comiss\u00f5es tem\u00e1ticas da C\u00e2mara dos Deputados. Existe na Casa uma proposta de teor parecido \u00e0 do Senado (PL 1016\/23), de autoria do deputado Ricardo Ayres (Republicanos-TO).<\/p>\n<p>The post <a rel=\"nofollow noopener\" href=\"https:\/\/www.infomoney.com.br\/politica\/projeto-estende-desoneracao-da-folha-de-pagamentos-ate-2027\/\" target=\"_blank\">Projeto estende desonera\u00e7\u00e3o da folha de pagamentos at\u00e9 2027<\/a> appeared first on <a rel=\"nofollow noopener\" href=\"https:\/\/www.infomoney.com.br\/\" target=\"_blank\">InfoMoney<\/a>.<\/p>\n","protected":false},"excerpt":{"rendered":"<p><img loading=\"lazy\" decoding=\"async\" width=\"300\" height=\"199\" src=\"https:\/\/www.infomoney.com.br\/wp-content\/uploads\/2023\/04\/fachada-senado_Foto-Leonardo-Sa-Agencia-Senado.jpg?fit=300%2C199&amp;quality=70&amp;strip=all\" class=\"attachment-medium size-medium wp-post-image\" alt=\"\" data-attachment-id=\"2107631\" data-permalink=\"https:\/\/www.infomoney.com.br\/minhas-financas\/desarquivada-no-senado-proposta-com-novas-regras-para-o-seguro-e-criticada-por-representantes-do-setor\/attachment\/fachada-senado_foto-leonardo-sa-agencia-senado\/\" data-orig-file=\"https:\/\/www.infomoney.com.br\/wp-content\/uploads\/2023\/04\/fachada-senado_Foto-Leonardo-Sa-Agencia-Senado.jpg?fit=2047%2C1357&amp;quality=70&amp;strip=all\" data-orig-size=\"2047,1357\" data-comments-opened=\"0\" data-image-meta='{\"aperture\":\"0\",\"credit\":\"Leonardo S\\u00e1\\\/Ag\\u00eancia Senado\",\"camera\":\"\",\"caption\":\"\",\"created_timestamp\":\"0\",\"copyright\":\"Senado Federal do Brasil\",\"focal_length\":\"0\",\"iso\":\"0\",\"shutter_speed\":\"0\",\"title\":\"\",\"orientation\":\"0\"}' data-image-title=\"Fachada do Congresso (Foto: Leonardo S\u00e1\/Ag\u00eancia Senado)\" data-image-description=\"\" data-image-caption=\"\" data-medium-file=\"https:\/\/www.infomoney.com.br\/wp-content\/uploads\/2023\/04\/fachada-senado_Foto-Leonardo-Sa-Agencia-Senado.jpg?fit=300%2C199&amp;quality=70&amp;strip=all\" data-large-file=\"https:\/\/www.infomoney.com.br\/wp-content\/uploads\/2023\/04\/fachada-senado_Foto-Leonardo-Sa-Agencia-Senado.jpg?fit=1280%2C849&amp;quality=70&amp;strip=all\">Prop\u00f3sito \u00e9 reduzir os encargos trabalhistas dos setores e estimular a contrata\u00e7\u00e3o de pessoas<\/p>\n<p>The post <a rel=\"nofollow\" href=\"https:\/\/www.infomoney.com.br\/politica\/projeto-estende-desoneracao-da-folha-de-pagamentos-ate-2027\/\">Projeto estende desonera\u00e7\u00e3o da folha de pagamentos at\u00e9 2027<\/a> appeared first on <a rel=\"nofollow\" href=\"https:\/\/www.infomoney.com.br\/\">InfoMoney<\/a>.<\/p>\n","protected":false},"author":47,"featured_media":0,"comment_status":"closed","ping_status":"closed","sticky":false,"template":"","format":"standard","meta":{"advgb_blocks_editor_width":"","advgb_blocks_columns_visual_guide":"","footnotes":""},"categories":[276,3863,7023,34,47],"tags":[35,50],"class_list":["post-27256","post","type-post","status-publish","format-standard","hentry","category-camara-dos-deputados","category-desoneracao","category-encargos","category-g1","category-politica","tag-g1","tag-projeto-de-lei"],"author_meta":{"display_name":"luispereira","author_link":"https:\/\/sindaopcpb.org.br\/author\/luispereira\/"},"featured_img":null,"coauthors":[],"tax_additional":{"categories":{"linked":["<a href=\"https:\/\/sindaopcpb.org.br\/camara-dos-deputados\/\" class=\"advgb-post-tax-term\">C\u00e2mara dos Deputados<\/a>","<a href=\"https:\/\/sindaopcpb.org.br\/desoneracao\/\" class=\"advgb-post-tax-term\">Desonera\u00e7\u00e3o<\/a>","<a href=\"https:\/\/sindaopcpb.org.br\/encargos\/\" class=\"advgb-post-tax-term\">Encargos<\/a>","<a href=\"https:\/\/sindaopcpb.org.br\/g1\/\" class=\"advgb-post-tax-term\">G1<\/a>","<a href=\"https:\/\/sindaopcpb.org.br\/politica\/\" class=\"advgb-post-tax-term\">POLITICA<\/a>"],"unlinked":["<span class=\"advgb-post-tax-term\">C\u00e2mara dos Deputados<\/span>","<span class=\"advgb-post-tax-term\">Desonera\u00e7\u00e3o<\/span>","<span class=\"advgb-post-tax-term\">Encargos<\/span>","<span class=\"advgb-post-tax-term\">G1<\/span>","<span class=\"advgb-post-tax-term\">POLITICA<\/span>"]},"tags":{"linked":["<a href=\"https:\/\/sindaopcpb.org.br\/politica\/\" class=\"advgb-post-tax-term\">g1<\/a>","<a href=\"https:\/\/sindaopcpb.org.br\/politica\/\" class=\"advgb-post-tax-term\">projeto de lei<\/a>"],"unlinked":["<span class=\"advgb-post-tax-term\">g1<\/span>","<span class=\"advgb-post-tax-term\">projeto de lei<\/span>"]}},"comment_count":"0","relative_dates":{"created":"Publicado 3 anos atr\u00e1s","modified":"Atualizado 3 anos atr\u00e1s"},"absolute_dates":{"created":"Publicado em 27 de julho de 2023","modified":"Atualizado em 27 de julho de 2023"},"absolute_dates_time":{"created":"Publicado em 27 de julho de 2023 16:24","modified":"Atualizado em 27 de julho de 2023 16:24"},"featured_img_caption":"","series_order":"","_links":{"self":[{"href":"https:\/\/sindaopcpb.org.br\/index.php\/wp-json\/wp\/v2\/posts\/27256","targetHints":{"allow":["GET"]}}],"collection":[{"href":"https:\/\/sindaopcpb.org.br\/index.php\/wp-json\/wp\/v2\/posts"}],"about":[{"href":"https:\/\/sindaopcpb.org.br\/index.php\/wp-json\/wp\/v2\/types\/post"}],"author":[{"embeddable":true,"href":"https:\/\/sindaopcpb.org.br\/index.php\/wp-json\/wp\/v2\/users\/47"}],"replies":[{"embeddable":true,"href":"https:\/\/sindaopcpb.org.br\/index.php\/wp-json\/wp\/v2\/comments?post=27256"}],"version-history":[{"count":1,"href":"https:\/\/sindaopcpb.org.br\/index.php\/wp-json\/wp\/v2\/posts\/27256\/revisions"}],"predecessor-version":[{"id":27257,"href":"https:\/\/sindaopcpb.org.br\/index.php\/wp-json\/wp\/v2\/posts\/27256\/revisions\/27257"}],"wp:attachment":[{"href":"https:\/\/sindaopcpb.org.br\/index.php\/wp-json\/wp\/v2\/media?parent=27256"}],"wp:term":[{"taxonomy":"category","embeddable":true,"href":"https:\/\/sindaopcpb.org.br\/index.php\/wp-json\/wp\/v2\/categories?post=27256"},{"taxonomy":"post_tag","embeddable":true,"href":"https:\/\/sindaopcpb.org.br\/index.php\/wp-json\/wp\/v2\/tags?post=27256"}],"curies":[{"name":"wp","href":"https:\/\/api.w.org\/{rel}","templated":true}]}}