{"id":27240,"date":"2023-07-27T13:35:00","date_gmt":"2023-07-27T16:35:00","guid":{"rendered":"https:\/\/www.infomoney.com.br\/?p=2198557"},"modified":"2023-07-27T13:35:00","modified_gmt":"2023-07-27T16:35:00","slug":"haddad-se-reune-com-lula-para-falar-de-transicao-ecologica-e-credito-sem-discutir-rotativo","status":"publish","type":"post","link":"https:\/\/sindaopcpb.org.br\/index.php\/2023\/07\/27\/haddad-se-reune-com-lula-para-falar-de-transicao-ecologica-e-credito-sem-discutir-rotativo\/","title":{"rendered":"Haddad se re\u00fane com Lula para falar de transi\u00e7\u00e3o ecol\u00f3gica e cr\u00e9dito, sem discutir rotativo"},"content":{"rendered":"<p><img loading=\"lazy\" width=\"300\" height=\"200\" src=\"https:\/\/www.infomoney.com.br\/wp-content\/uploads\/2023\/03\/52718903098_9359b1b859_c.jpg?fit=300%2C200&amp;quality=70&amp;strip=all\" class=\"attachment-medium size-medium wp-post-image\" alt=\"\" decoding=\"async\" style=\"float:right; margin:0 0 10px 10px;\" srcset=\"https:\/\/www.infomoney.com.br\/wp-content\/uploads\/2023\/03\/52718903098_9359b1b859_c.jpg?w=799&amp;quality=70&amp;strip=all 799w, https:\/\/www.infomoney.com.br\/wp-content\/uploads\/2023\/03\/52718903098_9359b1b859_c.jpg?w=300&amp;quality=70&amp;strip=all 300w, https:\/\/www.infomoney.com.br\/wp-content\/uploads\/2023\/03\/52718903098_9359b1b859_c.jpg?w=768&amp;quality=70&amp;strip=all 768w, https:\/\/www.infomoney.com.br\/wp-content\/uploads\/2023\/03\/52718903098_9359b1b859_c.jpg?w=150&amp;quality=70&amp;strip=all 150w\" sizes=\"auto, (max-width: 300px) 100vw, 300px\" data-attachment-id=\"2068264\" data-permalink=\"https:\/\/www.infomoney.com.br\/politica\/imposto-sobre-exportacoes-de-petroleo-pode-gerar-questionamentos-juridicos-especialistas-veem-distorcao\/attachment\/52718903098_9359b1b859_c\/\" data-orig-file=\"https:\/\/www.infomoney.com.br\/wp-content\/uploads\/2023\/03\/52718903098_9359b1b859_c.jpg?fit=799%2C533&amp;quality=70&amp;strip=all\" data-orig-size=\"799,533\" data-comments-opened=\"0\" data-image-meta=\"{&quot;aperture&quot;:&quot;0&quot;,&quot;credit&quot;:&quot;Washington Costa&quot;,&quot;camera&quot;:&quot;&quot;,&quot;caption&quot;:&quot;&quot;,&quot;created_timestamp&quot;:&quot;0&quot;,&quot;copyright&quot;:&quot;Ministerio da Fazenda&quot;,&quot;focal_length&quot;:&quot;0&quot;,&quot;iso&quot;:&quot;0&quot;,&quot;shutter_speed&quot;:&quot;0&quot;,&quot;title&quot;:&quot;&quot;,&quot;orientation&quot;:&quot;0&quot;}\" data-image-title=\"Fernando Haddad\" data-image-description=\"\" data-image-caption=\"&lt;p&gt;O ministro da Fazenda, Fernando Haddad (PT), concede entrevista coletiva sobre a pauta dos combust\u00edveis (Foto: Washington Costa\/MF)&lt;\/p&gt;\n\" data-medium-file=\"https:\/\/www.infomoney.com.br\/wp-content\/uploads\/2023\/03\/52718903098_9359b1b859_c.jpg?fit=300%2C200&amp;quality=70&amp;strip=all\" data-large-file=\"https:\/\/www.infomoney.com.br\/wp-content\/uploads\/2023\/03\/52718903098_9359b1b859_c.jpg?fit=799%2C533&amp;quality=70&amp;strip=all\" title=\"\"><\/p>\n<p>O ministro da Fazenda, Fernando Haddad, se reuniu com o presidente Luiz In\u00e1cio Lula da Silva para discutir o plano de transi\u00e7\u00e3o ecol\u00f3gica e detalhes de medidas de cr\u00e9dito, que n\u00e3o incluem o rotativo.<\/p>\n<p>&#8220;Tratamos sobre o plano de transi\u00e7\u00e3o ecol\u00f3gica e v\u00e1rios outros assuntos, prioritariamente isso, e alguns detalhes de medidas de cr\u00e9dito&#8221;, disse Haddad no final da manh\u00e3 desta quinta-feira (27) ao retornar para o Minist\u00e9rio da Fazenda. Questionado se eles abordaram a quest\u00e3o do cr\u00e9dito rotativo, o mais alto do mercado, ele disse que o tema n\u00e3o foi discutido.<\/p>\n<p>Com as taxas de juros elevadas, o Minist\u00e9rio da Fazenda criou um grupo de trabalho com os bancos e o Banco Central para buscar solu\u00e7\u00f5es para o rotativo. O Banco Central informou nesta quinta que a taxa do rotativo em junho ficou em 437,3% ao ano. O rotativo do cart\u00e3o, assim como o cheque especial, \u00e9 uma modalidade de cr\u00e9dito emergencial.<\/p>\n<h2><b>Rating<\/b><\/h2>\n<p>Haddad tamb\u00e9m foi questionado sobre a eleva\u00e7\u00e3o do rating do Brasil pela Fitch, de BB- para BB, com perspectiva est\u00e1vel, e como isso impactar\u00e1 a Selic. &#8220;Tem uma cole\u00e7\u00e3o de fatores para a Selic baixar&#8221;, disse. O Comit\u00ea de Pol\u00edtica Monet\u00e1ria (Copom) se re\u00fane na pr\u00f3xima semana para definir a taxa de juros.<\/p>\n<p>The post <a rel=\"nofollow noopener\" href=\"https:\/\/www.infomoney.com.br\/politica\/haddad-se-reune-com-lula-para-falar-de-transicao-ecologica-e-credito-sem-discutir-rotativo\/\" target=\"_blank\">Haddad se re\u00fane com Lula para falar de transi\u00e7\u00e3o ecol\u00f3gica e cr\u00e9dito, sem discutir rotativo<\/a> appeared first on <a rel=\"nofollow noopener\" href=\"https:\/\/www.infomoney.com.br\/\" target=\"_blank\">InfoMoney<\/a>.<\/p>\n","protected":false},"excerpt":{"rendered":"<p><img loading=\"lazy\" decoding=\"async\" width=\"300\" height=\"200\" src=\"https:\/\/www.infomoney.com.br\/wp-content\/uploads\/2023\/03\/52718903098_9359b1b859_c.jpg?fit=300%2C200&amp;quality=70&amp;strip=all\" class=\"attachment-medium size-medium wp-post-image\" alt=\"\" data-attachment-id=\"2068264\" data-permalink=\"https:\/\/www.infomoney.com.br\/politica\/imposto-sobre-exportacoes-de-petroleo-pode-gerar-questionamentos-juridicos-especialistas-veem-distorcao\/attachment\/52718903098_9359b1b859_c\/\" data-orig-file=\"https:\/\/www.infomoney.com.br\/wp-content\/uploads\/2023\/03\/52718903098_9359b1b859_c.jpg?fit=799%2C533&amp;quality=70&amp;strip=all\" data-orig-size=\"799,533\" data-comments-opened=\"0\" data-image-meta='{\"aperture\":\"0\",\"credit\":\"Washington Costa\",\"camera\":\"\",\"caption\":\"\",\"created_timestamp\":\"0\",\"copyright\":\"Ministerio da Fazenda\",\"focal_length\":\"0\",\"iso\":\"0\",\"shutter_speed\":\"0\",\"title\":\"\",\"orientation\":\"0\"}' data-image-title=\"Fernando Haddad\" data-image-description=\"\" data-image-caption=\"&lt;p&gt;O ministro da Fazenda, Fernando Haddad (PT), concede entrevista coletiva sobre a pauta dos combust\u00edveis (Foto: Washington Costa\/MF)&lt;\/p&gt;\n\" data-medium-file=\"https:\/\/www.infomoney.com.br\/wp-content\/uploads\/2023\/03\/52718903098_9359b1b859_c.jpg?fit=300%2C200&amp;quality=70&amp;strip=all\" data-large-file=\"https:\/\/www.infomoney.com.br\/wp-content\/uploads\/2023\/03\/52718903098_9359b1b859_c.jpg?fit=799%2C533&amp;quality=70&amp;strip=all\">Segundo Banco Central, taxa do rotativo em junho ficou em 437,3% ao ano<\/p>\n<p>The post <a rel=\"nofollow\" href=\"https:\/\/www.infomoney.com.br\/politica\/haddad-se-reune-com-lula-para-falar-de-transicao-ecologica-e-credito-sem-discutir-rotativo\/\">Haddad se re\u00fane com Lula para falar de transi\u00e7\u00e3o ecol\u00f3gica e cr\u00e9dito, sem discutir rotativo<\/a> appeared first on <a rel=\"nofollow\" href=\"https:\/\/www.infomoney.com.br\/\">InfoMoney<\/a>.<\/p>\n","protected":false},"author":43,"featured_media":0,"comment_status":"closed","ping_status":"closed","sticky":false,"template":"","format":"standard","meta":{"advgb_blocks_editor_width":"","advgb_blocks_columns_visual_guide":"","footnotes":""},"categories":[1258,109,34,129,130,47],"tags":[35],"class_list":["post-27240","post","type-post","status-publish","format-standard","hentry","category-credito","category-fernando-haddad","category-g1","category-luiz-inacio-lula-da-silva","category-ministerio-da-fazenda","category-politica","tag-g1"],"author_meta":{"display_name":"Estad\u00e3o Conte\u00fado","author_link":"https:\/\/sindaopcpb.org.br\/author\/estadao-conteudo\/"},"featured_img":null,"coauthors":[],"tax_additional":{"categories":{"linked":["<a href=\"https:\/\/sindaopcpb.org.br\/credito\/\" class=\"advgb-post-tax-term\">Cr\u00e9dito<\/a>","<a href=\"https:\/\/sindaopcpb.org.br\/fernando-haddad\/\" class=\"advgb-post-tax-term\">FERNANDO HADDAD<\/a>","<a href=\"https:\/\/sindaopcpb.org.br\/g1\/\" class=\"advgb-post-tax-term\">G1<\/a>","<a href=\"https:\/\/sindaopcpb.org.br\/luiz-inacio-lula-da-silva\/\" class=\"advgb-post-tax-term\">Luiz In\u00e1cio Lula da Silva<\/a>","<a href=\"https:\/\/sindaopcpb.org.br\/ministerio-da-fazenda\/\" class=\"advgb-post-tax-term\">Minist\u00e9rio da Fazenda<\/a>","<a href=\"https:\/\/sindaopcpb.org.br\/politica\/\" class=\"advgb-post-tax-term\">POLITICA<\/a>"],"unlinked":["<span class=\"advgb-post-tax-term\">Cr\u00e9dito<\/span>","<span class=\"advgb-post-tax-term\">FERNANDO HADDAD<\/span>","<span class=\"advgb-post-tax-term\">G1<\/span>","<span class=\"advgb-post-tax-term\">Luiz In\u00e1cio Lula da Silva<\/span>","<span class=\"advgb-post-tax-term\">Minist\u00e9rio da Fazenda<\/span>","<span class=\"advgb-post-tax-term\">POLITICA<\/span>"]},"tags":{"linked":["<a href=\"https:\/\/sindaopcpb.org.br\/politica\/\" class=\"advgb-post-tax-term\">g1<\/a>"],"unlinked":["<span class=\"advgb-post-tax-term\">g1<\/span>"]}},"comment_count":"0","relative_dates":{"created":"Publicado 3 anos atr\u00e1s","modified":"Atualizado 3 anos atr\u00e1s"},"absolute_dates":{"created":"Publicado em 27 de julho de 2023","modified":"Atualizado em 27 de julho de 2023"},"absolute_dates_time":{"created":"Publicado em 27 de julho de 2023 13:35","modified":"Atualizado em 27 de julho de 2023 13:35"},"featured_img_caption":"","series_order":"","_links":{"self":[{"href":"https:\/\/sindaopcpb.org.br\/index.php\/wp-json\/wp\/v2\/posts\/27240","targetHints":{"allow":["GET"]}}],"collection":[{"href":"https:\/\/sindaopcpb.org.br\/index.php\/wp-json\/wp\/v2\/posts"}],"about":[{"href":"https:\/\/sindaopcpb.org.br\/index.php\/wp-json\/wp\/v2\/types\/post"}],"author":[{"embeddable":true,"href":"https:\/\/sindaopcpb.org.br\/index.php\/wp-json\/wp\/v2\/users\/43"}],"replies":[{"embeddable":true,"href":"https:\/\/sindaopcpb.org.br\/index.php\/wp-json\/wp\/v2\/comments?post=27240"}],"version-history":[{"count":1,"href":"https:\/\/sindaopcpb.org.br\/index.php\/wp-json\/wp\/v2\/posts\/27240\/revisions"}],"predecessor-version":[{"id":27241,"href":"https:\/\/sindaopcpb.org.br\/index.php\/wp-json\/wp\/v2\/posts\/27240\/revisions\/27241"}],"wp:attachment":[{"href":"https:\/\/sindaopcpb.org.br\/index.php\/wp-json\/wp\/v2\/media?parent=27240"}],"wp:term":[{"taxonomy":"category","embeddable":true,"href":"https:\/\/sindaopcpb.org.br\/index.php\/wp-json\/wp\/v2\/categories?post=27240"},{"taxonomy":"post_tag","embeddable":true,"href":"https:\/\/sindaopcpb.org.br\/index.php\/wp-json\/wp\/v2\/tags?post=27240"}],"curies":[{"name":"wp","href":"https:\/\/api.w.org\/{rel}","templated":true}]}}