{"id":27235,"date":"2023-07-27T13:40:23","date_gmt":"2023-07-27T16:40:23","guid":{"rendered":"https:\/\/wpa.wscom.com.br\/?p=914261"},"modified":"2023-07-27T13:40:23","modified_gmt":"2023-07-27T16:40:23","slug":"por-unanimidade-pleno-do-tribunal-regional-do-trabalho-mantem-eleicoes-da-fiep-e-aponta-legitimidade-do-processo","status":"publish","type":"post","link":"https:\/\/sindaopcpb.org.br\/index.php\/2023\/07\/27\/por-unanimidade-pleno-do-tribunal-regional-do-trabalho-mantem-eleicoes-da-fiep-e-aponta-legitimidade-do-processo\/","title":{"rendered":"Por unanimidade: Pleno do Tribunal Regional do Trabalho mant\u00e9m elei\u00e7\u00f5es da FIEP e aponta legitimidade do processo"},"content":{"rendered":"<p>Durante Sess\u00e3o Plen\u00e1ria realizada nesta quinta-feira (27), o Tribunal Regional do Trabalho da Para\u00edba, ao apreciar um pedido da Chapa de Oposi\u00e7\u00e3o a Francisco Gadelha, em a\u00e7\u00e3o que tramita na 2\u00aa Vara do Trabalho de Campina Grande, cujo objeto consistia no cancelamento das elei\u00e7\u00f5es e na ilegitimidade do atual presidente para um novo mandato, decidiu, por 8 votos a 0, manter a decis\u00e3o do Juiz da 2\u00aa Vara do Trabalho de Campina Grande, que j\u00e1 havia determinado a validade do processo eleitoral e das elei\u00e7\u00f5es da FIEP ocorridas em 14 de fevereiro de 2023.<\/p>\n<p>&nbsp;<\/p>\n<p>Com esta decis\u00e3o do Tribunal Pleno do Trabalho da 13\u00aa Regi\u00e3o, ficam mantidas as elei\u00e7\u00f5es da FIEP e a legitimidade do atual Presidente Francisco Gadelha e dos demais diretores eleitos para o quadri\u00eanio 2023\/ 2027 para a posse de um novo mandato \u00e0 frente da Federa\u00e7\u00e3o das Ind\u00fastrias do Estado da Para\u00edba.<\/p>\n<p>O post <a rel=\"nofollow noopener\" href=\"https:\/\/wscom.com.br\/por-unanimidade-pleno-do-tribunal-regional-do-trabalho-mantem-eleicoes-da-fiep-e-aponta-legitimidade-do-processo\/\" target=\"_blank\">Por unanimidade: Pleno do Tribunal Regional do Trabalho mant\u00e9m elei\u00e7\u00f5es da FIEP e aponta legitimidade do processo<\/a> apareceu primeiro em <a rel=\"nofollow noopener\" href=\"https:\/\/wscom.com.br\/\" target=\"_blank\">WSCOM<\/a>.<\/p>\n","protected":false},"excerpt":{"rendered":"<p>Durante Sess\u00e3o Plen\u00e1ria realizada nesta quinta-feira (27), o Tribunal Regional do Trabalho da Para\u00edba, ao apreciar um pedido da Chapa de Oposi\u00e7\u00e3o a Francisco Gadelha, em a\u00e7\u00e3o que tramita na 2\u00aa Vara do Trabalho de Campina Grande, cujo objeto consistia no cancelamento das elei\u00e7\u00f5es e na ilegitimidade do atual presidente para um novo mandato, decidiu, [\u2026]<\/p>\n<p>O post <a rel=\"nofollow\" href=\"https:\/\/wscom.com.br\/por-unanimidade-pleno-do-tribunal-regional-do-trabalho-mantem-eleicoes-da-fiep-e-aponta-legitimidade-do-processo\/\">Por unanimidade: Pleno do Tribunal Regional do Trabalho mant\u00e9m elei\u00e7\u00f5es da FIEP e aponta legitimidade do processo<\/a> apareceu primeiro em <a rel=\"nofollow\" href=\"https:\/\/wscom.com.br\/\">WSCOM<\/a>.<\/p>\n","protected":false},"author":50,"featured_media":0,"comment_status":"closed","ping_status":"closed","sticky":false,"template":"","format":"standard","meta":{"advgb_blocks_editor_width":"","advgb_blocks_columns_visual_guide":"","footnotes":""},"categories":[470,856,34,54],"tags":[35],"class_list":["post-27235","post","type-post","status-publish","format-standard","hentry","category-buega","category-fiep","category-g1","category-paraiba","tag-g1"],"author_meta":{"display_name":"Wallyson","author_link":"https:\/\/sindaopcpb.org.br\/author\/wallyson\/"},"featured_img":null,"coauthors":[],"tax_additional":{"categories":{"linked":["<a href=\"https:\/\/sindaopcpb.org.br\/buega\/\" class=\"advgb-post-tax-term\">Buega<\/a>","<a href=\"https:\/\/sindaopcpb.org.br\/fiep\/\" class=\"advgb-post-tax-term\">fiep<\/a>","<a href=\"https:\/\/sindaopcpb.org.br\/g1\/\" class=\"advgb-post-tax-term\">G1<\/a>","<a href=\"https:\/\/sindaopcpb.org.br\/paraiba\/\" class=\"advgb-post-tax-term\">Para\u00edba<\/a>"],"unlinked":["<span class=\"advgb-post-tax-term\">Buega<\/span>","<span class=\"advgb-post-tax-term\">fiep<\/span>","<span class=\"advgb-post-tax-term\">G1<\/span>","<span class=\"advgb-post-tax-term\">Para\u00edba<\/span>"]},"tags":{"linked":["<a href=\"https:\/\/sindaopcpb.org.br\/paraiba\/\" class=\"advgb-post-tax-term\">g1<\/a>"],"unlinked":["<span class=\"advgb-post-tax-term\">g1<\/span>"]}},"comment_count":"0","relative_dates":{"created":"Publicado 3 anos atr\u00e1s","modified":"Atualizado 3 anos atr\u00e1s"},"absolute_dates":{"created":"Publicado em 27 de julho de 2023","modified":"Atualizado em 27 de julho de 2023"},"absolute_dates_time":{"created":"Publicado em 27 de julho de 2023 13:40","modified":"Atualizado em 27 de julho de 2023 13:40"},"featured_img_caption":"","series_order":"","_links":{"self":[{"href":"https:\/\/sindaopcpb.org.br\/index.php\/wp-json\/wp\/v2\/posts\/27235","targetHints":{"allow":["GET"]}}],"collection":[{"href":"https:\/\/sindaopcpb.org.br\/index.php\/wp-json\/wp\/v2\/posts"}],"about":[{"href":"https:\/\/sindaopcpb.org.br\/index.php\/wp-json\/wp\/v2\/types\/post"}],"author":[{"embeddable":true,"href":"https:\/\/sindaopcpb.org.br\/index.php\/wp-json\/wp\/v2\/users\/50"}],"replies":[{"embeddable":true,"href":"https:\/\/sindaopcpb.org.br\/index.php\/wp-json\/wp\/v2\/comments?post=27235"}],"version-history":[{"count":1,"href":"https:\/\/sindaopcpb.org.br\/index.php\/wp-json\/wp\/v2\/posts\/27235\/revisions"}],"predecessor-version":[{"id":27236,"href":"https:\/\/sindaopcpb.org.br\/index.php\/wp-json\/wp\/v2\/posts\/27235\/revisions\/27236"}],"wp:attachment":[{"href":"https:\/\/sindaopcpb.org.br\/index.php\/wp-json\/wp\/v2\/media?parent=27235"}],"wp:term":[{"taxonomy":"category","embeddable":true,"href":"https:\/\/sindaopcpb.org.br\/index.php\/wp-json\/wp\/v2\/categories?post=27235"},{"taxonomy":"post_tag","embeddable":true,"href":"https:\/\/sindaopcpb.org.br\/index.php\/wp-json\/wp\/v2\/tags?post=27235"}],"curies":[{"name":"wp","href":"https:\/\/api.w.org\/{rel}","templated":true}]}}