{"id":27225,"date":"2023-07-27T12:20:34","date_gmt":"2023-07-27T15:20:34","guid":{"rendered":"https:\/\/wpa.wscom.com.br\/?p=914252"},"modified":"2023-07-27T12:20:34","modified_gmt":"2023-07-27T15:20:34","slug":"cachorro-e-baleado-durante-tiroteio-em-comunidade-de-joao-pessoa-invade-escola-e-e-resgatado","status":"publish","type":"post","link":"https:\/\/sindaopcpb.org.br\/index.php\/2023\/07\/27\/cachorro-e-baleado-durante-tiroteio-em-comunidade-de-joao-pessoa-invade-escola-e-e-resgatado\/","title":{"rendered":"Cachorro \u00e9 baleado durante tiroteio em comunidade de Jo\u00e3o Pessoa, invade escola e \u00e9 resgatado"},"content":{"rendered":"<p>Um cachorro da ra\u00e7a rottweiler invadiu uma creche no bairro Colinas do Sul, em Jo\u00e3o Pessoa, nesta quinta-feira (27), ap\u00f3s um tiroteio na comunidade. Informa\u00e7\u00f5es da Secretaria de Educa\u00e7\u00e3o apontam que o animal foi atingido durante a ocorr\u00eancia. Nenhuma crian\u00e7a ficou ferida.<\/p>\n<p>O incidente aconteceu quando as crian\u00e7as chegavam \u00e0 Crei Maria Do Socorro Rodrigues. O cachorro ferido adentrou a \u00e1rea de entrada do pr\u00e9dio, gerando preocupa\u00e7\u00e3o entre os funcion\u00e1rios da unidade. Eles conseguiram isolar o c\u00e3o em um banheiro e, em seguida, acionaram o Corpo de Bombeiros.<\/p>\n<p>A equipe dos bombeiros realizou o resgate do animal e o encaminhou \u00e0 Cl\u00ednica Veterin\u00e1ria Municipal, localizada no Centro da capital paraibana. Na unidade de sa\u00fade, exames ser\u00e3o realizados para avaliar a extens\u00e3o dos ferimentos do cachorro e determinar a necessidade de cirurgia.<\/p>\n<p>O post <a rel=\"nofollow noopener\" href=\"https:\/\/wscom.com.br\/cachorro-e-baleado-durante-tiroteio-em-comunidade-de-joao-pessoa-invade-escola-e-e-resgatado\/\" target=\"_blank\">Cachorro \u00e9 baleado durante tiroteio em comunidade de Jo\u00e3o Pessoa, invade escola e \u00e9 resgatado<\/a> apareceu primeiro em <a rel=\"nofollow noopener\" href=\"https:\/\/wscom.com.br\/\" target=\"_blank\">WSCOM<\/a>.<\/p>\n","protected":false},"excerpt":{"rendered":"<p>Um cachorro da ra\u00e7a rottweiler invadiu uma creche no bairro Colinas do Sul, em Jo\u00e3o Pessoa, nesta quinta-feira (27), ap\u00f3s um tiroteio na comunidade. Informa\u00e7\u00f5es da Secretaria de Educa\u00e7\u00e3o apontam que o animal foi atingido durante a ocorr\u00eancia. Nenhuma crian\u00e7a ficou ferida. O incidente aconteceu quando as crian\u00e7as chegavam \u00e0 Crei Maria Do Socorro Rodrigues. [\u2026]<\/p>\n<p>O post <a rel=\"nofollow\" href=\"https:\/\/wscom.com.br\/cachorro-e-baleado-durante-tiroteio-em-comunidade-de-joao-pessoa-invade-escola-e-e-resgatado\/\">Cachorro \u00e9 baleado durante tiroteio em comunidade de Jo\u00e3o Pessoa, invade escola e \u00e9 resgatado<\/a> apareceu primeiro em <a rel=\"nofollow\" href=\"https:\/\/wscom.com.br\/\">WSCOM<\/a>.<\/p>\n","protected":false},"author":50,"featured_media":0,"comment_status":"closed","ping_status":"closed","sticky":false,"template":"","format":"standard","meta":{"advgb_blocks_editor_width":"","advgb_blocks_columns_visual_guide":"","footnotes":""},"categories":[5114,419,34,66],"tags":[35],"class_list":["post-27225","post","type-post","status-publish","format-standard","hentry","category-baleado","category-cachorro","category-g1","category-policial","tag-g1"],"author_meta":{"display_name":"Wallyson","author_link":"https:\/\/sindaopcpb.org.br\/author\/wallyson\/"},"featured_img":null,"coauthors":[],"tax_additional":{"categories":{"linked":["<a href=\"https:\/\/sindaopcpb.org.br\/baleado\/\" class=\"advgb-post-tax-term\">baleado<\/a>","<a href=\"https:\/\/sindaopcpb.org.br\/cachorro\/\" class=\"advgb-post-tax-term\">cachorro<\/a>","<a href=\"https:\/\/sindaopcpb.org.br\/g1\/\" class=\"advgb-post-tax-term\">G1<\/a>","<a href=\"https:\/\/sindaopcpb.org.br\/policial\/\" class=\"advgb-post-tax-term\">Policial<\/a>"],"unlinked":["<span class=\"advgb-post-tax-term\">baleado<\/span>","<span class=\"advgb-post-tax-term\">cachorro<\/span>","<span class=\"advgb-post-tax-term\">G1<\/span>","<span class=\"advgb-post-tax-term\">Policial<\/span>"]},"tags":{"linked":["<a href=\"https:\/\/sindaopcpb.org.br\/policial\/\" class=\"advgb-post-tax-term\">g1<\/a>"],"unlinked":["<span class=\"advgb-post-tax-term\">g1<\/span>"]}},"comment_count":"0","relative_dates":{"created":"Publicado 3 anos atr\u00e1s","modified":"Atualizado 3 anos atr\u00e1s"},"absolute_dates":{"created":"Publicado em 27 de julho de 2023","modified":"Atualizado em 27 de julho de 2023"},"absolute_dates_time":{"created":"Publicado em 27 de julho de 2023 12:20","modified":"Atualizado em 27 de julho de 2023 12:20"},"featured_img_caption":"","series_order":"","_links":{"self":[{"href":"https:\/\/sindaopcpb.org.br\/index.php\/wp-json\/wp\/v2\/posts\/27225","targetHints":{"allow":["GET"]}}],"collection":[{"href":"https:\/\/sindaopcpb.org.br\/index.php\/wp-json\/wp\/v2\/posts"}],"about":[{"href":"https:\/\/sindaopcpb.org.br\/index.php\/wp-json\/wp\/v2\/types\/post"}],"author":[{"embeddable":true,"href":"https:\/\/sindaopcpb.org.br\/index.php\/wp-json\/wp\/v2\/users\/50"}],"replies":[{"embeddable":true,"href":"https:\/\/sindaopcpb.org.br\/index.php\/wp-json\/wp\/v2\/comments?post=27225"}],"version-history":[{"count":1,"href":"https:\/\/sindaopcpb.org.br\/index.php\/wp-json\/wp\/v2\/posts\/27225\/revisions"}],"predecessor-version":[{"id":27226,"href":"https:\/\/sindaopcpb.org.br\/index.php\/wp-json\/wp\/v2\/posts\/27225\/revisions\/27226"}],"wp:attachment":[{"href":"https:\/\/sindaopcpb.org.br\/index.php\/wp-json\/wp\/v2\/media?parent=27225"}],"wp:term":[{"taxonomy":"category","embeddable":true,"href":"https:\/\/sindaopcpb.org.br\/index.php\/wp-json\/wp\/v2\/categories?post=27225"},{"taxonomy":"post_tag","embeddable":true,"href":"https:\/\/sindaopcpb.org.br\/index.php\/wp-json\/wp\/v2\/tags?post=27225"}],"curies":[{"name":"wp","href":"https:\/\/api.w.org\/{rel}","templated":true}]}}