{"id":27223,"date":"2023-07-27T12:39:02","date_gmt":"2023-07-27T15:39:02","guid":{"rendered":"https:\/\/wpa.wscom.com.br\/?p=914255"},"modified":"2023-07-27T12:39:02","modified_gmt":"2023-07-27T15:39:02","slug":"caio-roberto-denuncia-que-nilvan-foi-filiado-ao-pt-e-aponta-falta-de-democracia-do-comunicador-gilberto-e-walber","status":"publish","type":"post","link":"https:\/\/sindaopcpb.org.br\/index.php\/2023\/07\/27\/caio-roberto-denuncia-que-nilvan-foi-filiado-ao-pt-e-aponta-falta-de-democracia-do-comunicador-gilberto-e-walber\/","title":{"rendered":"Caio Roberto \u2018denuncia\u2019 que Nilvan foi filiado ao PT e aponta falta de democracia do comunicador, Gilberto e Walber"},"content":{"rendered":"<p>O deputado estadual Caio Roberto (PL) denunciou nesta quinta-feira (27) que o comunicador Nilvan Ferreira, seu colega de partido, teria uma ficha de filia\u00e7\u00e3o no PT. A filia\u00e7\u00e3o teria sido anterior ao PL e validada pelo Tribunal Superior Eleitoral (TSE), disse.<\/p>\n<p>Ele ainda criticou Nilvan, Walber Virgolino e Cabo Gilberto por abrirem dissid\u00eancia no PL contra a pr\u00e9-candidatura de Marcelo Queiroga a prefeito de Jo\u00e3o Pessoa.<\/p>\n<p>&#8220;Me parece que as coisas s\u00f3 funcionam quando \u00e9 conveniente para eles. Queiroga foi escolhido pelo presidente Bolsonaro, n\u00e3o foi Wellington Roberto. Se eles se colocam como \u00fanicos candidatos, a falta de democracia est\u00e1 a\u00ed&#8221;, disse.<\/p>\n<p>Presente em evento do Governo do Estado, Caio ainda elogiou a rela\u00e7\u00e3o com Jo\u00e3o Azev\u00eado (PSB): &#8220;sempre tive rela\u00e7\u00e3o muito boa com o governador Jo\u00e3o. V\u00e1rios prefeitos nossos tem rela\u00e7\u00e3o com o governador, nossa rela\u00e7\u00e3o \u00e9 institucional&#8221;.<\/p>\n<p>O post <a rel=\"nofollow noopener\" href=\"https:\/\/wscom.com.br\/caio-roberto-denuncia-que-nilvan-foi-filiado-ao-pt-e-aponta-falta-de-democracia-do-comunicador-gilberto-e-walber\/\" target=\"_blank\">Caio Roberto &#8216;denuncia&#8217; que Nilvan foi filiado ao PT e aponta falta de democracia do comunicador, Gilberto e Walber<\/a> apareceu primeiro em <a rel=\"nofollow noopener\" href=\"https:\/\/wscom.com.br\/\" target=\"_blank\">WSCOM<\/a>.<\/p>\n","protected":false},"excerpt":{"rendered":"<p>O deputado estadual Caio Roberto (PL) denunciou nesta quinta-feira (27) que o comunicador Nilvan Ferreira, seu colega de partido, teria uma ficha de filia\u00e7\u00e3o no PT. A filia\u00e7\u00e3o teria sido anterior ao PL e validada pelo Tribunal Superior Eleitoral (TSE), disse. Ele ainda criticou Nilvan, Walber Virgolino e Cabo Gilberto por abrirem dissid\u00eancia no PL [\u2026]<\/p>\n<p>O post <a rel=\"nofollow\" href=\"https:\/\/wscom.com.br\/caio-roberto-denuncia-que-nilvan-foi-filiado-ao-pt-e-aponta-falta-de-democracia-do-comunicador-gilberto-e-walber\/\">Caio Roberto \u2018denuncia\u2019 que Nilvan foi filiado ao PT e aponta falta de democracia do comunicador, Gilberto e Walber<\/a> apareceu primeiro em <a rel=\"nofollow\" href=\"https:\/\/wscom.com.br\/\">WSCOM<\/a>.<\/p>\n","protected":false},"author":50,"featured_media":0,"comment_status":"closed","ping_status":"closed","sticky":false,"template":"","format":"standard","meta":{"advgb_blocks_editor_width":"","advgb_blocks_columns_visual_guide":"","footnotes":""},"categories":[4835,34,47,6257],"tags":[35],"class_list":["post-27223","post","type-post","status-publish","format-standard","hentry","category-caio","category-g1","category-politica","category-roberto","tag-g1"],"author_meta":{"display_name":"Wallyson","author_link":"https:\/\/sindaopcpb.org.br\/author\/wallyson\/"},"featured_img":null,"coauthors":[],"tax_additional":{"categories":{"linked":["<a href=\"https:\/\/sindaopcpb.org.br\/caio\/\" class=\"advgb-post-tax-term\">caio<\/a>","<a href=\"https:\/\/sindaopcpb.org.br\/g1\/\" class=\"advgb-post-tax-term\">G1<\/a>","<a href=\"https:\/\/sindaopcpb.org.br\/politica\/\" class=\"advgb-post-tax-term\">POLITICA<\/a>","<a href=\"https:\/\/sindaopcpb.org.br\/roberto\/\" class=\"advgb-post-tax-term\">roberto<\/a>"],"unlinked":["<span class=\"advgb-post-tax-term\">caio<\/span>","<span class=\"advgb-post-tax-term\">G1<\/span>","<span class=\"advgb-post-tax-term\">POLITICA<\/span>","<span class=\"advgb-post-tax-term\">roberto<\/span>"]},"tags":{"linked":["<a href=\"https:\/\/sindaopcpb.org.br\/roberto\/\" class=\"advgb-post-tax-term\">g1<\/a>"],"unlinked":["<span class=\"advgb-post-tax-term\">g1<\/span>"]}},"comment_count":"0","relative_dates":{"created":"Publicado 3 anos atr\u00e1s","modified":"Atualizado 3 anos atr\u00e1s"},"absolute_dates":{"created":"Publicado em 27 de julho de 2023","modified":"Atualizado em 27 de julho de 2023"},"absolute_dates_time":{"created":"Publicado em 27 de julho de 2023 12:39","modified":"Atualizado em 27 de julho de 2023 12:39"},"featured_img_caption":"","series_order":"","_links":{"self":[{"href":"https:\/\/sindaopcpb.org.br\/index.php\/wp-json\/wp\/v2\/posts\/27223","targetHints":{"allow":["GET"]}}],"collection":[{"href":"https:\/\/sindaopcpb.org.br\/index.php\/wp-json\/wp\/v2\/posts"}],"about":[{"href":"https:\/\/sindaopcpb.org.br\/index.php\/wp-json\/wp\/v2\/types\/post"}],"author":[{"embeddable":true,"href":"https:\/\/sindaopcpb.org.br\/index.php\/wp-json\/wp\/v2\/users\/50"}],"replies":[{"embeddable":true,"href":"https:\/\/sindaopcpb.org.br\/index.php\/wp-json\/wp\/v2\/comments?post=27223"}],"version-history":[{"count":1,"href":"https:\/\/sindaopcpb.org.br\/index.php\/wp-json\/wp\/v2\/posts\/27223\/revisions"}],"predecessor-version":[{"id":27224,"href":"https:\/\/sindaopcpb.org.br\/index.php\/wp-json\/wp\/v2\/posts\/27223\/revisions\/27224"}],"wp:attachment":[{"href":"https:\/\/sindaopcpb.org.br\/index.php\/wp-json\/wp\/v2\/media?parent=27223"}],"wp:term":[{"taxonomy":"category","embeddable":true,"href":"https:\/\/sindaopcpb.org.br\/index.php\/wp-json\/wp\/v2\/categories?post=27223"},{"taxonomy":"post_tag","embeddable":true,"href":"https:\/\/sindaopcpb.org.br\/index.php\/wp-json\/wp\/v2\/tags?post=27223"}],"curies":[{"name":"wp","href":"https:\/\/api.w.org\/{rel}","templated":true}]}}