{"id":27219,"date":"2023-07-27T12:19:23","date_gmt":"2023-07-27T15:19:23","guid":{"rendered":"https:\/\/g1.globo.com\/pb\/paraiba\/noticia\/2023\/07\/27\/ator-de-the-walking-dead-diz-que-joao-pessoa-e-uma-mistura-de-miami-com-barbados.ghtml"},"modified":"2023-07-27T12:19:23","modified_gmt":"2023-07-27T15:19:23","slug":"ator-de-the-walking-dead-diz-que-joao-pessoa-e-uma-mistura-de-miami-com-barbados","status":"publish","type":"post","link":"https:\/\/sindaopcpb.org.br\/index.php\/2023\/07\/27\/ator-de-the-walking-dead-diz-que-joao-pessoa-e-uma-mistura-de-miami-com-barbados\/","title":{"rendered":"Ator de &#8216;The Walking Dead&#8217; diz que Jo\u00e3o Pessoa \u00e9 uma mistura de Miami com Barbados"},"content":{"rendered":"   <img src=\"https:\/\/s2.glbimg.com\/nfD3JLLXjdk6VmD7HGOOz-lfdlU=\/i.s3.glbimg.com\/v1\/AUTH_59edd422c0c84a879bd37670ae4f538a\/internal_photos\/bs\/2023\/o\/X\/02FqMmTsi72Jhgc4OcVA\/seth-e-david.jpg\" \/><br \/>     Seth Gilliam, o padre Gabriel, est\u00e1 na Para\u00edba para participar do Imagineland, evento de cultura pop que come\u00e7a nesta sexta-feira (28) e conta ainda com Frank Miller e Maur\u00edcio de Sousa.\n Seth Gilliam, o padre Gabriel, de The Walking Dead, compara Jo\u00e3o Pessoa a Miami e Barbados\nO ator americano Seth Gilliam, que interpreta o padre Gabriel Stokes em \u201cThe Walking Dead\u201d, est\u00e1 visitando o Brasil pela primeira vez. Ele chegou \u00e0 Jo\u00e3o Pessoa na quarta-feira (26), para participar do evento de cultura pop Imagineland, que acontece na capital paraibana entre esta sexta (28) e o domingo (30). \nSeth chegou em Jo\u00e3o Pessoa por volta das 17h e o primeiro lugar que conheceu foi a orla da capital paraibana, que ele comparou a outros lugares onde esteve. \u201cMe lembrou uma mistura de Miami, na Fl\u00f3rida, com Barbados (no Caribe). Tem essa comunidade praieira, mas tamb\u00e9m bem calorosa, o clima, as cores do lugar, a arquitetura, esse tipo de coisa, o que \u00e9 bem legal\u201d, contou.\nDavid Ramsey (Arrow, The Flash) e Seth Gilliam (The Walking Dead) passeiam em shopping de Jo\u00e3o Pessoa\nReprodu\u00e7\u00e3o\/TV Cabo Branco\nDepois de visitar a praia, o ator foi jantar em um shopping, junto a outro ator que tamb\u00e9m vai participar do Imagineland, David Ramsey, o John Diggle, da s\u00e9rie \u201cArrow\u201d. No passeio, ambos tiraram fotos com f\u00e3s e tamb\u00e9m provaram a gastronomia regional.\nSeth Gilliam, o padre Gabriel de 'The Walking Dead', confirma presen\u00e7a em evento na PB\nDivulga\u00e7\u00e3o\/AMC \nPara Gilliam, a recep\u00e7\u00e3o que ele recebeu do povo brasileiro foi mais calorosa do que ele esperava. \u201cEu pensei que ia chegar e ter uma refei\u00e7\u00e3o tranquila antes do primeiro dia da conven\u00e7\u00e3o, mas onde eu estive, os olhos das pessoas cresceram e os sorrisos se abriram. Est\u00e1 sendo muito bonito\u201d, completou. \nAl\u00e9m de Seth Gilliam e David Ramsey, o Imagineland tamb\u00e9m vai contar com outras atra\u00e7\u00f5es nacionais e internacionais, a exemplo de Maur\u00edcio de Sousa, criador da Turma da M\u00f4nica; do ator mexicano Edgar Vivar (Senhor Barriga e Nhonho, de \u201cChaves\u201d); o roteirista e desenhista Frank Miller (\u201c300\u201d, \u201cSin City\u201d); e Julie Caitlin Brown (\u201cStar Trek\u201d, \u201cBabylon 5\u201d). O evento ainda tem presen\u00e7a confirmada de dubladores e outras figuras do universo geek. \nOs ingressos do evento j\u00e1 est\u00e3o \u00e0 venda pela internet.\nAtores de 'Arrow' e 'The Walking Dead' estar\u00e3o no Imagineland nesta sexta (28), em JP\nServi\u00e7o\nImagineland\nData: 28 e 29 de julho de 2023;\nLocal: Centro de Conve\u00e7\u00f5es, em Jo\u00e3o Pessoa;\nIngressos: a partir de R$ 89, \u00e0 venda pela internet.\nV\u00eddeos mais assistidos da Para\u00edba  ","protected":false},"excerpt":{"rendered":"<p>        Seth Gilliam, o padre Gabriel, est\u00e1 na Para\u00edba para participar do Imagineland, evento de cultura pop que come\u00e7a nesta sexta-feira (28) e conta ainda com Frank Miller e Maur\u00edcio de Sousa.<br \/>\n Seth Gilliam, o padre Gabriel, de The Walking Dead, comp&#8230;<\/p>\n","protected":false},"author":2,"featured_media":0,"comment_status":"closed","ping_status":"closed","sticky":false,"template":"","format":"standard","meta":{"advgb_blocks_editor_width":"","advgb_blocks_columns_visual_guide":"","footnotes":""},"categories":[34],"tags":[35],"class_list":["post-27219","post","type-post","status-publish","format-standard","hentry","category-g1","tag-g1"],"author_meta":{"display_name":"g1 &gt; Para\u00edba","author_link":"https:\/\/sindaopcpb.org.br\/author\/g1-paraiba\/"},"featured_img":null,"coauthors":[],"tax_additional":{"categories":{"linked":["<a href=\"https:\/\/sindaopcpb.org.br\/g1\/\" class=\"advgb-post-tax-term\">G1<\/a>"],"unlinked":["<span class=\"advgb-post-tax-term\">G1<\/span>"]},"tags":{"linked":["<a href=\"https:\/\/sindaopcpb.org.br\/g1\/\" class=\"advgb-post-tax-term\">g1<\/a>"],"unlinked":["<span class=\"advgb-post-tax-term\">g1<\/span>"]}},"comment_count":"0","relative_dates":{"created":"Publicado 3 anos atr\u00e1s","modified":"Atualizado 3 anos atr\u00e1s"},"absolute_dates":{"created":"Publicado em 27 de julho de 2023","modified":"Atualizado em 27 de julho de 2023"},"absolute_dates_time":{"created":"Publicado em 27 de julho de 2023 12:19","modified":"Atualizado em 27 de julho de 2023 12:19"},"featured_img_caption":"","series_order":"","_links":{"self":[{"href":"https:\/\/sindaopcpb.org.br\/index.php\/wp-json\/wp\/v2\/posts\/27219","targetHints":{"allow":["GET"]}}],"collection":[{"href":"https:\/\/sindaopcpb.org.br\/index.php\/wp-json\/wp\/v2\/posts"}],"about":[{"href":"https:\/\/sindaopcpb.org.br\/index.php\/wp-json\/wp\/v2\/types\/post"}],"author":[{"embeddable":true,"href":"https:\/\/sindaopcpb.org.br\/index.php\/wp-json\/wp\/v2\/users\/2"}],"replies":[{"embeddable":true,"href":"https:\/\/sindaopcpb.org.br\/index.php\/wp-json\/wp\/v2\/comments?post=27219"}],"version-history":[{"count":1,"href":"https:\/\/sindaopcpb.org.br\/index.php\/wp-json\/wp\/v2\/posts\/27219\/revisions"}],"predecessor-version":[{"id":27220,"href":"https:\/\/sindaopcpb.org.br\/index.php\/wp-json\/wp\/v2\/posts\/27219\/revisions\/27220"}],"wp:attachment":[{"href":"https:\/\/sindaopcpb.org.br\/index.php\/wp-json\/wp\/v2\/media?parent=27219"}],"wp:term":[{"taxonomy":"category","embeddable":true,"href":"https:\/\/sindaopcpb.org.br\/index.php\/wp-json\/wp\/v2\/categories?post=27219"},{"taxonomy":"post_tag","embeddable":true,"href":"https:\/\/sindaopcpb.org.br\/index.php\/wp-json\/wp\/v2\/tags?post=27219"}],"curies":[{"name":"wp","href":"https:\/\/api.w.org\/{rel}","templated":true}]}}