{"id":27211,"date":"2023-07-27T09:52:00","date_gmt":"2023-07-27T12:52:00","guid":{"rendered":"https:\/\/www.infomoney.com.br\/?p=2198025"},"modified":"2023-07-27T09:52:00","modified_gmt":"2023-07-27T12:52:00","slug":"simone-tebet-diz-que-nao-conversou-com-lula-sobre-marcio-pochmann-no-ibge","status":"publish","type":"post","link":"https:\/\/sindaopcpb.org.br\/index.php\/2023\/07\/27\/simone-tebet-diz-que-nao-conversou-com-lula-sobre-marcio-pochmann-no-ibge\/","title":{"rendered":"SImone Tebet diz que n\u00e3o conversou com Lula sobre Marcio Pochmann no IBGE"},"content":{"rendered":"<p><img loading=\"lazy\" width=\"300\" height=\"224\" src=\"https:\/\/www.infomoney.com.br\/wp-content\/uploads\/2019\/06\/marcio-pochmann.jpg?fit=300%2C224&amp;quality=70&amp;strip=all\" class=\"attachment-medium size-medium wp-post-image\" alt=\"\" decoding=\"async\" style=\"float:right; margin:0 0 10px 10px;\" srcset=\"https:\/\/www.infomoney.com.br\/wp-content\/uploads\/2019\/06\/marcio-pochmann.jpg?w=455&amp;quality=70&amp;strip=all 455w, https:\/\/www.infomoney.com.br\/wp-content\/uploads\/2019\/06\/marcio-pochmann.jpg?w=300&amp;quality=70&amp;strip=all 300w, https:\/\/www.infomoney.com.br\/wp-content\/uploads\/2019\/06\/marcio-pochmann.jpg?w=150&amp;quality=70&amp;strip=all 150w\" sizes=\"auto, (max-width: 300px) 100vw, 300px\" data-attachment-id=\"53473\" data-permalink=\"https:\/\/www.infomoney.com.br\/marcio-pochmann\/\" data-orig-file=\"https:\/\/www.infomoney.com.br\/wp-content\/uploads\/2019\/06\/marcio-pochmann.jpg?fit=455%2C340&amp;quality=70&amp;strip=all\" data-orig-size=\"455,340\" data-comments-opened=\"1\" data-image-meta=\"{&quot;aperture&quot;:&quot;0&quot;,&quot;credit&quot;:&quot;&quot;,&quot;camera&quot;:&quot;&quot;,&quot;caption&quot;:&quot;&quot;,&quot;created_timestamp&quot;:&quot;0&quot;,&quot;copyright&quot;:&quot;&quot;,&quot;focal_length&quot;:&quot;0&quot;,&quot;iso&quot;:&quot;0&quot;,&quot;shutter_speed&quot;:&quot;0&quot;,&quot;title&quot;:&quot;&quot;,&quot;orientation&quot;:&quot;0&quot;}\" data-image-title=\"marcio-pochmann\" data-image-description=\"\" data-image-caption=\"\" data-medium-file=\"https:\/\/www.infomoney.com.br\/wp-content\/uploads\/2019\/06\/marcio-pochmann.jpg?fit=300%2C224&amp;quality=70&amp;strip=all\" data-large-file=\"https:\/\/www.infomoney.com.br\/wp-content\/uploads\/2019\/06\/marcio-pochmann.jpg?fit=455%2C340&amp;quality=70&amp;strip=all\" title=\"\"><\/p>\n<p>A ministra do Planejamento e Or\u00e7amento, Simone Tebet, disse n\u00e3o ter tratado sobre a escolha do economista Marcio Pochmann para o comando do Instituto Brasileiro de Geografia e Estat\u00edstica (IBGE) com o presidente Luiz In\u00e1cio Lula da Silva.<\/p>\n<p>&#8220;N\u00e3o conversei com o presidente da Rep\u00fablica sobre esse assunto&#8221;, afirmou Tebet nesta quarta-feira, 26, \u00e0 <i>GloboNews<\/i>. Horas ap\u00f3s a grava\u00e7\u00e3o da entrevista, o Pal\u00e1cio do Planalto confirmou a indica\u00e7\u00e3o de Pochmann.<\/p>\n<p>&#8220;N\u00e3o estamos tratando de IBGE, at\u00e9 porque seria um desrespeito com um presidente que est\u00e1 hoje l\u00e1 e que tem um ciclo que n\u00e3o se encerrou&#8221;, disse a ministra, em refer\u00eancia ao atual chefe do \u00f3rg\u00e3o, Cimar Azeredo, que ocupa o cargo interinamente desde janeiro.<\/p>\n<p>Tebet afirmou que n\u00e3o conhece Pochmann, que presidiu o Instituto de Pesquisa Econ\u00f4mica Aplicada (Ipea) entre 2007 e 2012, durante gest\u00f5es petistas. No mesmo per\u00edodo, a ministra foi prefeita da cidade de Tr\u00eas Lagoas (MS) e vice-governadora do Mato Grosso do Sul. &#8220;N\u00e3o o conhe\u00e7o, no momento em que ele estava no governo, eu estava no meu Estado&#8221;, disse Tebet. &#8220;Como n\u00e3o sou economista e n\u00e3o o conhe\u00e7o, n\u00e3o posso fazer nenhuma considera\u00e7\u00e3o.&#8221;<\/p>\n<p>The post <a rel=\"nofollow noopener\" href=\"https:\/\/www.infomoney.com.br\/politica\/simone-tebet-diz-que-nao-conversou-com-lula-sobre-marcio-pochmann-no-ibge\/\" target=\"_blank\">SImone Tebet diz que n\u00e3o conversou com Lula sobre Marcio Pochmann no IBGE<\/a> appeared first on <a rel=\"nofollow noopener\" href=\"https:\/\/www.infomoney.com.br\/\" target=\"_blank\">InfoMoney<\/a>.<\/p>\n","protected":false},"excerpt":{"rendered":"<p><img loading=\"lazy\" decoding=\"async\" width=\"300\" height=\"224\" src=\"https:\/\/www.infomoney.com.br\/wp-content\/uploads\/2019\/06\/marcio-pochmann.jpg?fit=300%2C224&amp;quality=70&amp;strip=all\" class=\"attachment-medium size-medium wp-post-image\" alt=\"\" data-attachment-id=\"53473\" data-permalink=\"https:\/\/www.infomoney.com.br\/marcio-pochmann\/\" data-orig-file=\"https:\/\/www.infomoney.com.br\/wp-content\/uploads\/2019\/06\/marcio-pochmann.jpg?fit=455%2C340&amp;quality=70&amp;strip=all\" data-orig-size=\"455,340\" data-comments-opened=\"1\" data-image-meta='{\"aperture\":\"0\",\"credit\":\"\",\"camera\":\"\",\"caption\":\"\",\"created_timestamp\":\"0\",\"copyright\":\"\",\"focal_length\":\"0\",\"iso\":\"0\",\"shutter_speed\":\"0\",\"title\":\"\",\"orientation\":\"0\"}' data-image-title=\"marcio-pochmann\" data-image-description=\"\" data-image-caption=\"\" data-medium-file=\"https:\/\/www.infomoney.com.br\/wp-content\/uploads\/2019\/06\/marcio-pochmann.jpg?fit=300%2C224&amp;quality=70&amp;strip=all\" data-large-file=\"https:\/\/www.infomoney.com.br\/wp-content\/uploads\/2019\/06\/marcio-pochmann.jpg?fit=455%2C340&amp;quality=70&amp;strip=all\">Ministra afirmou que n\u00e3o conhece o economista, que presidiu o Ipea entre 2007 e 2012, durante gest\u00f5es petistas<\/p>\n<p>The post <a rel=\"nofollow\" href=\"https:\/\/www.infomoney.com.br\/politica\/simone-tebet-diz-que-nao-conversou-com-lula-sobre-marcio-pochmann-no-ibge\/\">SImone Tebet diz que n\u00e3o conversou com Lula sobre Marcio Pochmann no IBGE<\/a> appeared first on <a rel=\"nofollow\" href=\"https:\/\/www.infomoney.com.br\/\">InfoMoney<\/a>.<\/p>\n","protected":false},"author":43,"featured_media":0,"comment_status":"closed","ping_status":"closed","sticky":false,"template":"","format":"standard","meta":{"advgb_blocks_editor_width":"","advgb_blocks_columns_visual_guide":"","footnotes":""},"categories":[34,187,600,422,47,360],"tags":[35],"class_list":["post-27211","post","type-post","status-publish","format-standard","hentry","category-g1","category-governo-federal","category-ibge","category-palacio-do-planalto","category-politica","category-simone-tebet","tag-g1"],"author_meta":{"display_name":"Estad\u00e3o Conte\u00fado","author_link":"https:\/\/sindaopcpb.org.br\/author\/estadao-conteudo\/"},"featured_img":null,"coauthors":[],"tax_additional":{"categories":{"linked":["<a href=\"https:\/\/sindaopcpb.org.br\/g1\/\" class=\"advgb-post-tax-term\">G1<\/a>","<a href=\"https:\/\/sindaopcpb.org.br\/governo-federal\/\" class=\"advgb-post-tax-term\">Governo Federal<\/a>","<a href=\"https:\/\/sindaopcpb.org.br\/ibge\/\" class=\"advgb-post-tax-term\">IBGE<\/a>","<a href=\"https:\/\/sindaopcpb.org.br\/palacio-do-planalto\/\" class=\"advgb-post-tax-term\">Pal\u00e1cio do Planalto<\/a>","<a href=\"https:\/\/sindaopcpb.org.br\/politica\/\" class=\"advgb-post-tax-term\">POLITICA<\/a>","<a href=\"https:\/\/sindaopcpb.org.br\/simone-tebet\/\" class=\"advgb-post-tax-term\">Simone Tebet<\/a>"],"unlinked":["<span class=\"advgb-post-tax-term\">G1<\/span>","<span class=\"advgb-post-tax-term\">Governo Federal<\/span>","<span class=\"advgb-post-tax-term\">IBGE<\/span>","<span class=\"advgb-post-tax-term\">Pal\u00e1cio do Planalto<\/span>","<span class=\"advgb-post-tax-term\">POLITICA<\/span>","<span class=\"advgb-post-tax-term\">Simone Tebet<\/span>"]},"tags":{"linked":["<a href=\"https:\/\/sindaopcpb.org.br\/simone-tebet\/\" class=\"advgb-post-tax-term\">g1<\/a>"],"unlinked":["<span class=\"advgb-post-tax-term\">g1<\/span>"]}},"comment_count":"0","relative_dates":{"created":"Publicado 3 anos atr\u00e1s","modified":"Atualizado 3 anos atr\u00e1s"},"absolute_dates":{"created":"Publicado em 27 de julho de 2023","modified":"Atualizado em 27 de julho de 2023"},"absolute_dates_time":{"created":"Publicado em 27 de julho de 2023 09:52","modified":"Atualizado em 27 de julho de 2023 09:52"},"featured_img_caption":"","series_order":"","_links":{"self":[{"href":"https:\/\/sindaopcpb.org.br\/index.php\/wp-json\/wp\/v2\/posts\/27211","targetHints":{"allow":["GET"]}}],"collection":[{"href":"https:\/\/sindaopcpb.org.br\/index.php\/wp-json\/wp\/v2\/posts"}],"about":[{"href":"https:\/\/sindaopcpb.org.br\/index.php\/wp-json\/wp\/v2\/types\/post"}],"author":[{"embeddable":true,"href":"https:\/\/sindaopcpb.org.br\/index.php\/wp-json\/wp\/v2\/users\/43"}],"replies":[{"embeddable":true,"href":"https:\/\/sindaopcpb.org.br\/index.php\/wp-json\/wp\/v2\/comments?post=27211"}],"version-history":[{"count":1,"href":"https:\/\/sindaopcpb.org.br\/index.php\/wp-json\/wp\/v2\/posts\/27211\/revisions"}],"predecessor-version":[{"id":27212,"href":"https:\/\/sindaopcpb.org.br\/index.php\/wp-json\/wp\/v2\/posts\/27211\/revisions\/27212"}],"wp:attachment":[{"href":"https:\/\/sindaopcpb.org.br\/index.php\/wp-json\/wp\/v2\/media?parent=27211"}],"wp:term":[{"taxonomy":"category","embeddable":true,"href":"https:\/\/sindaopcpb.org.br\/index.php\/wp-json\/wp\/v2\/categories?post=27211"},{"taxonomy":"post_tag","embeddable":true,"href":"https:\/\/sindaopcpb.org.br\/index.php\/wp-json\/wp\/v2\/tags?post=27211"}],"curies":[{"name":"wp","href":"https:\/\/api.w.org\/{rel}","templated":true}]}}