{"id":27199,"date":"2023-07-27T10:07:42","date_gmt":"2023-07-27T13:07:42","guid":{"rendered":"https:\/\/wpa.wscom.com.br\/?p=914242"},"modified":"2023-07-27T10:07:42","modified_gmt":"2023-07-27T13:07:42","slug":"entenda-como-a-fisioterapia-ajuda-em-casos-de-doencas-respiratorias","status":"publish","type":"post","link":"https:\/\/sindaopcpb.org.br\/index.php\/2023\/07\/27\/entenda-como-a-fisioterapia-ajuda-em-casos-de-doencas-respiratorias\/","title":{"rendered":"Entenda como a fisioterapia ajuda em casos de doen\u00e7as respirat\u00f3rias"},"content":{"rendered":"<p>Estamos oficialmente no inverno e, no Nordeste, as mudan\u00e7as bruscas de temperatura podem causar resfriados, aflorar alergias e at\u00e9 mesmo contribuir para crises respirat\u00f3rias em quem tem asma ou bronquite, por exemplo. Al\u00e9m do tratamento medicamentoso, a fisioterapia \u00e9 uma aliada no al\u00edvio dos sintomas e fortalecimento pulmonar.<\/p>\n<p>A fisioterapia respirat\u00f3ria \u00e9 essencial para a melhora da circula\u00e7\u00e3o do oxig\u00eanio no organismo, ajudando ainda na expuls\u00e3o de secre\u00e7\u00f5es das vias a\u00e9reas e aumentando a capacidade ventilat\u00f3ria dos pulm\u00f5es. \u201cOs principais objetivos da interven\u00e7\u00e3o [fisioterapia] incluem redu\u00e7\u00e3o do desconforto respirat\u00f3rio e da falta de ar, melhora da for\u00e7a muscular respirat\u00f3ria e, consequentemente, o desempenho cardiorrespirat\u00f3rio, al\u00e9m da higiene br\u00f4nquica, se necess\u00e1rio\u201d, explica o fisioterapeuta Jo\u00e3o Lucas Melo, da equipe do Espa\u00e7o Vida, unidade pr\u00f3pria da Unimed Jo\u00e3o Pessoa que oferece atendimento em fisioterapia e outras pr\u00e1ticas voltadas para a promo\u00e7\u00e3o da sa\u00fade.<\/p>\n<p><strong>INDICA\u00c7\u00c3O<\/strong><br \/>\nA fisioterapia respirat\u00f3ria ganhou mais evid\u00eancia durante a pandemia da covid-19, tanto ao longo do tratamento em pacientes internados, quanto naqueles que ficaram com sequelas pulmonares e tiveram que passar por reabilita\u00e7\u00e3o ap\u00f3s a infec\u00e7\u00e3o.<\/p>\n<p>Para quem j\u00e1 tem o diagn\u00f3stico de doen\u00e7as respirat\u00f3rias, a fisioterapia \u00e9 parte importante do tratamento, principalmente no grupo de pessoas mais vulner\u00e1veis, como crian\u00e7as e idosos. Mas, ela tamb\u00e9m \u00e9 indicada para quem apresenta dificuldades respirat\u00f3rias em consequ\u00eancia de problemas menos graves, como resfriados e sinusite. Em ambos os casos, os especialistas asseguram que haver\u00e1 melhora da qualidade de vida. \u201cA fisioterapia disp\u00f5e de equipamentos e t\u00e9cnicas manuais que facilitam o processo anti-inflamat\u00f3rio, acelerando a recupera\u00e7\u00e3o. Por isso, pode ser feita de maneira preventiva, para que seja evitada a piora no quadro cl\u00ednico, principalmente em per\u00edodos de inverno\u201d, acrescentou Jo\u00e3o Lucas.<\/p>\n<p><strong>ACOMPANHAMENTO PROFISSIONAL<\/strong><\/p>\n<p>Seja ao sentir algum desconforto respirat\u00f3rio por doen\u00e7a j\u00e1 existente ou para o fortalecimento pulmonar para respirar melhor, o acompanhamento profissional \u00e9 essencial para obter resultados satisfat\u00f3rios. Com a avalia\u00e7\u00e3o de um fisioterapeuta, \u00e9 poss\u00edvel aprender t\u00e9cnicas para fazer em casa, como a lavagem nasal e ainda exerc\u00edcios de respira\u00e7\u00e3o. \u201cOs exerc\u00edcios aer\u00f3bicos e de fortalecimento muscular respirat\u00f3rio monitorados pelo fisioterapeuta s\u00e3o essenciais. At\u00e9 mesmo os idosos e pacientes com doen\u00e7as pulmonares preexistentes devem praticar atividades para fortalecer a musculatura respirat\u00f3ria\u201d, ressaltou Jo\u00e3o Lucas.<\/p>\n<p>A servidora p\u00fablica Adriana Guedes faz fisioterapia respirat\u00f3ria no Espa\u00e7o Vida h\u00e1 sete meses, como parte importante para o tratamento de asma e fibromialgia. Ela conta que os exerc\u00edcios t\u00eam melhorado a qualidade de vida de forma geral. \u201cA pr\u00e1tica da fisioterapia respirat\u00f3ria \u00e9 indicada para melhorar a condi\u00e7\u00e3o ventilat\u00f3ria do meu comprometimento pulmonar. O acompanhamento tem me auxiliado muito e diminuiu drasticamente as crises asm\u00e1ticas\u201d, revelou.<\/p>\n<p><strong>MAIS SA\u00daDE<\/strong><\/p>\n<p>O Espa\u00e7o Vida disp\u00f5e de todos os equipamentos necess\u00e1rios para reabilita\u00e7\u00e3o f\u00edsica e para tratamento de problemas respirat\u00f3rios, cardiorrespirat\u00f3rios, ortop\u00e9dicos, neurol\u00f3gicos, p\u00e9lvicos, obst\u00e9tricos, al\u00e9m de atendimentos em gerontologia e pediatria. A equipe assistencial inclui profissionais capacitados para realizar a reabilita\u00e7\u00e3o e acompanhar os pacientes, focando na recupera\u00e7\u00e3o funcional e reestabelecimento da qualidade de vida.<\/p>\n<p>Localizada em uma \u00e1rea verde, na Avenida Epit\u00e1cio Pessoa, a unidade disp\u00f5e de um amplo jardim onde tamb\u00e9m s\u00e3o realizadas pr\u00e1ticas hol\u00edsticas e integrativas, como yoga, biodan\u00e7a, dan\u00e7a circular, ventosaterapia, auriculoterapia, relaxamento e aromaterapia. S\u00e3o atividades que trazem, sobretudo, benef\u00edcios para a sa\u00fade mental dos pacientes.<\/p>\n<p>O Espa\u00e7o Vida funciona de segunda a sexta-feira. No caso da fisioterapia, \u00e9 necess\u00e1rio encaminhamento m\u00e9dico. O cliente pode agendar o atendimento pelo aplicativo, Portal Unimed JP (<a href=\"http:\/\/www.unimedjp.com.br\/cliente\" rel=\"noopener nofollow\" target=\"_blank\">www.unimedjp.com.br\/cliente<\/a>) e SAC (0800-725-1200). Mais informa\u00e7\u00f5es pelo telefone 2106-0633.<\/p>\n<p>O post <a rel=\"nofollow noopener\" href=\"https:\/\/wscom.com.br\/entenda-como-a-fisioterapia-ajuda-em-casos-de-doencas-respiratorias\/\" target=\"_blank\">Entenda como a fisioterapia ajuda em casos de doen\u00e7as respirat\u00f3rias<\/a> apareceu primeiro em <a rel=\"nofollow noopener\" href=\"https:\/\/wscom.com.br\/\" target=\"_blank\">WSCOM<\/a>.<\/p>\n","protected":false},"excerpt":{"rendered":"<p>Estamos oficialmente no inverno e, no Nordeste, as mudan\u00e7as bruscas de temperatura podem causar resfriados, aflorar alergias e at\u00e9 mesmo contribuir para crises respirat\u00f3rias em quem tem asma ou bronquite, por exemplo. Al\u00e9m do tratamento medicamentoso, a fisioterapia \u00e9 uma aliada no al\u00edvio dos sintomas e fortalecimento pulmonar. A fisioterapia respirat\u00f3ria \u00e9 essencial para a [\u2026]<\/p>\n<p>O post <a rel=\"nofollow\" href=\"https:\/\/wscom.com.br\/entenda-como-a-fisioterapia-ajuda-em-casos-de-doencas-respiratorias\/\">Entenda como a fisioterapia ajuda em casos de doen\u00e7as respirat\u00f3rias<\/a> apareceu primeiro em <a rel=\"nofollow\" href=\"https:\/\/wscom.com.br\/\">WSCOM<\/a>.<\/p>\n","protected":false},"author":50,"featured_media":0,"comment_status":"closed","ping_status":"closed","sticky":false,"template":"","format":"standard","meta":{"advgb_blocks_editor_width":"","advgb_blocks_columns_visual_guide":"","footnotes":""},"categories":[7018,34,90],"tags":[35],"class_list":["post-27199","post","type-post","status-publish","format-standard","hentry","category-fisioterapia","category-g1","category-saude","tag-g1"],"author_meta":{"display_name":"Wallyson","author_link":"https:\/\/sindaopcpb.org.br\/author\/wallyson\/"},"featured_img":null,"coauthors":[],"tax_additional":{"categories":{"linked":["<a href=\"https:\/\/sindaopcpb.org.br\/fisioterapia\/\" class=\"advgb-post-tax-term\">FISIOTERAPIA<\/a>","<a href=\"https:\/\/sindaopcpb.org.br\/g1\/\" class=\"advgb-post-tax-term\">G1<\/a>","<a href=\"https:\/\/sindaopcpb.org.br\/saude\/\" class=\"advgb-post-tax-term\">Sa\u00fade<\/a>"],"unlinked":["<span class=\"advgb-post-tax-term\">FISIOTERAPIA<\/span>","<span class=\"advgb-post-tax-term\">G1<\/span>","<span class=\"advgb-post-tax-term\">Sa\u00fade<\/span>"]},"tags":{"linked":["<a href=\"https:\/\/sindaopcpb.org.br\/saude\/\" class=\"advgb-post-tax-term\">g1<\/a>"],"unlinked":["<span class=\"advgb-post-tax-term\">g1<\/span>"]}},"comment_count":"0","relative_dates":{"created":"Publicado 3 anos atr\u00e1s","modified":"Atualizado 3 anos atr\u00e1s"},"absolute_dates":{"created":"Publicado em 27 de julho de 2023","modified":"Atualizado em 27 de julho de 2023"},"absolute_dates_time":{"created":"Publicado em 27 de julho de 2023 10:07","modified":"Atualizado em 27 de julho de 2023 10:07"},"featured_img_caption":"","series_order":"","_links":{"self":[{"href":"https:\/\/sindaopcpb.org.br\/index.php\/wp-json\/wp\/v2\/posts\/27199","targetHints":{"allow":["GET"]}}],"collection":[{"href":"https:\/\/sindaopcpb.org.br\/index.php\/wp-json\/wp\/v2\/posts"}],"about":[{"href":"https:\/\/sindaopcpb.org.br\/index.php\/wp-json\/wp\/v2\/types\/post"}],"author":[{"embeddable":true,"href":"https:\/\/sindaopcpb.org.br\/index.php\/wp-json\/wp\/v2\/users\/50"}],"replies":[{"embeddable":true,"href":"https:\/\/sindaopcpb.org.br\/index.php\/wp-json\/wp\/v2\/comments?post=27199"}],"version-history":[{"count":1,"href":"https:\/\/sindaopcpb.org.br\/index.php\/wp-json\/wp\/v2\/posts\/27199\/revisions"}],"predecessor-version":[{"id":27200,"href":"https:\/\/sindaopcpb.org.br\/index.php\/wp-json\/wp\/v2\/posts\/27199\/revisions\/27200"}],"wp:attachment":[{"href":"https:\/\/sindaopcpb.org.br\/index.php\/wp-json\/wp\/v2\/media?parent=27199"}],"wp:term":[{"taxonomy":"category","embeddable":true,"href":"https:\/\/sindaopcpb.org.br\/index.php\/wp-json\/wp\/v2\/categories?post=27199"},{"taxonomy":"post_tag","embeddable":true,"href":"https:\/\/sindaopcpb.org.br\/index.php\/wp-json\/wp\/v2\/tags?post=27199"}],"curies":[{"name":"wp","href":"https:\/\/api.w.org\/{rel}","templated":true}]}}