{"id":27193,"date":"2023-07-27T09:08:48","date_gmt":"2023-07-27T12:08:48","guid":{"rendered":"https:\/\/g1.globo.com\/pb\/paraiba\/noticia\/2023\/07\/27\/anatel-libera-o-5g-em-mais-seis-cidades-da-pb-veja-quais-sao.ghtml"},"modified":"2023-07-27T09:08:48","modified_gmt":"2023-07-27T12:08:48","slug":"anatel-libera-o-5g-em-mais-seis-cidades-da-pb-veja-quais-sao","status":"publish","type":"post","link":"https:\/\/sindaopcpb.org.br\/index.php\/2023\/07\/27\/anatel-libera-o-5g-em-mais-seis-cidades-da-pb-veja-quais-sao\/","title":{"rendered":"Anatel libera o 5G em mais seis cidades da PB; veja quais s\u00e3o"},"content":{"rendered":"   <img src=\"https:\/\/s2.glbimg.com\/rbwDsqPtt2KdSKmexTz8r0uBQAs=\/i.s3.glbimg.com\/v1\/AUTH_59edd422c0c84a879bd37670ae4f538a\/internal_photos\/bs\/2023\/s\/c\/NAXrzYQS2PivBicAIDuA\/5g-no-amazonas-g1.jpeg\" \/><br \/>     Mesmo com a libera\u00e7\u00e3o de mais cidades, empresas que podem explorar esse servi\u00e7o no estado est\u00e3o focadas em Jo\u00e3o Pessoa e Campina Grande. 5G em celulares\nCamila Vasconcelos\/g1\nA Ag\u00eancia Nacional de Telecomunica\u00e7\u00f5es (Anatel) liberou a ativa\u00e7\u00e3o de esta\u00e7\u00f5es 5G na faixa de 3,5GHz em mais seis cidades da Para\u00edba (confira lista de cidades abaixo). A partir do dia 31 de julho, as prestadoras que adquiriram lotes na faixa de 3,5 GHz poder\u00e3o solicitar \u00e0 Anatel a ativa\u00e7\u00e3o dessas faixas.\nApesar de mais cidades estarem sendo preparadas para receber a tecnologia 5G, as empresas que t\u00eam concess\u00e3o de explorar o servi\u00e7o no Estado (Claro, TIM e Vivo) demonstram estar focadas em Jo\u00e3o Pessoa e Campina Grande com a promessa de uma amplia\u00e7\u00e3o gradativa nos pr\u00f3ximos meses e anos.\nPara facilitar o acompanhamento dos munic\u00edpios que est\u00e3o sendo liberados, o Grupo de Acompanhamento da Implanta\u00e7\u00e3o das Solu\u00e7\u00f5es para os Problemas de Interfer\u00eancia na faixa de 3.625 a 3.700 MHz (Gaispi) disponibiliza um painel de dados apresentando os munic\u00edpios em que a faixa de 3,5 GHz j\u00e1 se encontra liberada e, o planejamento para as \u00e1reas que ser\u00e3o liberadas.\nLista de cidades paraibanas\u00a0\nConfira a lista de novas cidades paraibanas liberadas pela Anatel:\nBarra de Santana;\nIng\u00e1;\nItatuba;\nItabaiana;\nPilar;\nMogeiro.\nNovas antenas parab\u00f3licas\nCom a chegada do 5G, pessoas que recebem a transmiss\u00e3o da TV aberta pela antena parab\u00f3lica v\u00e3o precisar adaptar o equipamento para evitar interfer\u00eancias no sinal.\nOs inscritos no Cadastro \u00danico para Programas Sociais do Governo Federal (Cad\u00danico) que recebem sinal da TV aberta por parab\u00f3lica podem solicitar o kit gratuito para a adapta\u00e7\u00e3o do equipamento \u00e0 Siga Antenado. Para isso, \u00e9 necess\u00e1rio que um agendamento seja feito atrav\u00e9s do site da Siga Antenado ou pelo telefone\u00a0 0800-729-2404.\nV\u00eddeos mais assistidos do g1 Para\u00edba  ","protected":false},"excerpt":{"rendered":"<p>        Mesmo com a libera\u00e7\u00e3o de mais cidades, empresas que podem explorar esse servi\u00e7o no estado est\u00e3o focadas em Jo\u00e3o Pessoa e Campina Grande. 5G em celulares<br \/>\nCamila Vasconcelos\/g1<br \/>\nA Ag\u00eancia Nacional de Telecomunica\u00e7\u00f5es (Anatel) liberou a ativa\u00e7\u00e3o de&#8230;<\/p>\n","protected":false},"author":2,"featured_media":0,"comment_status":"closed","ping_status":"closed","sticky":false,"template":"","format":"standard","meta":{"advgb_blocks_editor_width":"","advgb_blocks_columns_visual_guide":"","footnotes":""},"categories":[34],"tags":[35],"class_list":["post-27193","post","type-post","status-publish","format-standard","hentry","category-g1","tag-g1"],"author_meta":{"display_name":"g1 &gt; Para\u00edba","author_link":"https:\/\/sindaopcpb.org.br\/author\/g1-paraiba\/"},"featured_img":null,"coauthors":[],"tax_additional":{"categories":{"linked":["<a href=\"https:\/\/sindaopcpb.org.br\/g1\/\" class=\"advgb-post-tax-term\">G1<\/a>"],"unlinked":["<span class=\"advgb-post-tax-term\">G1<\/span>"]},"tags":{"linked":["<a href=\"https:\/\/sindaopcpb.org.br\/g1\/\" class=\"advgb-post-tax-term\">g1<\/a>"],"unlinked":["<span class=\"advgb-post-tax-term\">g1<\/span>"]}},"comment_count":"0","relative_dates":{"created":"Publicado 3 anos atr\u00e1s","modified":"Atualizado 3 anos atr\u00e1s"},"absolute_dates":{"created":"Publicado em 27 de julho de 2023","modified":"Atualizado em 27 de julho de 2023"},"absolute_dates_time":{"created":"Publicado em 27 de julho de 2023 09:08","modified":"Atualizado em 27 de julho de 2023 09:08"},"featured_img_caption":"","series_order":"","_links":{"self":[{"href":"https:\/\/sindaopcpb.org.br\/index.php\/wp-json\/wp\/v2\/posts\/27193","targetHints":{"allow":["GET"]}}],"collection":[{"href":"https:\/\/sindaopcpb.org.br\/index.php\/wp-json\/wp\/v2\/posts"}],"about":[{"href":"https:\/\/sindaopcpb.org.br\/index.php\/wp-json\/wp\/v2\/types\/post"}],"author":[{"embeddable":true,"href":"https:\/\/sindaopcpb.org.br\/index.php\/wp-json\/wp\/v2\/users\/2"}],"replies":[{"embeddable":true,"href":"https:\/\/sindaopcpb.org.br\/index.php\/wp-json\/wp\/v2\/comments?post=27193"}],"version-history":[{"count":1,"href":"https:\/\/sindaopcpb.org.br\/index.php\/wp-json\/wp\/v2\/posts\/27193\/revisions"}],"predecessor-version":[{"id":27194,"href":"https:\/\/sindaopcpb.org.br\/index.php\/wp-json\/wp\/v2\/posts\/27193\/revisions\/27194"}],"wp:attachment":[{"href":"https:\/\/sindaopcpb.org.br\/index.php\/wp-json\/wp\/v2\/media?parent=27193"}],"wp:term":[{"taxonomy":"category","embeddable":true,"href":"https:\/\/sindaopcpb.org.br\/index.php\/wp-json\/wp\/v2\/categories?post=27193"},{"taxonomy":"post_tag","embeddable":true,"href":"https:\/\/sindaopcpb.org.br\/index.php\/wp-json\/wp\/v2\/tags?post=27193"}],"curies":[{"name":"wp","href":"https:\/\/api.w.org\/{rel}","templated":true}]}}